{"id":7018,"date":"2013-03-27T05:58:00","date_gmt":"2013-03-27T05:58:00","guid":{"rendered":"https:\/\/www.oidossucios.com\/site\/2013\/03\/27\/para-llevar-estrenara-su-sencillo-ceguera-el-3-de-abril-en-la-mega\/"},"modified":"2013-03-27T05:58:00","modified_gmt":"2013-03-27T05:58:00","slug":"para-llevar-estrenara-su-sencillo-ceguera-el-3-de-abril-en-la-mega","status":"publish","type":"post","link":"https:\/\/www.oidossucios.com\/site\/para-llevar-estrenara-su-sencillo-ceguera-el-3-de-abril-en-la-mega\/","title":{"rendered":"Para Llevar estrenar\u00e1 su sencillo &quot;Ceguera&quot; el 3 de abril en La Mega"},"content":{"rendered":"<p>Para Llevar inicia su 2013 con todo y tras una peque\u00f1a muestra de lo que viene, la banda anuncia de manera oficial el estreno de su nuevo sencillo promocional.<\/p>\n<p>&#8220;Ceguera&#8221; es el nombre que da vida al segundo sencillo promocional del nuevo \u00e1lbum de Para Llevar, cuyo t\u00edtulo no ha sido revelado a\u00fan, el cual ser\u00e1 estrenado a nivel nacional de manera oficial como &#8220;Lanzamiento Mega&#8221; en el programa A La Cuenta de 3, perteneciente al circuito radial de La Mega Estaci\u00f3n el pr\u00f3ximo mi\u00e9rcoles 03 de abril a las 05:00pm.<\/p>\n<p>&#8220;Ceguera es una alucinaci\u00f3n, un despertar de la muerte, de sustancias y el viaje que hacemos al morir&#8221; comenta David Montiel, vocalista\/guitarrista de la agrupaci\u00f3n. Montiel tambi\u00e9n afirma que &#8220;la canci\u00f3n est\u00e1 inspirada en una de las obras de Gaspar No\u00e9. En conclusi\u00f3n, Ceguera representa un renacer.&#8221;<\/p>\n<p>Respecto al nuevo disco de&nbsp;Para Llevar, la banda se encuentra en los estudios&nbsp;PartipiloMB&nbsp;culminando las sesiones de grabaci\u00f3n bajo la tutela del productor y ganador del&nbsp;Grammy Latino,&nbsp;Leonardo Partipilo y pretenden lanzar este nuevo \u00e1lbum en alg\u00fan momento entre el tercer y cuarto trimestre del 2013.<\/p>\n<p>Para m\u00e1s informaci\u00f3n:<a href=\"https:\/\/twitter.com\/Parallevar\"><\/p>\n<p>@Parallevar<\/a><![endif]--><!--[if gte mso 10]> <\/style>\n\n <![endif]--><\/p>\n","protected":false},"excerpt":{"rendered":"<p>Para Llevar inicia su 2013 con todo y tras una peque\u00f1a muestra de lo que viene, la banda anuncia de manera oficial el estreno de su nuevo sencillo promocional.<\/p>\n","protected":false},"author":4,"featured_media":100007018,"comment_status":"open","ping_status":"open","sticky":false,"template":"","format":"standard","meta":{"_jetpack_memberships_contains_paid_content":false,"footnotes":""},"categories":[250],"tags":[],"class_list":["post-7018","post","type-post","status-publish","format-standard","has-post-thumbnail","hentry","category-noticias"],"jetpack_featured_media_url":"https:\/\/www.oidossucios.com\/site\/wp-content\/uploads\/2013\/03\/7018.jpg","yoast_head":"<!-- This site is optimized with the Yoast SEO plugin v14.0.4 - https:\/\/yoast.com\/wordpress\/plugins\/seo\/ -->\n<title>Para Llevar estrenar\u00e1 su sencillo &quot;Ceguera&quot; el 3 de abril en La Mega - OidosSucios.Com<\/title>\n<meta name=\"description\" content=\"Para Llevar inicia su 2013 con todo y tras una peque\u00f1a muestra de lo que viene, la banda anuncia de manera oficial el estreno de su nuevo sencillo promocional.\" \/>\n<meta name=\"robots\" content=\"index, follow\" \/>\n<meta name=\"googlebot\" content=\"index, follow, max-snippet:-1, max-image-preview:large, max-video-preview:-1\" \/>\n<meta name=\"bingbot\" content=\"index, follow, max-snippet:-1, max-image-preview:large, max-video-preview:-1\" \/>\n<link rel=\"canonical\" href=\"https:\/\/www.oidossucios.com\/site\/para-llevar-estrenara-su-sencillo-ceguera-el-3-de-abril-en-la-mega\/\" \/>\n<meta property=\"og:locale\" content=\"es_ES\" \/>\n<meta property=\"og:type\" content=\"article\" \/>\n<meta property=\"og:title\" content=\"Para Llevar estrenar\u00e1 su sencillo &quot;Ceguera&quot; el 3 de abril en La Mega - OidosSucios.Com\" \/>\n<meta property=\"og:description\" content=\"Para Llevar inicia su 2013 con todo y tras una peque\u00f1a muestra de lo que viene, la banda anuncia de manera oficial el estreno de su nuevo sencillo promocional.\" \/>\n<meta property=\"og:url\" content=\"https:\/\/www.oidossucios.com\/site\/para-llevar-estrenara-su-sencillo-ceguera-el-3-de-abril-en-la-mega\/\" \/>\n<meta property=\"og:site_name\" content=\"OidosSucios.Com\" \/>\n<meta property=\"article:published_time\" content=\"2013-03-27T05:58:00+00:00\" \/>\n<meta property=\"og:image\" content=\"https:\/\/www.oidossucios.com\/site\/wp-content\/uploads\/2013\/03\/7018.jpg\" \/>\n\t<meta property=\"og:image:width\" content=\"350\" \/>\n\t<meta property=\"og:image:height\" content=\"300\" \/>\n<meta name=\"twitter:card\" content=\"summary_large_image\" \/>\n<meta name=\"twitter:creator\" content=\"@oidossucios\" \/>\n<script type=\"application\/ld+json\" class=\"yoast-schema-graph\">{\"@context\":\"https:\/\/schema.org\",\"@graph\":[{\"@type\":\"WebSite\",\"@id\":\"https:\/\/www.oidossucios.com\/site\/#website\",\"url\":\"https:\/\/www.oidossucios.com\/site\/\",\"name\":\"OidosSucios.Com\",\"description\":\"M\\u00fasica, conciertos, discos\",\"potentialAction\":[{\"@type\":\"SearchAction\",\"target\":\"https:\/\/www.oidossucios.com\/site\/?s={search_term_string}\",\"query-input\":\"required name=search_term_string\"}],\"inLanguage\":\"es\"},{\"@type\":\"ImageObject\",\"@id\":\"https:\/\/www.oidossucios.com\/site\/para-llevar-estrenara-su-sencillo-ceguera-el-3-de-abril-en-la-mega\/#primaryimage\",\"inLanguage\":\"es\",\"url\":\"https:\/\/www.oidossucios.com\/site\/wp-content\/uploads\/2013\/03\/7018.jpg\",\"width\":350,\"height\":300},{\"@type\":\"WebPage\",\"@id\":\"https:\/\/www.oidossucios.com\/site\/para-llevar-estrenara-su-sencillo-ceguera-el-3-de-abril-en-la-mega\/#webpage\",\"url\":\"https:\/\/www.oidossucios.com\/site\/para-llevar-estrenara-su-sencillo-ceguera-el-3-de-abril-en-la-mega\/\",\"name\":\"Para Llevar estrenar\\u00e1 su sencillo &quot;Ceguera&quot; el 3 de abril en La Mega - OidosSucios.Com\",\"isPartOf\":{\"@id\":\"https:\/\/www.oidossucios.com\/site\/#website\"},\"primaryImageOfPage\":{\"@id\":\"https:\/\/www.oidossucios.com\/site\/para-llevar-estrenara-su-sencillo-ceguera-el-3-de-abril-en-la-mega\/#primaryimage\"},\"datePublished\":\"2013-03-27T05:58:00+00:00\",\"dateModified\":\"2013-03-27T05:58:00+00:00\",\"author\":{\"@id\":\"https:\/\/www.oidossucios.com\/site\/#\/schema\/person\/24559eeb76bf83a63296fb072393a688\"},\"description\":\"Para Llevar inicia su 2013 con todo y tras una peque\\u00f1a muestra de lo que viene, la banda anuncia de manera oficial el estreno de su nuevo sencillo promocional.\",\"inLanguage\":\"es\",\"potentialAction\":[{\"@type\":\"ReadAction\",\"target\":[\"https:\/\/www.oidossucios.com\/site\/para-llevar-estrenara-su-sencillo-ceguera-el-3-de-abril-en-la-mega\/\"]}]},{\"@type\":[\"Person\"],\"@id\":\"https:\/\/www.oidossucios.com\/site\/#\/schema\/person\/24559eeb76bf83a63296fb072393a688\",\"name\":\"Oidossucios\",\"image\":{\"@type\":\"ImageObject\",\"@id\":\"https:\/\/www.oidossucios.com\/site\/#personlogo\",\"inLanguage\":\"es\",\"url\":\"https:\/\/secure.gravatar.com\/avatar\/74fcb480f42f1a33e50a0b6e6369a3f907be2e43dc84fa5f76c66e9c22b4a5ab?s=96&d=mm&r=g\",\"caption\":\"Oidossucios\"},\"sameAs\":[\"https:\/\/twitter.com\/oidossucios\"]}]}<\/script>\n<!-- \/ Yoast SEO plugin. -->","jetpack_sharing_enabled":true,"_links":{"self":[{"href":"https:\/\/www.oidossucios.com\/site\/wp-json\/wp\/v2\/posts\/7018","targetHints":{"allow":["GET"]}}],"collection":[{"href":"https:\/\/www.oidossucios.com\/site\/wp-json\/wp\/v2\/posts"}],"about":[{"href":"https:\/\/www.oidossucios.com\/site\/wp-json\/wp\/v2\/types\/post"}],"author":[{"embeddable":true,"href":"https:\/\/www.oidossucios.com\/site\/wp-json\/wp\/v2\/users\/4"}],"replies":[{"embeddable":true,"href":"https:\/\/www.oidossucios.com\/site\/wp-json\/wp\/v2\/comments?post=7018"}],"version-history":[{"count":0,"href":"https:\/\/www.oidossucios.com\/site\/wp-json\/wp\/v2\/posts\/7018\/revisions"}],"wp:featuredmedia":[{"embeddable":true,"href":"https:\/\/www.oidossucios.com\/site\/wp-json\/wp\/v2\/media\/100007018"}],"wp:attachment":[{"href":"https:\/\/www.oidossucios.com\/site\/wp-json\/wp\/v2\/media?parent=7018"}],"wp:term":[{"taxonomy":"category","embeddable":true,"href":"https:\/\/www.oidossucios.com\/site\/wp-json\/wp\/v2\/categories?post=7018"},{"taxonomy":"post_tag","embeddable":true,"href":"https:\/\/www.oidossucios.com\/site\/wp-json\/wp\/v2\/tags?post=7018"}],"curies":[{"name":"wp","href":"https:\/\/api.w.org\/{rel}","templated":true}]}}