{"id":7019,"date":"2013-03-27T06:06:00","date_gmt":"2013-03-27T06:06:00","guid":{"rendered":"https:\/\/www.oidossucios.com\/site\/2013\/03\/27\/bluff-estreno-el-videoclip-drena-tu-mente\/"},"modified":"2013-03-27T06:06:00","modified_gmt":"2013-03-27T06:06:00","slug":"bluff-estreno-el-videoclip-drena-tu-mente","status":"publish","type":"post","link":"https:\/\/www.oidossucios.com\/site\/bluff-estreno-el-videoclip-drena-tu-mente\/","title":{"rendered":"Bluff estren\u00f3 el videoclip &#8220;Drena tu mente&#8221;"},"content":{"rendered":"<p>La banda de indierock oriunda de Matur\u00edn estren\u00f3 la semana pasada el videoclip de su m\u00e1s reciente&nbsp; sencillo promocional titulado &#8220;Drena tu mente&#8221;.<\/p>\n<p>Esta pieza audiovisual se grab\u00f3, en su totalidad, en la ciudad de Matur\u00edn. Cont\u00f3 con la direcci\u00f3n del reconocido Sim\u00f3n Alberto Palomo bajo la producci\u00f3n general de SAP Producciones.<\/p>\n<p>Bluff llega cargado de energ\u00eda en 2013 con nuevas composiciones que conformaran el nuevo trabajo discogr\u00e1fico que se espera salga a finales de este a\u00f1o y con el estreno del videoclip del tema hom\u00f3nimo del primer trabajo discogr\u00e1fico <i>Drena tu mente<\/i>. En cuanto a la identidad de su sonido, los integrantes de Bluff afirman que el hecho de tener un amplio abanico de influencias en la formaci\u00f3n musical de cada uno de ellos,&nbsp; los ha llevado a imprimir un sello que les provee da caracter\u00edsticas \u00fanicas, las cuales hacen que quienes les escuchan puedan reconocer los temas de la banda de manera f\u00e1cil.<\/p>\n<p>M\u00e1s info:<\/p>\n<p>@BandaBluff<a href=\"http:\/\/www.facebook.com\/bandabluff\"><br \/>Facebook<\/a><a href=\"http:\/\/soundcloud.com\/bandabluff\/\"><br \/>SoundCloud<\/a><a href=\"http:\/\/www.bandabluff.com\/\"><br \/>www.BandaBluff.com<\/a><![endif]--><!--[if gte mso 10]> <\/style>\n\n <![endif]--><\/p>\n","protected":false},"excerpt":{"rendered":"<p>La banda de indierock oriunda de Matur\u00edn estren\u00f3 la semana pasada el videoclip de su m\u00e1s reciente&nbsp; sencillo promocional titulado &#8220;Drena tu mente&#8221;. Esta pieza audiovisual se grab\u00f3, en su totalidad, en la ciudad de Matur\u00edn. Cont\u00f3 con la direcci\u00f3n del reconocido Sim\u00f3n Alberto Palomo bajo la producci\u00f3n general de SAP Producciones. Bluff llega cargado [&hellip;]<\/p>\n","protected":false},"author":4,"featured_media":0,"comment_status":"open","ping_status":"open","sticky":false,"template":"","format":"standard","meta":{"_jetpack_memberships_contains_paid_content":false,"footnotes":""},"categories":[142],"tags":[],"class_list":["post-7019","post","type-post","status-publish","format-standard","hentry","category-buzznews"],"jetpack_featured_media_url":"","yoast_head":"<!-- This site is optimized with the Yoast SEO plugin v14.0.4 - https:\/\/yoast.com\/wordpress\/plugins\/seo\/ -->\n<title>Bluff estren\u00f3 el videoclip &quot;Drena tu mente&quot; - OidosSucios.Com<\/title>\n<meta name=\"robots\" content=\"index, follow\" \/>\n<meta name=\"googlebot\" content=\"index, follow, max-snippet:-1, max-image-preview:large, max-video-preview:-1\" \/>\n<meta name=\"bingbot\" content=\"index, follow, max-snippet:-1, max-image-preview:large, max-video-preview:-1\" \/>\n<link rel=\"canonical\" href=\"https:\/\/www.oidossucios.com\/site\/bluff-estreno-el-videoclip-drena-tu-mente\/\" \/>\n<meta property=\"og:locale\" content=\"es_ES\" \/>\n<meta property=\"og:type\" content=\"article\" \/>\n<meta property=\"og:title\" content=\"Bluff estren\u00f3 el videoclip &quot;Drena tu mente&quot; - OidosSucios.Com\" \/>\n<meta property=\"og:description\" content=\"La banda de indierock oriunda de Matur\u00edn estren\u00f3 la semana pasada el videoclip de su m\u00e1s reciente&nbsp; sencillo promocional titulado &#8220;Drena tu mente&#8221;. Esta pieza audiovisual se grab\u00f3, en su totalidad, en la ciudad de Matur\u00edn. Cont\u00f3 con la direcci\u00f3n del reconocido Sim\u00f3n Alberto Palomo bajo la producci\u00f3n general de SAP Producciones. Bluff llega cargado [&hellip;]\" \/>\n<meta property=\"og:url\" content=\"https:\/\/www.oidossucios.com\/site\/bluff-estreno-el-videoclip-drena-tu-mente\/\" \/>\n<meta property=\"og:site_name\" content=\"OidosSucios.Com\" \/>\n<meta property=\"article:published_time\" content=\"2013-03-27T06:06:00+00:00\" \/>\n<meta name=\"twitter:card\" content=\"summary_large_image\" \/>\n<meta name=\"twitter:creator\" content=\"@oidossucios\" \/>\n<script type=\"application\/ld+json\" class=\"yoast-schema-graph\">{\"@context\":\"https:\/\/schema.org\",\"@graph\":[{\"@type\":\"WebSite\",\"@id\":\"https:\/\/www.oidossucios.com\/site\/#website\",\"url\":\"https:\/\/www.oidossucios.com\/site\/\",\"name\":\"OidosSucios.Com\",\"description\":\"M\\u00fasica, conciertos, discos\",\"potentialAction\":[{\"@type\":\"SearchAction\",\"target\":\"https:\/\/www.oidossucios.com\/site\/?s={search_term_string}\",\"query-input\":\"required name=search_term_string\"}],\"inLanguage\":\"es\"},{\"@type\":\"WebPage\",\"@id\":\"https:\/\/www.oidossucios.com\/site\/bluff-estreno-el-videoclip-drena-tu-mente\/#webpage\",\"url\":\"https:\/\/www.oidossucios.com\/site\/bluff-estreno-el-videoclip-drena-tu-mente\/\",\"name\":\"Bluff estren\\u00f3 el videoclip \\\"Drena tu mente\\\" - OidosSucios.Com\",\"isPartOf\":{\"@id\":\"https:\/\/www.oidossucios.com\/site\/#website\"},\"datePublished\":\"2013-03-27T06:06:00+00:00\",\"dateModified\":\"2013-03-27T06:06:00+00:00\",\"author\":{\"@id\":\"https:\/\/www.oidossucios.com\/site\/#\/schema\/person\/24559eeb76bf83a63296fb072393a688\"},\"inLanguage\":\"es\",\"potentialAction\":[{\"@type\":\"ReadAction\",\"target\":[\"https:\/\/www.oidossucios.com\/site\/bluff-estreno-el-videoclip-drena-tu-mente\/\"]}]},{\"@type\":[\"Person\"],\"@id\":\"https:\/\/www.oidossucios.com\/site\/#\/schema\/person\/24559eeb76bf83a63296fb072393a688\",\"name\":\"Oidossucios\",\"image\":{\"@type\":\"ImageObject\",\"@id\":\"https:\/\/www.oidossucios.com\/site\/#personlogo\",\"inLanguage\":\"es\",\"url\":\"https:\/\/secure.gravatar.com\/avatar\/74fcb480f42f1a33e50a0b6e6369a3f907be2e43dc84fa5f76c66e9c22b4a5ab?s=96&d=mm&r=g\",\"caption\":\"Oidossucios\"},\"sameAs\":[\"https:\/\/twitter.com\/oidossucios\"]}]}<\/script>\n<!-- \/ Yoast SEO plugin. -->","jetpack_sharing_enabled":true,"_links":{"self":[{"href":"https:\/\/www.oidossucios.com\/site\/wp-json\/wp\/v2\/posts\/7019","targetHints":{"allow":["GET"]}}],"collection":[{"href":"https:\/\/www.oidossucios.com\/site\/wp-json\/wp\/v2\/posts"}],"about":[{"href":"https:\/\/www.oidossucios.com\/site\/wp-json\/wp\/v2\/types\/post"}],"author":[{"embeddable":true,"href":"https:\/\/www.oidossucios.com\/site\/wp-json\/wp\/v2\/users\/4"}],"replies":[{"embeddable":true,"href":"https:\/\/www.oidossucios.com\/site\/wp-json\/wp\/v2\/comments?post=7019"}],"version-history":[{"count":0,"href":"https:\/\/www.oidossucios.com\/site\/wp-json\/wp\/v2\/posts\/7019\/revisions"}],"wp:attachment":[{"href":"https:\/\/www.oidossucios.com\/site\/wp-json\/wp\/v2\/media?parent=7019"}],"wp:term":[{"taxonomy":"category","embeddable":true,"href":"https:\/\/www.oidossucios.com\/site\/wp-json\/wp\/v2\/categories?post=7019"},{"taxonomy":"post_tag","embeddable":true,"href":"https:\/\/www.oidossucios.com\/site\/wp-json\/wp\/v2\/tags?post=7019"}],"curies":[{"name":"wp","href":"https:\/\/api.w.org\/{rel}","templated":true}]}}