{"id":7059,"date":"2013-04-04T18:33:00","date_gmt":"2013-04-04T18:33:00","guid":{"rendered":"https:\/\/www.oidossucios.com\/site\/2013\/04\/04\/charlie-watts-the-rolling-stones-no-tengo-ganas-de-tocar-en-glastonbury\/"},"modified":"2013-04-04T18:33:00","modified_gmt":"2013-04-04T18:33:00","slug":"charlie-watts-the-rolling-stones-no-tengo-ganas-de-tocar-en-glastonbury","status":"publish","type":"post","link":"https:\/\/www.oidossucios.com\/site\/charlie-watts-the-rolling-stones-no-tengo-ganas-de-tocar-en-glastonbury\/","title":{"rendered":"Charlie Watts (The Rolling Stones): &#8220;No tengo ganas de tocar en Glastonbury&#8221;"},"content":{"rendered":"<p>Parece que no todos est\u00e1n felices con el anuncio de la nueva gira de los Rolling Stones. Al parecer, el grand\u00edsimo Charlie Watts \u0096grande en los dos sentidos ya que el pr\u00f3ximo 2 de junio cumplir\u00e1 72 a\u00f1os- no est\u00e1 contento con que su banda cierre el legendario Glastonbury.<\/p>\n<p>El baterista habl\u00f3 con el diario ingl\u00e9s The Guardian y explic\u00f3 los motivos por los que no est\u00e1 conforme con la decisi\u00f3n del grupo de ser parte del festival que se celebra todos los a\u00f1os en la famosa Worthy Farm. &#8220;No tengo ganas de hacerlo, aunque todos los dem\u00e1s s\u00ed. No me gusta tocar en lugares al aire libre y mucho menos en festivales. Siempre cre\u00ed que no son el lugar indicado para tocar\u0085&#8221; explic\u00f3 Charlie cuando se le pregunt\u00f3 sobre la sorpresiva aparici\u00f3n de los Stones en el line up de Glastonbury.<\/p>\n<p>&#8220;Cuando uno est\u00e1 en una banda hace de todo. Pero Glastonbury\u0085 Es algo que nunca me gust\u00f3. Nunca me gust\u00f3 la onda hippie, no es algo que elegir\u00eda para un fin de semana de mi vida&#8221; concluy\u00f3 el m\u00fasico sobre la participaci\u00f3n de su banda en el famoso festival. Pese a sus reproches y las pocas ganas que pueda tener Charlie, los Stones encabezar\u00e1n el evento que a\u00f1o a a\u00f1o paraliza al mundo de la m\u00fasica y revive la gloriosa llama del rock de los 70\u00b4s.<\/p>\n<p>Fuente: www.fmrockandpop.com<![endif]--><!--[if gte mso 10]> <\/style>\n\n <![endif]--><\/p>\n","protected":false},"excerpt":{"rendered":"<p>Parece que no todos est\u00e1n felices con el anuncio de la nueva gira de los Rolling Stones. Al parecer, el grand\u00edsimo Charlie Watts \u0096grande en los dos sentidos ya que el pr\u00f3ximo 2 de junio cumplir\u00e1 72 a\u00f1os- no est\u00e1 contento con que su banda cierre el legendario Glastonbury. El baterista habl\u00f3 con el diario [&hellip;]<\/p>\n","protected":false},"author":4,"featured_media":100007059,"comment_status":"open","ping_status":"open","sticky":false,"template":"","format":"standard","meta":{"_jetpack_memberships_contains_paid_content":false,"footnotes":""},"categories":[142],"tags":[],"class_list":["post-7059","post","type-post","status-publish","format-standard","has-post-thumbnail","hentry","category-buzznews"],"jetpack_featured_media_url":"https:\/\/www.oidossucios.com\/site\/wp-content\/uploads\/2013\/04\/7059.jpg","yoast_head":"<!-- This site is optimized with the Yoast SEO plugin v14.0.4 - https:\/\/yoast.com\/wordpress\/plugins\/seo\/ -->\n<title>Charlie Watts (The Rolling Stones): &quot;No tengo ganas de tocar en Glastonbury&quot; - OidosSucios.Com<\/title>\n<meta name=\"robots\" content=\"index, follow\" \/>\n<meta name=\"googlebot\" content=\"index, follow, max-snippet:-1, max-image-preview:large, max-video-preview:-1\" \/>\n<meta name=\"bingbot\" content=\"index, follow, max-snippet:-1, max-image-preview:large, max-video-preview:-1\" \/>\n<link rel=\"canonical\" href=\"https:\/\/www.oidossucios.com\/site\/charlie-watts-the-rolling-stones-no-tengo-ganas-de-tocar-en-glastonbury\/\" \/>\n<meta property=\"og:locale\" content=\"es_ES\" \/>\n<meta property=\"og:type\" content=\"article\" \/>\n<meta property=\"og:title\" content=\"Charlie Watts (The Rolling Stones): &quot;No tengo ganas de tocar en Glastonbury&quot; - OidosSucios.Com\" \/>\n<meta property=\"og:description\" content=\"Parece que no todos est\u00e1n felices con el anuncio de la nueva gira de los Rolling Stones. Al parecer, el grand\u00edsimo Charlie Watts \u0096grande en los dos sentidos ya que el pr\u00f3ximo 2 de junio cumplir\u00e1 72 a\u00f1os- no est\u00e1 contento con que su banda cierre el legendario Glastonbury. El baterista habl\u00f3 con el diario [&hellip;]\" \/>\n<meta property=\"og:url\" content=\"https:\/\/www.oidossucios.com\/site\/charlie-watts-the-rolling-stones-no-tengo-ganas-de-tocar-en-glastonbury\/\" \/>\n<meta property=\"og:site_name\" content=\"OidosSucios.Com\" \/>\n<meta property=\"article:published_time\" content=\"2013-04-04T18:33:00+00:00\" \/>\n<meta property=\"og:image\" content=\"https:\/\/www.oidossucios.com\/site\/wp-content\/uploads\/2013\/04\/7059.jpg\" \/>\n\t<meta property=\"og:image:width\" content=\"350\" \/>\n\t<meta property=\"og:image:height\" content=\"300\" \/>\n<meta name=\"twitter:card\" content=\"summary_large_image\" \/>\n<meta name=\"twitter:creator\" content=\"@oidossucios\" \/>\n<script type=\"application\/ld+json\" class=\"yoast-schema-graph\">{\"@context\":\"https:\/\/schema.org\",\"@graph\":[{\"@type\":\"WebSite\",\"@id\":\"https:\/\/www.oidossucios.com\/site\/#website\",\"url\":\"https:\/\/www.oidossucios.com\/site\/\",\"name\":\"OidosSucios.Com\",\"description\":\"M\\u00fasica, conciertos, discos\",\"potentialAction\":[{\"@type\":\"SearchAction\",\"target\":\"https:\/\/www.oidossucios.com\/site\/?s={search_term_string}\",\"query-input\":\"required name=search_term_string\"}],\"inLanguage\":\"es\"},{\"@type\":\"ImageObject\",\"@id\":\"https:\/\/www.oidossucios.com\/site\/charlie-watts-the-rolling-stones-no-tengo-ganas-de-tocar-en-glastonbury\/#primaryimage\",\"inLanguage\":\"es\",\"url\":\"https:\/\/www.oidossucios.com\/site\/wp-content\/uploads\/2013\/04\/7059.jpg\",\"width\":350,\"height\":300},{\"@type\":\"WebPage\",\"@id\":\"https:\/\/www.oidossucios.com\/site\/charlie-watts-the-rolling-stones-no-tengo-ganas-de-tocar-en-glastonbury\/#webpage\",\"url\":\"https:\/\/www.oidossucios.com\/site\/charlie-watts-the-rolling-stones-no-tengo-ganas-de-tocar-en-glastonbury\/\",\"name\":\"Charlie Watts (The Rolling Stones): \\\"No tengo ganas de tocar en Glastonbury\\\" - OidosSucios.Com\",\"isPartOf\":{\"@id\":\"https:\/\/www.oidossucios.com\/site\/#website\"},\"primaryImageOfPage\":{\"@id\":\"https:\/\/www.oidossucios.com\/site\/charlie-watts-the-rolling-stones-no-tengo-ganas-de-tocar-en-glastonbury\/#primaryimage\"},\"datePublished\":\"2013-04-04T18:33:00+00:00\",\"dateModified\":\"2013-04-04T18:33:00+00:00\",\"author\":{\"@id\":\"https:\/\/www.oidossucios.com\/site\/#\/schema\/person\/24559eeb76bf83a63296fb072393a688\"},\"inLanguage\":\"es\",\"potentialAction\":[{\"@type\":\"ReadAction\",\"target\":[\"https:\/\/www.oidossucios.com\/site\/charlie-watts-the-rolling-stones-no-tengo-ganas-de-tocar-en-glastonbury\/\"]}]},{\"@type\":[\"Person\"],\"@id\":\"https:\/\/www.oidossucios.com\/site\/#\/schema\/person\/24559eeb76bf83a63296fb072393a688\",\"name\":\"Oidossucios\",\"image\":{\"@type\":\"ImageObject\",\"@id\":\"https:\/\/www.oidossucios.com\/site\/#personlogo\",\"inLanguage\":\"es\",\"url\":\"https:\/\/secure.gravatar.com\/avatar\/74fcb480f42f1a33e50a0b6e6369a3f907be2e43dc84fa5f76c66e9c22b4a5ab?s=96&d=mm&r=g\",\"caption\":\"Oidossucios\"},\"sameAs\":[\"https:\/\/twitter.com\/oidossucios\"]}]}<\/script>\n<!-- \/ Yoast SEO plugin. -->","jetpack_sharing_enabled":true,"_links":{"self":[{"href":"https:\/\/www.oidossucios.com\/site\/wp-json\/wp\/v2\/posts\/7059","targetHints":{"allow":["GET"]}}],"collection":[{"href":"https:\/\/www.oidossucios.com\/site\/wp-json\/wp\/v2\/posts"}],"about":[{"href":"https:\/\/www.oidossucios.com\/site\/wp-json\/wp\/v2\/types\/post"}],"author":[{"embeddable":true,"href":"https:\/\/www.oidossucios.com\/site\/wp-json\/wp\/v2\/users\/4"}],"replies":[{"embeddable":true,"href":"https:\/\/www.oidossucios.com\/site\/wp-json\/wp\/v2\/comments?post=7059"}],"version-history":[{"count":0,"href":"https:\/\/www.oidossucios.com\/site\/wp-json\/wp\/v2\/posts\/7059\/revisions"}],"wp:featuredmedia":[{"embeddable":true,"href":"https:\/\/www.oidossucios.com\/site\/wp-json\/wp\/v2\/media\/100007059"}],"wp:attachment":[{"href":"https:\/\/www.oidossucios.com\/site\/wp-json\/wp\/v2\/media?parent=7059"}],"wp:term":[{"taxonomy":"category","embeddable":true,"href":"https:\/\/www.oidossucios.com\/site\/wp-json\/wp\/v2\/categories?post=7059"},{"taxonomy":"post_tag","embeddable":true,"href":"https:\/\/www.oidossucios.com\/site\/wp-json\/wp\/v2\/tags?post=7059"}],"curies":[{"name":"wp","href":"https:\/\/api.w.org\/{rel}","templated":true}]}}