{"id":7100,"date":"2013-04-12T21:24:00","date_gmt":"2013-04-12T21:24:00","guid":{"rendered":"https:\/\/www.oidossucios.com\/site\/2013\/04\/12\/avril-lavigne-colabora-en-el-proximo-disco-de-marilyn-manson\/"},"modified":"2013-04-12T21:24:00","modified_gmt":"2013-04-12T21:24:00","slug":"avril-lavigne-colabora-en-el-proximo-disco-de-marilyn-manson","status":"publish","type":"post","link":"https:\/\/www.oidossucios.com\/site\/avril-lavigne-colabora-en-el-proximo-disco-de-marilyn-manson\/","title":{"rendered":"Avril Lavigne colabora en el pr\u00f3ximo disco de Marilyn Manson"},"content":{"rendered":"<p>A primeras, pensar en que la menuda Avril Lavigne pudiera asociarse con Marilyn Manson, era algo, por decirlo menos, extra\u00f1o. Pero los cantantes decidieron unir fuerzas.<\/p>\n<p>As\u00ed, la rubia canadiense ser\u00e1 parte del pr\u00f3ximo \u00e1lbum del siniestro rockero, donde interpretar\u00e1 la canci\u00f3n &#8220;Bad Girl&#8221;, que la propia Lavigne define como una de las m\u00e1s pesadas de la producci\u00f3n.<\/p>\n<p>En entrevista con Billboard, Avril confes\u00f3 que ya escuch\u00f3 parte del nuevo disco de Manson y que este es &#8220;realmente diverso&#8221;.<\/p>\n<p>&#8220;Tiene cosas de pop-rock y tambi\u00e9n baladas de piano con orquesta&#8221; explic\u00f3 la cantante y agreg\u00f3 que &#8220;tengo esta canci\u00f3n ruda que Marilyn Manson titul\u00f3 &#8220;Bad Girl&#8221;, y tambi\u00e9n una llamada &#8220;Hello Ketty&#8221;, que suena como algo que nunca hab\u00eda hecho antes&#8221;.<\/p>\n<p>En los pr\u00f3ximos meses podremos revisar esta nueva producci\u00f3n de Manson y descubrir finalmente si este extra\u00f1o dueto es tan dispar como aparenta ser.<\/p>\n<p>Fuente: www.musica.terra.cl<![endif]--><!--[if gte mso 10]> <\/style>\n\n <![endif]--><!--nextpage--><img decoding=\"async\" class=\"aligncenter size-medium wp-image-111116669\" src=\"https:\/\/www.oidossucios.com\/site\/wp-content\/uploads\/2020\/02\/6669.jpg\" alt=\"Avril Lavigne colabora en el pr\u00f3ximo disco de Marilyn Manson\"  \/><a href='https:\/\/www.oidossucios.com\/site\/avril-lavigne-colabora-en-el-proximo-disco-de-marilyn-manson\/2\/'\n                        onclick='if (tpsInstance) { tpsInstance.setNext(); return false; }'\n                        rel='next'\n                        style=''\n                        class=''>Ver galer\u00eda<\/a>]]><\/p>\n","protected":false},"excerpt":{"rendered":"<p>A primeras, pensar en que la menuda Avril Lavigne pudiera asociarse con Marilyn Manson, era algo, por decirlo menos, extra\u00f1o. Pero los cantantes decidieron unir fuerzas. As\u00ed, la rubia canadiense ser\u00e1 parte del pr\u00f3ximo \u00e1lbum del siniestro rockero, donde interpretar\u00e1 la canci\u00f3n &#8220;Bad Girl&#8221;, que la propia Lavigne define como una de las m\u00e1s pesadas [&hellip;]<\/p>\n","protected":false},"author":4,"featured_media":100007100,"comment_status":"open","ping_status":"open","sticky":false,"template":"","format":"standard","meta":{"_jetpack_memberships_contains_paid_content":false,"footnotes":""},"categories":[142],"tags":[],"class_list":["post-7100","post","type-post","status-publish","format-standard","has-post-thumbnail","hentry","category-buzznews"],"jetpack_featured_media_url":"https:\/\/www.oidossucios.com\/site\/wp-content\/uploads\/2013\/04\/7100.jpg","yoast_head":"<!-- This site is optimized with the Yoast SEO plugin v14.0.4 - https:\/\/yoast.com\/wordpress\/plugins\/seo\/ -->\n<title>Avril Lavigne colabora en el pr\u00f3ximo disco de Marilyn Manson - OidosSucios.Com<\/title>\n<meta name=\"robots\" content=\"index, follow\" \/>\n<meta name=\"googlebot\" content=\"index, follow, max-snippet:-1, max-image-preview:large, max-video-preview:-1\" \/>\n<meta name=\"bingbot\" content=\"index, follow, max-snippet:-1, max-image-preview:large, max-video-preview:-1\" \/>\n<link rel=\"canonical\" href=\"https:\/\/www.oidossucios.com\/site\/avril-lavigne-colabora-en-el-proximo-disco-de-marilyn-manson\/\" \/>\n<link rel=\"next\" href=\"https:\/\/www.oidossucios.com\/site\/avril-lavigne-colabora-en-el-proximo-disco-de-marilyn-manson\/2\/\" \/>\n<meta property=\"og:locale\" content=\"es_ES\" \/>\n<meta property=\"og:type\" content=\"article\" \/>\n<meta property=\"og:title\" content=\"Avril Lavigne colabora en el pr\u00f3ximo disco de Marilyn Manson - OidosSucios.Com\" \/>\n<meta property=\"og:description\" content=\"A primeras, pensar en que la menuda Avril Lavigne pudiera asociarse con Marilyn Manson, era algo, por decirlo menos, extra\u00f1o. Pero los cantantes decidieron unir fuerzas. As\u00ed, la rubia canadiense ser\u00e1 parte del pr\u00f3ximo \u00e1lbum del siniestro rockero, donde interpretar\u00e1 la canci\u00f3n &#8220;Bad Girl&#8221;, que la propia Lavigne define como una de las m\u00e1s pesadas [&hellip;]\" \/>\n<meta property=\"og:url\" content=\"https:\/\/www.oidossucios.com\/site\/avril-lavigne-colabora-en-el-proximo-disco-de-marilyn-manson\/\" \/>\n<meta property=\"og:site_name\" content=\"OidosSucios.Com\" \/>\n<meta property=\"article:published_time\" content=\"2013-04-12T21:24:00+00:00\" \/>\n<meta property=\"og:image\" content=\"https:\/\/www.oidossucios.com\/site\/wp-content\/uploads\/2013\/04\/7100.jpg\" \/>\n\t<meta property=\"og:image:width\" content=\"350\" \/>\n\t<meta property=\"og:image:height\" content=\"300\" \/>\n<meta name=\"twitter:card\" content=\"summary_large_image\" \/>\n<meta name=\"twitter:creator\" content=\"@oidossucios\" \/>\n<script type=\"application\/ld+json\" class=\"yoast-schema-graph\">{\"@context\":\"https:\/\/schema.org\",\"@graph\":[{\"@type\":\"WebSite\",\"@id\":\"https:\/\/www.oidossucios.com\/site\/#website\",\"url\":\"https:\/\/www.oidossucios.com\/site\/\",\"name\":\"OidosSucios.Com\",\"description\":\"M\\u00fasica, conciertos, discos\",\"potentialAction\":[{\"@type\":\"SearchAction\",\"target\":\"https:\/\/www.oidossucios.com\/site\/?s={search_term_string}\",\"query-input\":\"required name=search_term_string\"}],\"inLanguage\":\"es\"},{\"@type\":\"ImageObject\",\"@id\":\"https:\/\/www.oidossucios.com\/site\/avril-lavigne-colabora-en-el-proximo-disco-de-marilyn-manson\/#primaryimage\",\"inLanguage\":\"es\",\"url\":\"https:\/\/www.oidossucios.com\/site\/wp-content\/uploads\/2013\/04\/7100.jpg\",\"width\":350,\"height\":300},{\"@type\":\"WebPage\",\"@id\":\"https:\/\/www.oidossucios.com\/site\/avril-lavigne-colabora-en-el-proximo-disco-de-marilyn-manson\/#webpage\",\"url\":\"https:\/\/www.oidossucios.com\/site\/avril-lavigne-colabora-en-el-proximo-disco-de-marilyn-manson\/\",\"name\":\"Avril Lavigne colabora en el pr\\u00f3ximo disco de Marilyn Manson - OidosSucios.Com\",\"isPartOf\":{\"@id\":\"https:\/\/www.oidossucios.com\/site\/#website\"},\"primaryImageOfPage\":{\"@id\":\"https:\/\/www.oidossucios.com\/site\/avril-lavigne-colabora-en-el-proximo-disco-de-marilyn-manson\/#primaryimage\"},\"datePublished\":\"2013-04-12T21:24:00+00:00\",\"dateModified\":\"2013-04-12T21:24:00+00:00\",\"author\":{\"@id\":\"https:\/\/www.oidossucios.com\/site\/#\/schema\/person\/24559eeb76bf83a63296fb072393a688\"},\"inLanguage\":\"es\",\"potentialAction\":[{\"@type\":\"ReadAction\",\"target\":[\"https:\/\/www.oidossucios.com\/site\/avril-lavigne-colabora-en-el-proximo-disco-de-marilyn-manson\/\"]}]},{\"@type\":[\"Person\"],\"@id\":\"https:\/\/www.oidossucios.com\/site\/#\/schema\/person\/24559eeb76bf83a63296fb072393a688\",\"name\":\"Oidossucios\",\"image\":{\"@type\":\"ImageObject\",\"@id\":\"https:\/\/www.oidossucios.com\/site\/#personlogo\",\"inLanguage\":\"es\",\"url\":\"https:\/\/secure.gravatar.com\/avatar\/74fcb480f42f1a33e50a0b6e6369a3f907be2e43dc84fa5f76c66e9c22b4a5ab?s=96&d=mm&r=g\",\"caption\":\"Oidossucios\"},\"sameAs\":[\"https:\/\/twitter.com\/oidossucios\"]}]}<\/script>\n<!-- \/ Yoast SEO plugin. -->","jetpack_sharing_enabled":true,"_links":{"self":[{"href":"https:\/\/www.oidossucios.com\/site\/wp-json\/wp\/v2\/posts\/7100","targetHints":{"allow":["GET"]}}],"collection":[{"href":"https:\/\/www.oidossucios.com\/site\/wp-json\/wp\/v2\/posts"}],"about":[{"href":"https:\/\/www.oidossucios.com\/site\/wp-json\/wp\/v2\/types\/post"}],"author":[{"embeddable":true,"href":"https:\/\/www.oidossucios.com\/site\/wp-json\/wp\/v2\/users\/4"}],"replies":[{"embeddable":true,"href":"https:\/\/www.oidossucios.com\/site\/wp-json\/wp\/v2\/comments?post=7100"}],"version-history":[{"count":0,"href":"https:\/\/www.oidossucios.com\/site\/wp-json\/wp\/v2\/posts\/7100\/revisions"}],"wp:featuredmedia":[{"embeddable":true,"href":"https:\/\/www.oidossucios.com\/site\/wp-json\/wp\/v2\/media\/100007100"}],"wp:attachment":[{"href":"https:\/\/www.oidossucios.com\/site\/wp-json\/wp\/v2\/media?parent=7100"}],"wp:term":[{"taxonomy":"category","embeddable":true,"href":"https:\/\/www.oidossucios.com\/site\/wp-json\/wp\/v2\/categories?post=7100"},{"taxonomy":"post_tag","embeddable":true,"href":"https:\/\/www.oidossucios.com\/site\/wp-json\/wp\/v2\/tags?post=7100"}],"curies":[{"name":"wp","href":"https:\/\/api.w.org\/{rel}","templated":true}]}}