{"id":7115,"date":"2013-04-16T19:31:00","date_gmt":"2013-04-16T19:31:00","guid":{"rendered":"https:\/\/www.oidossucios.com\/site\/2013\/04\/16\/stone-gossard-de-pearl-jam-presenta-adelanto-de-su-segundo-album-como-solista\/"},"modified":"2013-04-16T19:31:00","modified_gmt":"2013-04-16T19:31:00","slug":"stone-gossard-de-pearl-jam-presenta-adelanto-de-su-segundo-album-como-solista","status":"publish","type":"post","link":"https:\/\/www.oidossucios.com\/site\/stone-gossard-de-pearl-jam-presenta-adelanto-de-su-segundo-album-como-solista\/","title":{"rendered":"Stone Gossard de Pearl Jam presenta adelanto de su segundo \u00e1lbum como solista"},"content":{"rendered":"<p>Siempre comprometido con las obligaciones que demanda Pearl Jam, su guitarrista, Stone Gossard, se encuentra ultimando detalles para el lanzamiento de su pr\u00f3ximo disco.<\/p>\n<p>Gossard ha agendado para el mes de junio el lanzamiento de <i>Moonlander<\/i>, segunda producci\u00f3n como solista, que llega doce a\u00f1os despu\u00e9s de <i>Bayleaf<\/i>. El artista ya ha compartido su primer single, que se titula &#8220;I Need Something Different&#8221;.<\/p>\n<p>Antes de su publicaci\u00f3n, Stone Gossard prepara el estreno de <i>Apollo<\/i>, EP de cuatro canciones.<\/p>\n<p>Escucha &#8220;I Need Something Different&#8221; <a href=\"https:\/\/soundcloud.com\/pearljam\/i-need-something-different\">haciendo click aqu\u00ed.<\/p>\n<p><\/a><br \/>Fuente: www.rockaxis.com<![endif]--><!--[if gte mso 10]> <\/style>\n\n <![endif]--><\/p>\n","protected":false},"excerpt":{"rendered":"<p>Siempre comprometido con las obligaciones que demanda Pearl Jam, su guitarrista, Stone Gossard, se encuentra ultimando detalles para el lanzamiento de su pr\u00f3ximo disco. Gossard ha agendado para el mes de junio el lanzamiento de Moonlander, segunda producci\u00f3n como solista, que llega doce a\u00f1os despu\u00e9s de Bayleaf. El artista ya ha compartido su primer single, [&hellip;]<\/p>\n","protected":false},"author":4,"featured_media":100007115,"comment_status":"open","ping_status":"open","sticky":false,"template":"","format":"standard","meta":{"_jetpack_memberships_contains_paid_content":false,"footnotes":""},"categories":[142],"tags":[],"class_list":["post-7115","post","type-post","status-publish","format-standard","has-post-thumbnail","hentry","category-buzznews"],"jetpack_featured_media_url":"https:\/\/www.oidossucios.com\/site\/wp-content\/uploads\/2013\/04\/7115.jpg","yoast_head":"<!-- This site is optimized with the Yoast SEO plugin v14.0.4 - https:\/\/yoast.com\/wordpress\/plugins\/seo\/ -->\n<title>Stone Gossard de Pearl Jam presenta adelanto de su segundo \u00e1lbum como solista - OidosSucios.Com<\/title>\n<meta name=\"robots\" content=\"index, follow\" \/>\n<meta name=\"googlebot\" content=\"index, follow, max-snippet:-1, max-image-preview:large, max-video-preview:-1\" \/>\n<meta name=\"bingbot\" content=\"index, follow, max-snippet:-1, max-image-preview:large, max-video-preview:-1\" \/>\n<link rel=\"canonical\" href=\"https:\/\/www.oidossucios.com\/site\/stone-gossard-de-pearl-jam-presenta-adelanto-de-su-segundo-album-como-solista\/\" \/>\n<meta property=\"og:locale\" content=\"es_ES\" \/>\n<meta property=\"og:type\" content=\"article\" \/>\n<meta property=\"og:title\" content=\"Stone Gossard de Pearl Jam presenta adelanto de su segundo \u00e1lbum como solista - OidosSucios.Com\" \/>\n<meta property=\"og:description\" content=\"Siempre comprometido con las obligaciones que demanda Pearl Jam, su guitarrista, Stone Gossard, se encuentra ultimando detalles para el lanzamiento de su pr\u00f3ximo disco. Gossard ha agendado para el mes de junio el lanzamiento de Moonlander, segunda producci\u00f3n como solista, que llega doce a\u00f1os despu\u00e9s de Bayleaf. El artista ya ha compartido su primer single, [&hellip;]\" \/>\n<meta property=\"og:url\" content=\"https:\/\/www.oidossucios.com\/site\/stone-gossard-de-pearl-jam-presenta-adelanto-de-su-segundo-album-como-solista\/\" \/>\n<meta property=\"og:site_name\" content=\"OidosSucios.Com\" \/>\n<meta property=\"article:published_time\" content=\"2013-04-16T19:31:00+00:00\" \/>\n<meta property=\"og:image\" content=\"https:\/\/www.oidossucios.com\/site\/wp-content\/uploads\/2013\/04\/7115.jpg\" \/>\n\t<meta property=\"og:image:width\" content=\"350\" \/>\n\t<meta property=\"og:image:height\" content=\"300\" \/>\n<meta name=\"twitter:card\" content=\"summary_large_image\" \/>\n<meta name=\"twitter:creator\" content=\"@oidossucios\" \/>\n<script type=\"application\/ld+json\" class=\"yoast-schema-graph\">{\"@context\":\"https:\/\/schema.org\",\"@graph\":[{\"@type\":\"WebSite\",\"@id\":\"https:\/\/www.oidossucios.com\/site\/#website\",\"url\":\"https:\/\/www.oidossucios.com\/site\/\",\"name\":\"OidosSucios.Com\",\"description\":\"M\\u00fasica, conciertos, discos\",\"potentialAction\":[{\"@type\":\"SearchAction\",\"target\":\"https:\/\/www.oidossucios.com\/site\/?s={search_term_string}\",\"query-input\":\"required name=search_term_string\"}],\"inLanguage\":\"es\"},{\"@type\":\"ImageObject\",\"@id\":\"https:\/\/www.oidossucios.com\/site\/stone-gossard-de-pearl-jam-presenta-adelanto-de-su-segundo-album-como-solista\/#primaryimage\",\"inLanguage\":\"es\",\"url\":\"https:\/\/www.oidossucios.com\/site\/wp-content\/uploads\/2013\/04\/7115.jpg\",\"width\":350,\"height\":300},{\"@type\":\"WebPage\",\"@id\":\"https:\/\/www.oidossucios.com\/site\/stone-gossard-de-pearl-jam-presenta-adelanto-de-su-segundo-album-como-solista\/#webpage\",\"url\":\"https:\/\/www.oidossucios.com\/site\/stone-gossard-de-pearl-jam-presenta-adelanto-de-su-segundo-album-como-solista\/\",\"name\":\"Stone Gossard de Pearl Jam presenta adelanto de su segundo \\u00e1lbum como solista - OidosSucios.Com\",\"isPartOf\":{\"@id\":\"https:\/\/www.oidossucios.com\/site\/#website\"},\"primaryImageOfPage\":{\"@id\":\"https:\/\/www.oidossucios.com\/site\/stone-gossard-de-pearl-jam-presenta-adelanto-de-su-segundo-album-como-solista\/#primaryimage\"},\"datePublished\":\"2013-04-16T19:31:00+00:00\",\"dateModified\":\"2013-04-16T19:31:00+00:00\",\"author\":{\"@id\":\"https:\/\/www.oidossucios.com\/site\/#\/schema\/person\/24559eeb76bf83a63296fb072393a688\"},\"inLanguage\":\"es\",\"potentialAction\":[{\"@type\":\"ReadAction\",\"target\":[\"https:\/\/www.oidossucios.com\/site\/stone-gossard-de-pearl-jam-presenta-adelanto-de-su-segundo-album-como-solista\/\"]}]},{\"@type\":[\"Person\"],\"@id\":\"https:\/\/www.oidossucios.com\/site\/#\/schema\/person\/24559eeb76bf83a63296fb072393a688\",\"name\":\"Oidossucios\",\"image\":{\"@type\":\"ImageObject\",\"@id\":\"https:\/\/www.oidossucios.com\/site\/#personlogo\",\"inLanguage\":\"es\",\"url\":\"https:\/\/secure.gravatar.com\/avatar\/74fcb480f42f1a33e50a0b6e6369a3f907be2e43dc84fa5f76c66e9c22b4a5ab?s=96&d=mm&r=g\",\"caption\":\"Oidossucios\"},\"sameAs\":[\"https:\/\/twitter.com\/oidossucios\"]}]}<\/script>\n<!-- \/ Yoast SEO plugin. -->","jetpack_sharing_enabled":true,"_links":{"self":[{"href":"https:\/\/www.oidossucios.com\/site\/wp-json\/wp\/v2\/posts\/7115","targetHints":{"allow":["GET"]}}],"collection":[{"href":"https:\/\/www.oidossucios.com\/site\/wp-json\/wp\/v2\/posts"}],"about":[{"href":"https:\/\/www.oidossucios.com\/site\/wp-json\/wp\/v2\/types\/post"}],"author":[{"embeddable":true,"href":"https:\/\/www.oidossucios.com\/site\/wp-json\/wp\/v2\/users\/4"}],"replies":[{"embeddable":true,"href":"https:\/\/www.oidossucios.com\/site\/wp-json\/wp\/v2\/comments?post=7115"}],"version-history":[{"count":0,"href":"https:\/\/www.oidossucios.com\/site\/wp-json\/wp\/v2\/posts\/7115\/revisions"}],"wp:featuredmedia":[{"embeddable":true,"href":"https:\/\/www.oidossucios.com\/site\/wp-json\/wp\/v2\/media\/100007115"}],"wp:attachment":[{"href":"https:\/\/www.oidossucios.com\/site\/wp-json\/wp\/v2\/media?parent=7115"}],"wp:term":[{"taxonomy":"category","embeddable":true,"href":"https:\/\/www.oidossucios.com\/site\/wp-json\/wp\/v2\/categories?post=7115"},{"taxonomy":"post_tag","embeddable":true,"href":"https:\/\/www.oidossucios.com\/site\/wp-json\/wp\/v2\/tags?post=7115"}],"curies":[{"name":"wp","href":"https:\/\/api.w.org\/{rel}","templated":true}]}}