{"id":7116,"date":"2013-04-16T20:02:00","date_gmt":"2013-04-16T20:02:00","guid":{"rendered":"https:\/\/www.oidossucios.com\/site\/2013\/04\/16\/mark-lanegan-y-josh-homme-estrenan-colaboracion\/"},"modified":"2013-04-16T20:02:00","modified_gmt":"2013-04-16T20:02:00","slug":"mark-lanegan-y-josh-homme-estrenan-colaboracion","status":"publish","type":"post","link":"https:\/\/www.oidossucios.com\/site\/mark-lanegan-y-josh-homme-estrenan-colaboracion\/","title":{"rendered":"Mark Lanegan y Josh Homme estrenan colaboraci\u00f3n"},"content":{"rendered":"<p>La uni\u00f3n de Mark Lanegan con Josh Homme no s\u00f3lo obedece a las grabaciones en el \u00faltimo disco de Queens of the Stone Age, sino que tambi\u00e9n unen fuerzas en proyectos que no son exclusivos de la m\u00fasica.<\/p>\n<p>El par de m\u00fasicos present\u00f3 una colaboraci\u00f3n para el programa &#8220;Parts Unknown&#8221;, del conocido chef Anthony Bourdain, que se transmitir\u00e1 en CNN.<\/p>\n<p>Puedes escuchar la canci\u00f3n, de 40 segundos, que lleva el mismo nombre del show, en&nbsp;<a target=\"_blank\" href=\"http:\/\/grungereport.net\/wp-content\/uploads\/2013\/04\/hommelaneganpartsunknown.mp3\" rel=\"noopener noreferrer\">este enlace<\/a>.<\/p>\n<p>Fuente: www.rockaxis.com<![endif]--><!--[if gte mso 10]> <\/style>\n\n <![endif]--><!--nextpage--><img decoding=\"async\" class=\"aligncenter size-medium wp-image-111116673\" src=\"https:\/\/www.oidossucios.com\/site\/wp-content\/uploads\/2020\/02\/6673.jpg\" alt=\"Mark Lanegan y Josh Homme estrenan colaboraci\u00f3n\"  \/><a href='https:\/\/www.oidossucios.com\/site\/mark-lanegan-y-josh-homme-estrenan-colaboracion\/2\/'\n                        onclick='if (tpsInstance) { tpsInstance.setNext(); return false; }'\n                        rel='next'\n                        style=''\n                        class=''>Ver galer\u00eda<\/a>]]><\/p>\n","protected":false},"excerpt":{"rendered":"<p>La uni\u00f3n de Mark Lanegan con Josh Homme no s\u00f3lo obedece a las grabaciones en el \u00faltimo disco de Queens of the Stone Age, sino que tambi\u00e9n unen fuerzas en proyectos que no son exclusivos de la m\u00fasica. El par de m\u00fasicos present\u00f3 una colaboraci\u00f3n para el programa &#8220;Parts Unknown&#8221;, del conocido chef Anthony Bourdain, [&hellip;]<\/p>\n","protected":false},"author":4,"featured_media":100007116,"comment_status":"open","ping_status":"open","sticky":false,"template":"","format":"standard","meta":{"_jetpack_memberships_contains_paid_content":false,"footnotes":""},"categories":[142],"tags":[],"class_list":["post-7116","post","type-post","status-publish","format-standard","has-post-thumbnail","hentry","category-buzznews"],"jetpack_featured_media_url":"https:\/\/www.oidossucios.com\/site\/wp-content\/uploads\/2013\/04\/7116.jpg","yoast_head":"<!-- This site is optimized with the Yoast SEO plugin v14.0.4 - https:\/\/yoast.com\/wordpress\/plugins\/seo\/ -->\n<title>Mark Lanegan y Josh Homme estrenan colaboraci\u00f3n - OidosSucios.Com<\/title>\n<meta name=\"robots\" content=\"index, follow\" \/>\n<meta name=\"googlebot\" content=\"index, follow, max-snippet:-1, max-image-preview:large, max-video-preview:-1\" \/>\n<meta name=\"bingbot\" content=\"index, follow, max-snippet:-1, max-image-preview:large, max-video-preview:-1\" \/>\n<link rel=\"canonical\" href=\"https:\/\/www.oidossucios.com\/site\/mark-lanegan-y-josh-homme-estrenan-colaboracion\/\" \/>\n<link rel=\"next\" href=\"https:\/\/www.oidossucios.com\/site\/mark-lanegan-y-josh-homme-estrenan-colaboracion\/2\/\" \/>\n<meta property=\"og:locale\" content=\"es_ES\" \/>\n<meta property=\"og:type\" content=\"article\" \/>\n<meta property=\"og:title\" content=\"Mark Lanegan y Josh Homme estrenan colaboraci\u00f3n - OidosSucios.Com\" \/>\n<meta property=\"og:description\" content=\"La uni\u00f3n de Mark Lanegan con Josh Homme no s\u00f3lo obedece a las grabaciones en el \u00faltimo disco de Queens of the Stone Age, sino que tambi\u00e9n unen fuerzas en proyectos que no son exclusivos de la m\u00fasica. El par de m\u00fasicos present\u00f3 una colaboraci\u00f3n para el programa &#8220;Parts Unknown&#8221;, del conocido chef Anthony Bourdain, [&hellip;]\" \/>\n<meta property=\"og:url\" content=\"https:\/\/www.oidossucios.com\/site\/mark-lanegan-y-josh-homme-estrenan-colaboracion\/\" \/>\n<meta property=\"og:site_name\" content=\"OidosSucios.Com\" \/>\n<meta property=\"article:published_time\" content=\"2013-04-16T20:02:00+00:00\" \/>\n<meta property=\"og:image\" content=\"https:\/\/www.oidossucios.com\/site\/wp-content\/uploads\/2013\/04\/7116.jpg\" \/>\n\t<meta property=\"og:image:width\" content=\"350\" \/>\n\t<meta property=\"og:image:height\" content=\"300\" \/>\n<meta name=\"twitter:card\" content=\"summary_large_image\" \/>\n<meta name=\"twitter:creator\" content=\"@oidossucios\" \/>\n<script type=\"application\/ld+json\" class=\"yoast-schema-graph\">{\"@context\":\"https:\/\/schema.org\",\"@graph\":[{\"@type\":\"WebSite\",\"@id\":\"https:\/\/www.oidossucios.com\/site\/#website\",\"url\":\"https:\/\/www.oidossucios.com\/site\/\",\"name\":\"OidosSucios.Com\",\"description\":\"M\\u00fasica, conciertos, discos\",\"potentialAction\":[{\"@type\":\"SearchAction\",\"target\":\"https:\/\/www.oidossucios.com\/site\/?s={search_term_string}\",\"query-input\":\"required name=search_term_string\"}],\"inLanguage\":\"es\"},{\"@type\":\"ImageObject\",\"@id\":\"https:\/\/www.oidossucios.com\/site\/mark-lanegan-y-josh-homme-estrenan-colaboracion\/#primaryimage\",\"inLanguage\":\"es\",\"url\":\"https:\/\/www.oidossucios.com\/site\/wp-content\/uploads\/2013\/04\/7116.jpg\",\"width\":350,\"height\":300},{\"@type\":\"WebPage\",\"@id\":\"https:\/\/www.oidossucios.com\/site\/mark-lanegan-y-josh-homme-estrenan-colaboracion\/#webpage\",\"url\":\"https:\/\/www.oidossucios.com\/site\/mark-lanegan-y-josh-homme-estrenan-colaboracion\/\",\"name\":\"Mark Lanegan y Josh Homme estrenan colaboraci\\u00f3n - OidosSucios.Com\",\"isPartOf\":{\"@id\":\"https:\/\/www.oidossucios.com\/site\/#website\"},\"primaryImageOfPage\":{\"@id\":\"https:\/\/www.oidossucios.com\/site\/mark-lanegan-y-josh-homme-estrenan-colaboracion\/#primaryimage\"},\"datePublished\":\"2013-04-16T20:02:00+00:00\",\"dateModified\":\"2013-04-16T20:02:00+00:00\",\"author\":{\"@id\":\"https:\/\/www.oidossucios.com\/site\/#\/schema\/person\/24559eeb76bf83a63296fb072393a688\"},\"inLanguage\":\"es\",\"potentialAction\":[{\"@type\":\"ReadAction\",\"target\":[\"https:\/\/www.oidossucios.com\/site\/mark-lanegan-y-josh-homme-estrenan-colaboracion\/\"]}]},{\"@type\":[\"Person\"],\"@id\":\"https:\/\/www.oidossucios.com\/site\/#\/schema\/person\/24559eeb76bf83a63296fb072393a688\",\"name\":\"Oidossucios\",\"image\":{\"@type\":\"ImageObject\",\"@id\":\"https:\/\/www.oidossucios.com\/site\/#personlogo\",\"inLanguage\":\"es\",\"url\":\"https:\/\/secure.gravatar.com\/avatar\/74fcb480f42f1a33e50a0b6e6369a3f907be2e43dc84fa5f76c66e9c22b4a5ab?s=96&d=mm&r=g\",\"caption\":\"Oidossucios\"},\"sameAs\":[\"https:\/\/twitter.com\/oidossucios\"]}]}<\/script>\n<!-- \/ Yoast SEO plugin. -->","jetpack_sharing_enabled":true,"_links":{"self":[{"href":"https:\/\/www.oidossucios.com\/site\/wp-json\/wp\/v2\/posts\/7116","targetHints":{"allow":["GET"]}}],"collection":[{"href":"https:\/\/www.oidossucios.com\/site\/wp-json\/wp\/v2\/posts"}],"about":[{"href":"https:\/\/www.oidossucios.com\/site\/wp-json\/wp\/v2\/types\/post"}],"author":[{"embeddable":true,"href":"https:\/\/www.oidossucios.com\/site\/wp-json\/wp\/v2\/users\/4"}],"replies":[{"embeddable":true,"href":"https:\/\/www.oidossucios.com\/site\/wp-json\/wp\/v2\/comments?post=7116"}],"version-history":[{"count":0,"href":"https:\/\/www.oidossucios.com\/site\/wp-json\/wp\/v2\/posts\/7116\/revisions"}],"wp:featuredmedia":[{"embeddable":true,"href":"https:\/\/www.oidossucios.com\/site\/wp-json\/wp\/v2\/media\/100007116"}],"wp:attachment":[{"href":"https:\/\/www.oidossucios.com\/site\/wp-json\/wp\/v2\/media?parent=7116"}],"wp:term":[{"taxonomy":"category","embeddable":true,"href":"https:\/\/www.oidossucios.com\/site\/wp-json\/wp\/v2\/categories?post=7116"},{"taxonomy":"post_tag","embeddable":true,"href":"https:\/\/www.oidossucios.com\/site\/wp-json\/wp\/v2\/tags?post=7116"}],"curies":[{"name":"wp","href":"https:\/\/api.w.org\/{rel}","templated":true}]}}