{"id":7132,"date":"2013-04-18T19:38:00","date_gmt":"2013-04-18T19:38:00","guid":{"rendered":"https:\/\/www.oidossucios.com\/site\/2013\/04\/18\/jay-z-en-la-portada-de-las-100-personas-mas-influyentes-del-mundo-segun-la-revista-time\/"},"modified":"2013-04-18T19:38:00","modified_gmt":"2013-04-18T19:38:00","slug":"jay-z-en-la-portada-de-las-100-personas-mas-influyentes-del-mundo-segun-la-revista-time","status":"publish","type":"post","link":"https:\/\/www.oidossucios.com\/site\/jay-z-en-la-portada-de-las-100-personas-mas-influyentes-del-mundo-segun-la-revista-time\/","title":{"rendered":"Jay-Z en la portada de &#8220;Las 100 personas m\u00e1s influyentes del mundo&#8221; seg\u00fan la revista Time"},"content":{"rendered":"<p>S\u00ed, Jay Z volvi\u00f3 a hacerlo. El m\u00fasico, productor y empresario es la portada de la revista TIME dedicada a enlistar a las 100 Personas m\u00e1s Influyentes del Mundo, con nombres que incluyen a otros cuatro m\u00fasicos, gobernadores, actores y, claro, presidentes del mundo.<\/p>\n<p>Justin Timberlake, Beyonc\u00e9, Frank Ocean y Miguel forman parte del listado, adem\u00e1s de Barack Obama, el dictador coreano Kim Jong Un, Daniel Day-Lewis, Jennifer Lawrence, Gabrielle Giffords, Michelle Obama y&nbsp; Bryan Cranston, entre otros.<\/p>\n<p>La lista est\u00e1 dividida en &#8220;Titanes&#8221;, &#8220;Pioneros&#8221;, &#8220;L\u00edderes&#8221;, &#8220;\u00cdconos&#8221; y &#8220;Artistas&#8221;, lo que hace la selecci\u00f3n y acomodo un tanto pol\u00e9mica en m\u00e1s de un caso.<\/p>\n<p>Cabe se\u00f1alar que para describir a cada uno de los personajes, TIME reclut\u00f3 a diferentes personalidades, siendo Michael Bloomberg -alcalde de Nueva York- quien escribi\u00f3 sobre Jay-Z, Baz Luhrmann -director de The Great Gatsby- sobre Beyonc\u00e9 y John Legend sobre Frank Ocean.<\/p>\n<p>La lista completa de las 100 Personas m\u00e1s Influyentes del Mundo <a href=\"http:\/\/time100.time.com\/2013\/04\/18\/time-100\/slide\/all\/\">aqu\u00ed.<\/a> La portda de la revista, en la galer\u00eda. <\/p>\n<p><\/p>\n<p>Fuente: www.warp.la<\/p>\n<p><![endif]--><!--[if gte mso 10]> <\/style>\n\n <![endif]--><!--nextpage--><img decoding=\"async\" class=\"aligncenter size-medium wp-image-111116680\" src=\"https:\/\/www.oidossucios.com\/site\/wp-content\/uploads\/2020\/02\/6680.jpg\" alt=\"Jay-Z en la portada de \"Las 100 personas m\u00e1s influyentes del mundo\" seg\u00fan la revista Time\"  \/><a href='https:\/\/www.oidossucios.com\/site\/jay-z-en-la-portada-de-las-100-personas-mas-influyentes-del-mundo-segun-la-revista-time\/2\/'\n                        onclick='if (tpsInstance) { tpsInstance.setNext(); return false; }'\n                        rel='next'\n                        style=''\n                        class=''>Ver galer\u00eda<\/a>]]><\/p>\n","protected":false},"excerpt":{"rendered":"<p>S\u00ed, Jay Z volvi\u00f3 a hacerlo. El m\u00fasico, productor y empresario es la portada de la revista TIME dedicada a enlistar a las 100 Personas m\u00e1s Influyentes del Mundo, con nombres que incluyen a otros cuatro m\u00fasicos, gobernadores, actores y, claro, presidentes del mundo. Justin Timberlake, Beyonc\u00e9, Frank Ocean y Miguel forman parte del listado, [&hellip;]<\/p>\n","protected":false},"author":4,"featured_media":100007132,"comment_status":"open","ping_status":"open","sticky":false,"template":"","format":"standard","meta":{"_jetpack_memberships_contains_paid_content":false,"footnotes":""},"categories":[142],"tags":[],"class_list":["post-7132","post","type-post","status-publish","format-standard","has-post-thumbnail","hentry","category-buzznews"],"jetpack_featured_media_url":"https:\/\/www.oidossucios.com\/site\/wp-content\/uploads\/2013\/04\/7132.jpg","yoast_head":"<!-- This site is optimized with the Yoast SEO plugin v14.0.4 - https:\/\/yoast.com\/wordpress\/plugins\/seo\/ -->\n<title>Jay-Z en la portada de &quot;Las 100 personas m\u00e1s influyentes del mundo&quot; seg\u00fan la revista Time - OidosSucios.Com<\/title>\n<meta name=\"robots\" content=\"index, follow\" \/>\n<meta name=\"googlebot\" content=\"index, follow, max-snippet:-1, max-image-preview:large, max-video-preview:-1\" \/>\n<meta name=\"bingbot\" content=\"index, follow, max-snippet:-1, max-image-preview:large, max-video-preview:-1\" \/>\n<link rel=\"canonical\" href=\"https:\/\/www.oidossucios.com\/site\/jay-z-en-la-portada-de-las-100-personas-mas-influyentes-del-mundo-segun-la-revista-time\/\" \/>\n<link rel=\"next\" href=\"https:\/\/www.oidossucios.com\/site\/jay-z-en-la-portada-de-las-100-personas-mas-influyentes-del-mundo-segun-la-revista-time\/2\/\" \/>\n<meta property=\"og:locale\" content=\"es_ES\" \/>\n<meta property=\"og:type\" content=\"article\" \/>\n<meta property=\"og:title\" content=\"Jay-Z en la portada de &quot;Las 100 personas m\u00e1s influyentes del mundo&quot; seg\u00fan la revista Time - OidosSucios.Com\" \/>\n<meta property=\"og:description\" content=\"S\u00ed, Jay Z volvi\u00f3 a hacerlo. El m\u00fasico, productor y empresario es la portada de la revista TIME dedicada a enlistar a las 100 Personas m\u00e1s Influyentes del Mundo, con nombres que incluyen a otros cuatro m\u00fasicos, gobernadores, actores y, claro, presidentes del mundo. Justin Timberlake, Beyonc\u00e9, Frank Ocean y Miguel forman parte del listado, [&hellip;]\" \/>\n<meta property=\"og:url\" content=\"https:\/\/www.oidossucios.com\/site\/jay-z-en-la-portada-de-las-100-personas-mas-influyentes-del-mundo-segun-la-revista-time\/\" \/>\n<meta property=\"og:site_name\" content=\"OidosSucios.Com\" \/>\n<meta property=\"article:published_time\" content=\"2013-04-18T19:38:00+00:00\" \/>\n<meta property=\"og:image\" content=\"https:\/\/www.oidossucios.com\/site\/wp-content\/uploads\/2013\/04\/7132.jpg\" \/>\n\t<meta property=\"og:image:width\" content=\"350\" \/>\n\t<meta property=\"og:image:height\" content=\"300\" \/>\n<meta name=\"twitter:card\" content=\"summary_large_image\" \/>\n<meta name=\"twitter:creator\" content=\"@oidossucios\" \/>\n<script type=\"application\/ld+json\" class=\"yoast-schema-graph\">{\"@context\":\"https:\/\/schema.org\",\"@graph\":[{\"@type\":\"WebSite\",\"@id\":\"https:\/\/www.oidossucios.com\/site\/#website\",\"url\":\"https:\/\/www.oidossucios.com\/site\/\",\"name\":\"OidosSucios.Com\",\"description\":\"M\\u00fasica, conciertos, discos\",\"potentialAction\":[{\"@type\":\"SearchAction\",\"target\":\"https:\/\/www.oidossucios.com\/site\/?s={search_term_string}\",\"query-input\":\"required name=search_term_string\"}],\"inLanguage\":\"es\"},{\"@type\":\"ImageObject\",\"@id\":\"https:\/\/www.oidossucios.com\/site\/jay-z-en-la-portada-de-las-100-personas-mas-influyentes-del-mundo-segun-la-revista-time\/#primaryimage\",\"inLanguage\":\"es\",\"url\":\"https:\/\/www.oidossucios.com\/site\/wp-content\/uploads\/2013\/04\/7132.jpg\",\"width\":350,\"height\":300},{\"@type\":\"WebPage\",\"@id\":\"https:\/\/www.oidossucios.com\/site\/jay-z-en-la-portada-de-las-100-personas-mas-influyentes-del-mundo-segun-la-revista-time\/#webpage\",\"url\":\"https:\/\/www.oidossucios.com\/site\/jay-z-en-la-portada-de-las-100-personas-mas-influyentes-del-mundo-segun-la-revista-time\/\",\"name\":\"Jay-Z en la portada de \\\"Las 100 personas m\\u00e1s influyentes del mundo\\\" seg\\u00fan la revista Time - OidosSucios.Com\",\"isPartOf\":{\"@id\":\"https:\/\/www.oidossucios.com\/site\/#website\"},\"primaryImageOfPage\":{\"@id\":\"https:\/\/www.oidossucios.com\/site\/jay-z-en-la-portada-de-las-100-personas-mas-influyentes-del-mundo-segun-la-revista-time\/#primaryimage\"},\"datePublished\":\"2013-04-18T19:38:00+00:00\",\"dateModified\":\"2013-04-18T19:38:00+00:00\",\"author\":{\"@id\":\"https:\/\/www.oidossucios.com\/site\/#\/schema\/person\/24559eeb76bf83a63296fb072393a688\"},\"inLanguage\":\"es\",\"potentialAction\":[{\"@type\":\"ReadAction\",\"target\":[\"https:\/\/www.oidossucios.com\/site\/jay-z-en-la-portada-de-las-100-personas-mas-influyentes-del-mundo-segun-la-revista-time\/\"]}]},{\"@type\":[\"Person\"],\"@id\":\"https:\/\/www.oidossucios.com\/site\/#\/schema\/person\/24559eeb76bf83a63296fb072393a688\",\"name\":\"Oidossucios\",\"image\":{\"@type\":\"ImageObject\",\"@id\":\"https:\/\/www.oidossucios.com\/site\/#personlogo\",\"inLanguage\":\"es\",\"url\":\"https:\/\/secure.gravatar.com\/avatar\/74fcb480f42f1a33e50a0b6e6369a3f907be2e43dc84fa5f76c66e9c22b4a5ab?s=96&d=mm&r=g\",\"caption\":\"Oidossucios\"},\"sameAs\":[\"https:\/\/twitter.com\/oidossucios\"]}]}<\/script>\n<!-- \/ Yoast SEO plugin. -->","jetpack_sharing_enabled":true,"_links":{"self":[{"href":"https:\/\/www.oidossucios.com\/site\/wp-json\/wp\/v2\/posts\/7132","targetHints":{"allow":["GET"]}}],"collection":[{"href":"https:\/\/www.oidossucios.com\/site\/wp-json\/wp\/v2\/posts"}],"about":[{"href":"https:\/\/www.oidossucios.com\/site\/wp-json\/wp\/v2\/types\/post"}],"author":[{"embeddable":true,"href":"https:\/\/www.oidossucios.com\/site\/wp-json\/wp\/v2\/users\/4"}],"replies":[{"embeddable":true,"href":"https:\/\/www.oidossucios.com\/site\/wp-json\/wp\/v2\/comments?post=7132"}],"version-history":[{"count":0,"href":"https:\/\/www.oidossucios.com\/site\/wp-json\/wp\/v2\/posts\/7132\/revisions"}],"wp:featuredmedia":[{"embeddable":true,"href":"https:\/\/www.oidossucios.com\/site\/wp-json\/wp\/v2\/media\/100007132"}],"wp:attachment":[{"href":"https:\/\/www.oidossucios.com\/site\/wp-json\/wp\/v2\/media?parent=7132"}],"wp:term":[{"taxonomy":"category","embeddable":true,"href":"https:\/\/www.oidossucios.com\/site\/wp-json\/wp\/v2\/categories?post=7132"},{"taxonomy":"post_tag","embeddable":true,"href":"https:\/\/www.oidossucios.com\/site\/wp-json\/wp\/v2\/tags?post=7132"}],"curies":[{"name":"wp","href":"https:\/\/api.w.org\/{rel}","templated":true}]}}