{"id":7155,"date":"2013-04-24T17:07:00","date_gmt":"2013-04-24T17:07:00","guid":{"rendered":"https:\/\/www.oidossucios.com\/site\/2013\/04\/24\/fallecio-richie-havens-la-leyenda-del-folk-que-abrio-woodstock-69\/"},"modified":"2013-04-24T17:07:00","modified_gmt":"2013-04-24T17:07:00","slug":"fallecio-richie-havens-la-leyenda-del-folk-que-abrio-woodstock-69","status":"publish","type":"post","link":"https:\/\/www.oidossucios.com\/site\/fallecio-richie-havens-la-leyenda-del-folk-que-abrio-woodstock-69\/","title":{"rendered":"Falleci\u00f3 Richie Havens, la leyenda del Folk que abri\u00f3 Woodstock 69"},"content":{"rendered":"<p>El cantautor estadounidense Richie Havens, el artista que abri\u00f3 el m\u00edtico Festival de Woodstock de 1969 y una de las leyendas de la m\u00fasica folk de Estados Unidos, muri\u00f3 este lunes de un ataque card\u00edaco a los 72 a\u00f1os, seg\u00fan inform\u00f3 su agente.<\/p>\n<p>Havens falleci\u00f3 en su hogar de Jersey City (Nueva Jersey), seg\u00fan indic\u00f3 a Efe el agente, Tim Drake, de la compa\u00f1\u00eda The Roots Agency.<\/p>\n<p>El cantante edit\u00f3 29 discos durante su larga carrera, seis de ellos recopilaciones de temas antiguos.<\/p>\n<p>Nacido en Brooklyn en enero de 1941, Richie Havens comenz\u00f3 su carrera musical en la escena musical del Village neoyorquino de comienzos de los a\u00f1os 60, en la que no era habitual encontrar int\u00e9rpretes de raza negra.<\/p>\n<p>Poco a poco se hizo un hueco por la intensidad de su interpretaci\u00f3n y su peculiar forma de tocar la guitarra (incluso daba algunas claves sobre su estilo en su p\u00e1gina de internet), de forma que se hizo un nombre en la revoluci\u00f3n folk de la m\u00fasica estadounidense durante esa d\u00e9cada.<\/p>\n<p>Su consagraci\u00f3n lleg\u00f3 en Woodstock, elegido para abrir el m\u00edtico festival de ese pueblo del estado de Nueva York, y que fue inmortalizado tambi\u00e9n en una pel\u00edcula que hizo famoso a Havens por todo el mundo.<\/p>\n<p>Havens ten\u00eda una de las voces &#8220;m\u00e1s reconocibles de la m\u00fasica popular&#8221;, se\u00f1al\u00f3 The Roots Agency, quien record\u00f3 su estilo de interpretaci\u00f3n &#8220;intenso, punzante y conmovedor&#8221;, que se hab\u00eda mantenido &#8220;\u00fanico y actual desde su hist\u00f3rica aparici\u00f3n en Woodstock&#8221;, a\u00f1adi\u00f3 la agencia.<\/p>\n<p>Fuente: www.la vanguardia.com<![endif]--><!--[if gte mso 10]> <\/style>\n\n <![endif]--><\/p>\n","protected":false},"excerpt":{"rendered":"<p>El cantautor estadounidense Richie Havens, el artista que abri\u00f3 el m\u00edtico Festival de Woodstock de 1969 y una de las leyendas de la m\u00fasica folk de Estados Unidos, muri\u00f3 este lunes de un ataque card\u00edaco a los 72 a\u00f1os, seg\u00fan inform\u00f3 su agente. Havens falleci\u00f3 en su hogar de Jersey City (Nueva Jersey), seg\u00fan indic\u00f3 [&hellip;]<\/p>\n","protected":false},"author":4,"featured_media":0,"comment_status":"open","ping_status":"open","sticky":false,"template":"","format":"standard","meta":{"_jetpack_memberships_contains_paid_content":false,"footnotes":""},"categories":[142],"tags":[],"class_list":["post-7155","post","type-post","status-publish","format-standard","hentry","category-buzznews"],"jetpack_featured_media_url":"","yoast_head":"<!-- This site is optimized with the Yoast SEO plugin v14.0.4 - https:\/\/yoast.com\/wordpress\/plugins\/seo\/ -->\n<title>Falleci\u00f3 Richie Havens, la leyenda del Folk que abri\u00f3 Woodstock 69 - OidosSucios.Com<\/title>\n<meta name=\"robots\" content=\"index, follow\" \/>\n<meta name=\"googlebot\" content=\"index, follow, max-snippet:-1, max-image-preview:large, max-video-preview:-1\" \/>\n<meta name=\"bingbot\" content=\"index, follow, max-snippet:-1, max-image-preview:large, max-video-preview:-1\" \/>\n<link rel=\"canonical\" href=\"https:\/\/www.oidossucios.com\/site\/fallecio-richie-havens-la-leyenda-del-folk-que-abrio-woodstock-69\/\" \/>\n<meta property=\"og:locale\" content=\"es_ES\" \/>\n<meta property=\"og:type\" content=\"article\" \/>\n<meta property=\"og:title\" content=\"Falleci\u00f3 Richie Havens, la leyenda del Folk que abri\u00f3 Woodstock 69 - OidosSucios.Com\" \/>\n<meta property=\"og:description\" content=\"El cantautor estadounidense Richie Havens, el artista que abri\u00f3 el m\u00edtico Festival de Woodstock de 1969 y una de las leyendas de la m\u00fasica folk de Estados Unidos, muri\u00f3 este lunes de un ataque card\u00edaco a los 72 a\u00f1os, seg\u00fan inform\u00f3 su agente. Havens falleci\u00f3 en su hogar de Jersey City (Nueva Jersey), seg\u00fan indic\u00f3 [&hellip;]\" \/>\n<meta property=\"og:url\" content=\"https:\/\/www.oidossucios.com\/site\/fallecio-richie-havens-la-leyenda-del-folk-que-abrio-woodstock-69\/\" \/>\n<meta property=\"og:site_name\" content=\"OidosSucios.Com\" \/>\n<meta property=\"article:published_time\" content=\"2013-04-24T17:07:00+00:00\" \/>\n<meta name=\"twitter:card\" content=\"summary_large_image\" \/>\n<meta name=\"twitter:creator\" content=\"@oidossucios\" \/>\n<script type=\"application\/ld+json\" class=\"yoast-schema-graph\">{\"@context\":\"https:\/\/schema.org\",\"@graph\":[{\"@type\":\"WebSite\",\"@id\":\"https:\/\/www.oidossucios.com\/site\/#website\",\"url\":\"https:\/\/www.oidossucios.com\/site\/\",\"name\":\"OidosSucios.Com\",\"description\":\"M\\u00fasica, conciertos, discos\",\"potentialAction\":[{\"@type\":\"SearchAction\",\"target\":\"https:\/\/www.oidossucios.com\/site\/?s={search_term_string}\",\"query-input\":\"required name=search_term_string\"}],\"inLanguage\":\"es\"},{\"@type\":\"WebPage\",\"@id\":\"https:\/\/www.oidossucios.com\/site\/fallecio-richie-havens-la-leyenda-del-folk-que-abrio-woodstock-69\/#webpage\",\"url\":\"https:\/\/www.oidossucios.com\/site\/fallecio-richie-havens-la-leyenda-del-folk-que-abrio-woodstock-69\/\",\"name\":\"Falleci\\u00f3 Richie Havens, la leyenda del Folk que abri\\u00f3 Woodstock 69 - OidosSucios.Com\",\"isPartOf\":{\"@id\":\"https:\/\/www.oidossucios.com\/site\/#website\"},\"datePublished\":\"2013-04-24T17:07:00+00:00\",\"dateModified\":\"2013-04-24T17:07:00+00:00\",\"author\":{\"@id\":\"https:\/\/www.oidossucios.com\/site\/#\/schema\/person\/24559eeb76bf83a63296fb072393a688\"},\"inLanguage\":\"es\",\"potentialAction\":[{\"@type\":\"ReadAction\",\"target\":[\"https:\/\/www.oidossucios.com\/site\/fallecio-richie-havens-la-leyenda-del-folk-que-abrio-woodstock-69\/\"]}]},{\"@type\":[\"Person\"],\"@id\":\"https:\/\/www.oidossucios.com\/site\/#\/schema\/person\/24559eeb76bf83a63296fb072393a688\",\"name\":\"Oidossucios\",\"image\":{\"@type\":\"ImageObject\",\"@id\":\"https:\/\/www.oidossucios.com\/site\/#personlogo\",\"inLanguage\":\"es\",\"url\":\"https:\/\/secure.gravatar.com\/avatar\/74fcb480f42f1a33e50a0b6e6369a3f907be2e43dc84fa5f76c66e9c22b4a5ab?s=96&d=mm&r=g\",\"caption\":\"Oidossucios\"},\"sameAs\":[\"https:\/\/twitter.com\/oidossucios\"]}]}<\/script>\n<!-- \/ Yoast SEO plugin. -->","jetpack_sharing_enabled":true,"_links":{"self":[{"href":"https:\/\/www.oidossucios.com\/site\/wp-json\/wp\/v2\/posts\/7155","targetHints":{"allow":["GET"]}}],"collection":[{"href":"https:\/\/www.oidossucios.com\/site\/wp-json\/wp\/v2\/posts"}],"about":[{"href":"https:\/\/www.oidossucios.com\/site\/wp-json\/wp\/v2\/types\/post"}],"author":[{"embeddable":true,"href":"https:\/\/www.oidossucios.com\/site\/wp-json\/wp\/v2\/users\/4"}],"replies":[{"embeddable":true,"href":"https:\/\/www.oidossucios.com\/site\/wp-json\/wp\/v2\/comments?post=7155"}],"version-history":[{"count":0,"href":"https:\/\/www.oidossucios.com\/site\/wp-json\/wp\/v2\/posts\/7155\/revisions"}],"wp:attachment":[{"href":"https:\/\/www.oidossucios.com\/site\/wp-json\/wp\/v2\/media?parent=7155"}],"wp:term":[{"taxonomy":"category","embeddable":true,"href":"https:\/\/www.oidossucios.com\/site\/wp-json\/wp\/v2\/categories?post=7155"},{"taxonomy":"post_tag","embeddable":true,"href":"https:\/\/www.oidossucios.com\/site\/wp-json\/wp\/v2\/tags?post=7155"}],"curies":[{"name":"wp","href":"https:\/\/api.w.org\/{rel}","templated":true}]}}