{"id":7158,"date":"2013-04-25T18:32:00","date_gmt":"2013-04-25T18:32:00","guid":{"rendered":"https:\/\/www.oidossucios.com\/site\/2013\/04\/25\/desorden-publico-cambia-su-fecha-en-caracas\/"},"modified":"2013-04-25T18:32:00","modified_gmt":"2013-04-25T18:32:00","slug":"desorden-publico-cambia-su-fecha-en-caracas","status":"publish","type":"post","link":"https:\/\/www.oidossucios.com\/site\/desorden-publico-cambia-su-fecha-en-caracas\/","title":{"rendered":"Desorden P\u00fablico cambia su fecha en Caracas"},"content":{"rendered":"<p><![endif]-->El 15 de mayo de 2013 es la nueva fecha programada para el show &#8220;Org\u00e1nico&#8221; de Desorden P\u00fablico a realizarse en el sal\u00f3n Plaza Real del Eurobuilding Hotel &amp; Suites Caracas.<\/p>\n<p>&#8220;Org\u00e1nico&#8221; ser\u00e1 un espect\u00e1culo \u00edntimo donde el p\u00fablico tendr\u00e1 la oportunidad de conectarse con esta legendaria agrupaci\u00f3n que se ha encargado de llevar el nombre de Venezuela por todo el mundo. Una manera diferente de disfrutar sus \u00e9xitos y canciones favoritas, con nuevos arreglos, diferentes instrumentos e invitados de lujo como Alfredo Naranjo, Ga\u00e9lica, Mariaca Semprun, Emigdio Su\u00e1rez, Noel Mijares, Dj Cannabis -musicalizando la noche-&nbsp; y el reconocido periodista, escritor y mel\u00f3mano, C\u00e9sar Miguel Rond\u00f3n, como anfitri\u00f3n.<\/p>\n<p>Aquellas personas que ya adquirieron sus entradas mantendr\u00e1n la misma ubicaci\u00f3n. Para aquellos que no puedan asistir a la nueva fecha, la banda ofreci\u00f3 disculpas y comunic\u00f3 que se pueden poner en contacto con tuticket.com para solicitar la devoluci\u00f3n de su dinero.<\/p>\n<p>M\u00e1s informaci\u00f3n en: @desordenpublico<!--[if gte mso 10]> <\/style>\n\n <![endif]--><\/p>\n","protected":false},"excerpt":{"rendered":"<p>El 15 de mayo de 2013 es la nueva fecha programada para el show &#8220;Org\u00e1nico&#8221; de Desorden P\u00fablico a realizarse en el sal\u00f3n Plaza Real del Eurobuilding Hotel &amp; Suites Caracas. &#8220;Org\u00e1nico&#8221; ser\u00e1 un espect\u00e1culo \u00edntimo donde el p\u00fablico tendr\u00e1 la oportunidad de conectarse con esta legendaria agrupaci\u00f3n que se ha encargado de llevar el [&hellip;]<\/p>\n","protected":false},"author":4,"featured_media":100007158,"comment_status":"open","ping_status":"open","sticky":false,"template":"","format":"standard","meta":{"_jetpack_memberships_contains_paid_content":false,"footnotes":""},"categories":[142],"tags":[],"class_list":["post-7158","post","type-post","status-publish","format-standard","has-post-thumbnail","hentry","category-buzznews"],"jetpack_featured_media_url":"https:\/\/www.oidossucios.com\/site\/wp-content\/uploads\/2013\/04\/7158.jpg","yoast_head":"<!-- This site is optimized with the Yoast SEO plugin v14.0.4 - https:\/\/yoast.com\/wordpress\/plugins\/seo\/ -->\n<title>Desorden P\u00fablico cambia su fecha en Caracas - OidosSucios.Com<\/title>\n<meta name=\"robots\" content=\"index, follow\" \/>\n<meta name=\"googlebot\" content=\"index, follow, max-snippet:-1, max-image-preview:large, max-video-preview:-1\" \/>\n<meta name=\"bingbot\" content=\"index, follow, max-snippet:-1, max-image-preview:large, max-video-preview:-1\" \/>\n<link rel=\"canonical\" href=\"https:\/\/www.oidossucios.com\/site\/desorden-publico-cambia-su-fecha-en-caracas\/\" \/>\n<meta property=\"og:locale\" content=\"es_ES\" \/>\n<meta property=\"og:type\" content=\"article\" \/>\n<meta property=\"og:title\" content=\"Desorden P\u00fablico cambia su fecha en Caracas - OidosSucios.Com\" \/>\n<meta property=\"og:description\" content=\"El 15 de mayo de 2013 es la nueva fecha programada para el show &#8220;Org\u00e1nico&#8221; de Desorden P\u00fablico a realizarse en el sal\u00f3n Plaza Real del Eurobuilding Hotel &amp; Suites Caracas. &#8220;Org\u00e1nico&#8221; ser\u00e1 un espect\u00e1culo \u00edntimo donde el p\u00fablico tendr\u00e1 la oportunidad de conectarse con esta legendaria agrupaci\u00f3n que se ha encargado de llevar el [&hellip;]\" \/>\n<meta property=\"og:url\" content=\"https:\/\/www.oidossucios.com\/site\/desorden-publico-cambia-su-fecha-en-caracas\/\" \/>\n<meta property=\"og:site_name\" content=\"OidosSucios.Com\" \/>\n<meta property=\"article:published_time\" content=\"2013-04-25T18:32:00+00:00\" \/>\n<meta property=\"og:image\" content=\"https:\/\/www.oidossucios.com\/site\/wp-content\/uploads\/2013\/04\/7158.jpg\" \/>\n\t<meta property=\"og:image:width\" content=\"350\" \/>\n\t<meta property=\"og:image:height\" content=\"300\" \/>\n<meta name=\"twitter:card\" content=\"summary_large_image\" \/>\n<meta name=\"twitter:creator\" content=\"@oidossucios\" \/>\n<script type=\"application\/ld+json\" class=\"yoast-schema-graph\">{\"@context\":\"https:\/\/schema.org\",\"@graph\":[{\"@type\":\"WebSite\",\"@id\":\"https:\/\/www.oidossucios.com\/site\/#website\",\"url\":\"https:\/\/www.oidossucios.com\/site\/\",\"name\":\"OidosSucios.Com\",\"description\":\"M\\u00fasica, conciertos, discos\",\"potentialAction\":[{\"@type\":\"SearchAction\",\"target\":\"https:\/\/www.oidossucios.com\/site\/?s={search_term_string}\",\"query-input\":\"required name=search_term_string\"}],\"inLanguage\":\"es\"},{\"@type\":\"ImageObject\",\"@id\":\"https:\/\/www.oidossucios.com\/site\/desorden-publico-cambia-su-fecha-en-caracas\/#primaryimage\",\"inLanguage\":\"es\",\"url\":\"https:\/\/www.oidossucios.com\/site\/wp-content\/uploads\/2013\/04\/7158.jpg\",\"width\":350,\"height\":300},{\"@type\":\"WebPage\",\"@id\":\"https:\/\/www.oidossucios.com\/site\/desorden-publico-cambia-su-fecha-en-caracas\/#webpage\",\"url\":\"https:\/\/www.oidossucios.com\/site\/desorden-publico-cambia-su-fecha-en-caracas\/\",\"name\":\"Desorden P\\u00fablico cambia su fecha en Caracas - OidosSucios.Com\",\"isPartOf\":{\"@id\":\"https:\/\/www.oidossucios.com\/site\/#website\"},\"primaryImageOfPage\":{\"@id\":\"https:\/\/www.oidossucios.com\/site\/desorden-publico-cambia-su-fecha-en-caracas\/#primaryimage\"},\"datePublished\":\"2013-04-25T18:32:00+00:00\",\"dateModified\":\"2013-04-25T18:32:00+00:00\",\"author\":{\"@id\":\"https:\/\/www.oidossucios.com\/site\/#\/schema\/person\/24559eeb76bf83a63296fb072393a688\"},\"inLanguage\":\"es\",\"potentialAction\":[{\"@type\":\"ReadAction\",\"target\":[\"https:\/\/www.oidossucios.com\/site\/desorden-publico-cambia-su-fecha-en-caracas\/\"]}]},{\"@type\":[\"Person\"],\"@id\":\"https:\/\/www.oidossucios.com\/site\/#\/schema\/person\/24559eeb76bf83a63296fb072393a688\",\"name\":\"Oidossucios\",\"image\":{\"@type\":\"ImageObject\",\"@id\":\"https:\/\/www.oidossucios.com\/site\/#personlogo\",\"inLanguage\":\"es\",\"url\":\"https:\/\/secure.gravatar.com\/avatar\/74fcb480f42f1a33e50a0b6e6369a3f907be2e43dc84fa5f76c66e9c22b4a5ab?s=96&d=mm&r=g\",\"caption\":\"Oidossucios\"},\"sameAs\":[\"https:\/\/twitter.com\/oidossucios\"]}]}<\/script>\n<!-- \/ Yoast SEO plugin. -->","jetpack_sharing_enabled":true,"_links":{"self":[{"href":"https:\/\/www.oidossucios.com\/site\/wp-json\/wp\/v2\/posts\/7158","targetHints":{"allow":["GET"]}}],"collection":[{"href":"https:\/\/www.oidossucios.com\/site\/wp-json\/wp\/v2\/posts"}],"about":[{"href":"https:\/\/www.oidossucios.com\/site\/wp-json\/wp\/v2\/types\/post"}],"author":[{"embeddable":true,"href":"https:\/\/www.oidossucios.com\/site\/wp-json\/wp\/v2\/users\/4"}],"replies":[{"embeddable":true,"href":"https:\/\/www.oidossucios.com\/site\/wp-json\/wp\/v2\/comments?post=7158"}],"version-history":[{"count":0,"href":"https:\/\/www.oidossucios.com\/site\/wp-json\/wp\/v2\/posts\/7158\/revisions"}],"wp:featuredmedia":[{"embeddable":true,"href":"https:\/\/www.oidossucios.com\/site\/wp-json\/wp\/v2\/media\/100007158"}],"wp:attachment":[{"href":"https:\/\/www.oidossucios.com\/site\/wp-json\/wp\/v2\/media?parent=7158"}],"wp:term":[{"taxonomy":"category","embeddable":true,"href":"https:\/\/www.oidossucios.com\/site\/wp-json\/wp\/v2\/categories?post=7158"},{"taxonomy":"post_tag","embeddable":true,"href":"https:\/\/www.oidossucios.com\/site\/wp-json\/wp\/v2\/tags?post=7158"}],"curies":[{"name":"wp","href":"https:\/\/api.w.org\/{rel}","templated":true}]}}