{"id":7161,"date":"2013-04-25T19:17:00","date_gmt":"2013-04-25T19:17:00","guid":{"rendered":"https:\/\/www.oidossucios.com\/site\/2013\/04\/25\/tv-on-the-radio-lanzara-nuevo-material\/"},"modified":"2013-04-25T19:17:00","modified_gmt":"2013-04-25T19:17:00","slug":"tv-on-the-radio-lanzara-nuevo-material","status":"publish","type":"post","link":"https:\/\/www.oidossucios.com\/site\/tv-on-the-radio-lanzara-nuevo-material\/","title":{"rendered":"TV On The Radio lanzar\u00e1 nuevo material"},"content":{"rendered":"<p><![endif]-->TV On The Radio lanzar\u00e1 nuevo material\u0085 aunque no se trate de su sexta placa de estudio. La noticia fue revelada por Tunde Adebimpe, vocalista de la banda, quien asegur\u00f3 que se encuentran trabajando en un nuevo material.<\/p>\n<p>En entrevista con SPIN, el m\u00fasico se\u00f1al\u00f3 que a\u00fan no tienen planes concretos para un nuevo \u00e1lbum, pero que ya trabajan en canciones, &#8220;cosas peque\u00f1as que podemos lanzar regularmente hasta que un disco parezca posible&#8221;. Dicho lanzamiento ocurrir\u00e1 en breve a trav\u00e9s de Federal Prism, sello de Dave Sitek, luego de haber roto su relaci\u00f3n con Interscope Records.<\/p>\n<p>Justo sobre el tema, Adebimpe se limit\u00f3 a decir: &#8220;Ehhh\u0085 nos separamos de ellos. Para lo mejor de mi conocimiento ellos pueden pedir otro disco, pero no creo que vayamos a hacerlo. Um, s\u00ed, ellos hicieron lo que hicieron. (Risas) Es lo m\u00e1s diplom\u00e1tico que puedo plantear el tema.&#8221;<\/p>\n<p>Por lo pronto, la banda ya tiene confirmada su presentaci\u00f3n en diversos festivales y, adem\u00e1s, se encargar\u00e1n de curar el ATP Festival, que se llevar\u00e1 a cabo del 10 al 12 de mayo en Camber Sands, Inglaterra.<\/p>\n<p>Fuente: www.warp.la<!--[if gte mso 10]> <\/style>\n\n <![endif]--><\/p>\n","protected":false},"excerpt":{"rendered":"<p>TV On The Radio lanzar\u00e1 nuevo material\u0085 aunque no se trate de su sexta placa de estudio. La noticia fue revelada por Tunde Adebimpe, vocalista de la banda, quien asegur\u00f3 que se encuentran trabajando en un nuevo material. En entrevista con SPIN, el m\u00fasico se\u00f1al\u00f3 que a\u00fan no tienen planes concretos para un nuevo \u00e1lbum, [&hellip;]<\/p>\n","protected":false},"author":4,"featured_media":100007161,"comment_status":"open","ping_status":"open","sticky":false,"template":"","format":"standard","meta":{"_jetpack_memberships_contains_paid_content":false,"footnotes":""},"categories":[142],"tags":[],"class_list":["post-7161","post","type-post","status-publish","format-standard","has-post-thumbnail","hentry","category-buzznews"],"jetpack_featured_media_url":"https:\/\/www.oidossucios.com\/site\/wp-content\/uploads\/2013\/04\/7161.jpg","yoast_head":"<!-- This site is optimized with the Yoast SEO plugin v14.0.4 - https:\/\/yoast.com\/wordpress\/plugins\/seo\/ -->\n<title>TV On The Radio lanzar\u00e1 nuevo material - OidosSucios.Com<\/title>\n<meta name=\"robots\" content=\"index, follow\" \/>\n<meta name=\"googlebot\" content=\"index, follow, max-snippet:-1, max-image-preview:large, max-video-preview:-1\" \/>\n<meta name=\"bingbot\" content=\"index, follow, max-snippet:-1, max-image-preview:large, max-video-preview:-1\" \/>\n<link rel=\"canonical\" href=\"https:\/\/www.oidossucios.com\/site\/tv-on-the-radio-lanzara-nuevo-material\/\" \/>\n<meta property=\"og:locale\" content=\"es_ES\" \/>\n<meta property=\"og:type\" content=\"article\" \/>\n<meta property=\"og:title\" content=\"TV On The Radio lanzar\u00e1 nuevo material - OidosSucios.Com\" \/>\n<meta property=\"og:description\" content=\"TV On The Radio lanzar\u00e1 nuevo material\u0085 aunque no se trate de su sexta placa de estudio. La noticia fue revelada por Tunde Adebimpe, vocalista de la banda, quien asegur\u00f3 que se encuentran trabajando en un nuevo material. En entrevista con SPIN, el m\u00fasico se\u00f1al\u00f3 que a\u00fan no tienen planes concretos para un nuevo \u00e1lbum, [&hellip;]\" \/>\n<meta property=\"og:url\" content=\"https:\/\/www.oidossucios.com\/site\/tv-on-the-radio-lanzara-nuevo-material\/\" \/>\n<meta property=\"og:site_name\" content=\"OidosSucios.Com\" \/>\n<meta property=\"article:published_time\" content=\"2013-04-25T19:17:00+00:00\" \/>\n<meta property=\"og:image\" content=\"https:\/\/www.oidossucios.com\/site\/wp-content\/uploads\/2013\/04\/7161.jpg\" \/>\n\t<meta property=\"og:image:width\" content=\"350\" \/>\n\t<meta property=\"og:image:height\" content=\"300\" \/>\n<meta name=\"twitter:card\" content=\"summary_large_image\" \/>\n<meta name=\"twitter:creator\" content=\"@oidossucios\" \/>\n<script type=\"application\/ld+json\" class=\"yoast-schema-graph\">{\"@context\":\"https:\/\/schema.org\",\"@graph\":[{\"@type\":\"WebSite\",\"@id\":\"https:\/\/www.oidossucios.com\/site\/#website\",\"url\":\"https:\/\/www.oidossucios.com\/site\/\",\"name\":\"OidosSucios.Com\",\"description\":\"M\\u00fasica, conciertos, discos\",\"potentialAction\":[{\"@type\":\"SearchAction\",\"target\":\"https:\/\/www.oidossucios.com\/site\/?s={search_term_string}\",\"query-input\":\"required name=search_term_string\"}],\"inLanguage\":\"es\"},{\"@type\":\"ImageObject\",\"@id\":\"https:\/\/www.oidossucios.com\/site\/tv-on-the-radio-lanzara-nuevo-material\/#primaryimage\",\"inLanguage\":\"es\",\"url\":\"https:\/\/www.oidossucios.com\/site\/wp-content\/uploads\/2013\/04\/7161.jpg\",\"width\":350,\"height\":300},{\"@type\":\"WebPage\",\"@id\":\"https:\/\/www.oidossucios.com\/site\/tv-on-the-radio-lanzara-nuevo-material\/#webpage\",\"url\":\"https:\/\/www.oidossucios.com\/site\/tv-on-the-radio-lanzara-nuevo-material\/\",\"name\":\"TV On The Radio lanzar\\u00e1 nuevo material - OidosSucios.Com\",\"isPartOf\":{\"@id\":\"https:\/\/www.oidossucios.com\/site\/#website\"},\"primaryImageOfPage\":{\"@id\":\"https:\/\/www.oidossucios.com\/site\/tv-on-the-radio-lanzara-nuevo-material\/#primaryimage\"},\"datePublished\":\"2013-04-25T19:17:00+00:00\",\"dateModified\":\"2013-04-25T19:17:00+00:00\",\"author\":{\"@id\":\"https:\/\/www.oidossucios.com\/site\/#\/schema\/person\/24559eeb76bf83a63296fb072393a688\"},\"inLanguage\":\"es\",\"potentialAction\":[{\"@type\":\"ReadAction\",\"target\":[\"https:\/\/www.oidossucios.com\/site\/tv-on-the-radio-lanzara-nuevo-material\/\"]}]},{\"@type\":[\"Person\"],\"@id\":\"https:\/\/www.oidossucios.com\/site\/#\/schema\/person\/24559eeb76bf83a63296fb072393a688\",\"name\":\"Oidossucios\",\"image\":{\"@type\":\"ImageObject\",\"@id\":\"https:\/\/www.oidossucios.com\/site\/#personlogo\",\"inLanguage\":\"es\",\"url\":\"https:\/\/secure.gravatar.com\/avatar\/74fcb480f42f1a33e50a0b6e6369a3f907be2e43dc84fa5f76c66e9c22b4a5ab?s=96&d=mm&r=g\",\"caption\":\"Oidossucios\"},\"sameAs\":[\"https:\/\/twitter.com\/oidossucios\"]}]}<\/script>\n<!-- \/ Yoast SEO plugin. -->","jetpack_sharing_enabled":true,"_links":{"self":[{"href":"https:\/\/www.oidossucios.com\/site\/wp-json\/wp\/v2\/posts\/7161","targetHints":{"allow":["GET"]}}],"collection":[{"href":"https:\/\/www.oidossucios.com\/site\/wp-json\/wp\/v2\/posts"}],"about":[{"href":"https:\/\/www.oidossucios.com\/site\/wp-json\/wp\/v2\/types\/post"}],"author":[{"embeddable":true,"href":"https:\/\/www.oidossucios.com\/site\/wp-json\/wp\/v2\/users\/4"}],"replies":[{"embeddable":true,"href":"https:\/\/www.oidossucios.com\/site\/wp-json\/wp\/v2\/comments?post=7161"}],"version-history":[{"count":0,"href":"https:\/\/www.oidossucios.com\/site\/wp-json\/wp\/v2\/posts\/7161\/revisions"}],"wp:featuredmedia":[{"embeddable":true,"href":"https:\/\/www.oidossucios.com\/site\/wp-json\/wp\/v2\/media\/100007161"}],"wp:attachment":[{"href":"https:\/\/www.oidossucios.com\/site\/wp-json\/wp\/v2\/media?parent=7161"}],"wp:term":[{"taxonomy":"category","embeddable":true,"href":"https:\/\/www.oidossucios.com\/site\/wp-json\/wp\/v2\/categories?post=7161"},{"taxonomy":"post_tag","embeddable":true,"href":"https:\/\/www.oidossucios.com\/site\/wp-json\/wp\/v2\/tags?post=7161"}],"curies":[{"name":"wp","href":"https:\/\/api.w.org\/{rel}","templated":true}]}}