{"id":7177,"date":"2013-04-29T20:58:00","date_gmt":"2013-04-29T20:58:00","guid":{"rendered":"https:\/\/www.oidossucios.com\/site\/2013\/04\/29\/blur-se-acerca-a-latinoamerica\/"},"modified":"2013-04-29T20:58:00","modified_gmt":"2013-04-29T20:58:00","slug":"blur-se-acerca-a-latinoamerica","status":"publish","type":"post","link":"https:\/\/www.oidossucios.com\/site\/blur-se-acerca-a-latinoamerica\/","title":{"rendered":"Blur se acerca a Latinoam\u00e9rica"},"content":{"rendered":"<p>Por <\/p>\n<p>La web oficial de la emisora radial argentina <a href=\"http:\/\/www.fmrockandpop.com\/2013\/04\/blur-se-acerca-a-latinoamerica\/\">FM Rock &amp; Pop<\/a>, public\u00f3 una nota comentando sobre una posible visita de Blur a Latinoam\u00e9rica, espec\u00edficamente a Chile en Noviembre de este a\u00f1o.<\/p>\n<p>A\u00fan no se ha confirmado la informaci\u00f3n, ni se sabe si Blur tocar\u00e1 en alg\u00fan otro pa\u00eds de la regi\u00f3n.<\/p>\n<p>La nota, a continuaci\u00f3n.<i><\/p>\n<p>Te lo venimos anticipando hace un largo tiempo: el 2013 va a ser un a\u00f1o a puro rock. S\u00ed, poco a poco se van confirmando y develando las bandas que van a visitarnos en los pr\u00f3ximos meses, y la \u00fanica duda que nos queda es qu\u00e9 billetera va a poder aguantar la invasi\u00f3n musical que nos espera.<\/i><i><\/p>\n<p>Uno de los rumores m\u00e1s fuertes del a\u00f1o est\u00e1 relacionado con Blur y su posible visita a Sudam\u00e9rica. El grupo ingl\u00e9s viene de presentarse en M\u00e9xico y Estados Unidos, y todo parece indicar que desembarcar\u00e1 por primera vez en esta parte del continente en noviembre de este a\u00f1o.<\/i><i><\/p>\n<p>Seg\u00fan el diario chileno La Tercera, la banda liderada por Damon Albarn tiene todo acordado para tocar en el pa\u00eds trasandino el pr\u00f3ximo 7 de noviembre en un lugar que tendr\u00eda capacidad para 25 mil personas. A pesar de los rumores que hab\u00edan circulado, se descarta la posibilidad de que el grupo participe de un festival internacional como Maquinaria por el alto cachet de contrataci\u00f3n que tienen.<\/i><i><\/p>\n<p>Se espera que el anuncio se confirme a mediados de a\u00f1o y que Blur incluya en su gira latinoamericana nuestro pa\u00eds.<\/i><![endif]--><!--[if gte mso 10]> <\/style>\n\n <![endif]--><\/p>\n","protected":false},"excerpt":{"rendered":"<p>Seg\u00fan el diario chileno La Tercera, la banda liderada por Damon Albarn tiene todo acordado para tocar en el pa\u00eds trasandino el pr\u00f3ximo 7 de noviembre en un lugar que tendr\u00eda capacidad para 25 mil personas.<\/p>\n","protected":false},"author":4,"featured_media":100007177,"comment_status":"open","ping_status":"open","sticky":false,"template":"","format":"standard","meta":{"_jetpack_memberships_contains_paid_content":false,"footnotes":""},"categories":[640],"tags":[],"class_list":["post-7177","post","type-post","status-publish","format-standard","has-post-thumbnail","hentry","category-rumores"],"jetpack_featured_media_url":"https:\/\/www.oidossucios.com\/site\/wp-content\/uploads\/2013\/04\/7177.jpg","yoast_head":"<!-- This site is optimized with the Yoast SEO plugin v14.0.4 - https:\/\/yoast.com\/wordpress\/plugins\/seo\/ -->\n<title>Blur se acerca a Latinoam\u00e9rica - OidosSucios.Com<\/title>\n<meta name=\"description\" content=\"Seg\u00fan el diario chileno La Tercera, la banda liderada por Damon Albarn tiene todo acordado para tocar en el pa\u00eds trasandino el pr\u00f3ximo 7 de noviembre en un lugar que tendr\u00eda capacidad para 25 mil personas.\" \/>\n<meta name=\"robots\" content=\"index, follow\" \/>\n<meta name=\"googlebot\" content=\"index, follow, max-snippet:-1, max-image-preview:large, max-video-preview:-1\" \/>\n<meta name=\"bingbot\" content=\"index, follow, max-snippet:-1, max-image-preview:large, max-video-preview:-1\" \/>\n<link rel=\"canonical\" href=\"https:\/\/www.oidossucios.com\/site\/blur-se-acerca-a-latinoamerica\/\" \/>\n<meta property=\"og:locale\" content=\"es_ES\" \/>\n<meta property=\"og:type\" content=\"article\" \/>\n<meta property=\"og:title\" content=\"Blur se acerca a Latinoam\u00e9rica - OidosSucios.Com\" \/>\n<meta property=\"og:description\" content=\"Seg\u00fan el diario chileno La Tercera, la banda liderada por Damon Albarn tiene todo acordado para tocar en el pa\u00eds trasandino el pr\u00f3ximo 7 de noviembre en un lugar que tendr\u00eda capacidad para 25 mil personas.\" \/>\n<meta property=\"og:url\" content=\"https:\/\/www.oidossucios.com\/site\/blur-se-acerca-a-latinoamerica\/\" \/>\n<meta property=\"og:site_name\" content=\"OidosSucios.Com\" \/>\n<meta property=\"article:published_time\" content=\"2013-04-29T20:58:00+00:00\" \/>\n<meta property=\"og:image\" content=\"https:\/\/www.oidossucios.com\/site\/wp-content\/uploads\/2013\/04\/7177.jpg\" \/>\n\t<meta property=\"og:image:width\" content=\"350\" \/>\n\t<meta property=\"og:image:height\" content=\"300\" \/>\n<meta name=\"twitter:card\" content=\"summary_large_image\" \/>\n<meta name=\"twitter:creator\" content=\"@oidossucios\" \/>\n<script type=\"application\/ld+json\" class=\"yoast-schema-graph\">{\"@context\":\"https:\/\/schema.org\",\"@graph\":[{\"@type\":\"WebSite\",\"@id\":\"https:\/\/www.oidossucios.com\/site\/#website\",\"url\":\"https:\/\/www.oidossucios.com\/site\/\",\"name\":\"OidosSucios.Com\",\"description\":\"M\\u00fasica, conciertos, discos\",\"potentialAction\":[{\"@type\":\"SearchAction\",\"target\":\"https:\/\/www.oidossucios.com\/site\/?s={search_term_string}\",\"query-input\":\"required name=search_term_string\"}],\"inLanguage\":\"es\"},{\"@type\":\"ImageObject\",\"@id\":\"https:\/\/www.oidossucios.com\/site\/blur-se-acerca-a-latinoamerica\/#primaryimage\",\"inLanguage\":\"es\",\"url\":\"https:\/\/www.oidossucios.com\/site\/wp-content\/uploads\/2013\/04\/7177.jpg\",\"width\":350,\"height\":300},{\"@type\":\"WebPage\",\"@id\":\"https:\/\/www.oidossucios.com\/site\/blur-se-acerca-a-latinoamerica\/#webpage\",\"url\":\"https:\/\/www.oidossucios.com\/site\/blur-se-acerca-a-latinoamerica\/\",\"name\":\"Blur se acerca a Latinoam\\u00e9rica - OidosSucios.Com\",\"isPartOf\":{\"@id\":\"https:\/\/www.oidossucios.com\/site\/#website\"},\"primaryImageOfPage\":{\"@id\":\"https:\/\/www.oidossucios.com\/site\/blur-se-acerca-a-latinoamerica\/#primaryimage\"},\"datePublished\":\"2013-04-29T20:58:00+00:00\",\"dateModified\":\"2013-04-29T20:58:00+00:00\",\"author\":{\"@id\":\"https:\/\/www.oidossucios.com\/site\/#\/schema\/person\/24559eeb76bf83a63296fb072393a688\"},\"description\":\"Seg\\u00fan el diario chileno La Tercera, la banda liderada por Damon Albarn tiene todo acordado para tocar en el pa\\u00eds trasandino el pr\\u00f3ximo 7 de noviembre en un lugar que tendr\\u00eda capacidad para 25 mil personas.\",\"inLanguage\":\"es\",\"potentialAction\":[{\"@type\":\"ReadAction\",\"target\":[\"https:\/\/www.oidossucios.com\/site\/blur-se-acerca-a-latinoamerica\/\"]}]},{\"@type\":[\"Person\"],\"@id\":\"https:\/\/www.oidossucios.com\/site\/#\/schema\/person\/24559eeb76bf83a63296fb072393a688\",\"name\":\"Oidossucios\",\"image\":{\"@type\":\"ImageObject\",\"@id\":\"https:\/\/www.oidossucios.com\/site\/#personlogo\",\"inLanguage\":\"es\",\"url\":\"https:\/\/secure.gravatar.com\/avatar\/74fcb480f42f1a33e50a0b6e6369a3f907be2e43dc84fa5f76c66e9c22b4a5ab?s=96&d=mm&r=g\",\"caption\":\"Oidossucios\"},\"sameAs\":[\"https:\/\/twitter.com\/oidossucios\"]}]}<\/script>\n<!-- \/ Yoast SEO plugin. -->","jetpack_sharing_enabled":true,"_links":{"self":[{"href":"https:\/\/www.oidossucios.com\/site\/wp-json\/wp\/v2\/posts\/7177","targetHints":{"allow":["GET"]}}],"collection":[{"href":"https:\/\/www.oidossucios.com\/site\/wp-json\/wp\/v2\/posts"}],"about":[{"href":"https:\/\/www.oidossucios.com\/site\/wp-json\/wp\/v2\/types\/post"}],"author":[{"embeddable":true,"href":"https:\/\/www.oidossucios.com\/site\/wp-json\/wp\/v2\/users\/4"}],"replies":[{"embeddable":true,"href":"https:\/\/www.oidossucios.com\/site\/wp-json\/wp\/v2\/comments?post=7177"}],"version-history":[{"count":0,"href":"https:\/\/www.oidossucios.com\/site\/wp-json\/wp\/v2\/posts\/7177\/revisions"}],"wp:featuredmedia":[{"embeddable":true,"href":"https:\/\/www.oidossucios.com\/site\/wp-json\/wp\/v2\/media\/100007177"}],"wp:attachment":[{"href":"https:\/\/www.oidossucios.com\/site\/wp-json\/wp\/v2\/media?parent=7177"}],"wp:term":[{"taxonomy":"category","embeddable":true,"href":"https:\/\/www.oidossucios.com\/site\/wp-json\/wp\/v2\/categories?post=7177"},{"taxonomy":"post_tag","embeddable":true,"href":"https:\/\/www.oidossucios.com\/site\/wp-json\/wp\/v2\/tags?post=7177"}],"curies":[{"name":"wp","href":"https:\/\/api.w.org\/{rel}","templated":true}]}}