{"id":7189,"date":"2013-05-02T06:34:00","date_gmt":"2013-05-02T06:34:00","guid":{"rendered":"https:\/\/www.oidossucios.com\/site\/2013\/05\/02\/solicitan-tres-anos-y-tres-meses-de-prision-para-ana-torroja\/"},"modified":"2013-05-02T06:34:00","modified_gmt":"2013-05-02T06:34:00","slug":"solicitan-tres-anos-y-tres-meses-de-prision-para-ana-torroja","status":"publish","type":"post","link":"https:\/\/www.oidossucios.com\/site\/solicitan-tres-anos-y-tres-meses-de-prision-para-ana-torroja\/","title":{"rendered":"Solicitan tres a\u00f1os y tres meses de prisi\u00f3n para Ana Torroja"},"content":{"rendered":"<p>Por <\/p>\n<p><![endif]-->Lo acaba de publicar la agencia de noticias Europa Press, citando fuentes judiciales: la Abogac\u00eda del Estado solicita tres a\u00f1os y tres meses de prisi\u00f3n para la cantante y ex componente del grupo Mecano, Ana Torroja, a ra\u00edz de una presunta trama de evasi\u00f3n fiscal urdida en Mallorca, a trav\u00e9s de la cual, supuestamente, habr\u00eda defraudado a la Hacienda m\u00e1s de un mill\u00f3n de euros.<\/p>\n<p>La cantante se sentar\u00e1 en el banquillo acusada de cinco delitos fiscales, por supuesta evasi\u00f3n y fraude al derivar sus ingresos a pa\u00edses extranjeros y para\u00edsos fiscales.<\/p>\n<p>Todo empez\u00f3 cuando Ana Torroja compr\u00f3 una casa de verano en Camp de Mar (Andratx). Para ello busc\u00f3 un abogado de Mallorca, Gabriel Feliu. Algunos de los clientes del bufete han sido juzgados, condenados y han afrontado multas por fraude dentro de la Operaci\u00f3n Rel\u00e1mpago, que est\u00e1 centrado en la presunta canalizaci\u00f3n de dinero a trav\u00e9s de para\u00edsos fiscales, blanqueo de capitales y dobles ventas de solares en en Andratx (Mallorca). Adem\u00e1s de supuestas estafas, todo ello en el marco de unas investigaciones que arrancaron en abril de 2007.<\/p>\n<p>En el juicio, Ana Torroja se sentar\u00e1 en el banquillo de los acusados junto a su ex abogado mallorqu\u00edn Gabriel Feliu. Aunque todav\u00eda queda la posibilidad de un pacto de conformidad, como ha sucedido en otros episodios semejantes emprendidos por el fiscal Carrau, con la asunci\u00f3n de la culpa, el pago de lo defraudado m\u00e1s recargo y una multa, con lo que ser\u00eda posible la rebaja de la posible pena. Eso significar\u00eda que Ana Torroja, al no tener antecedentes, no ir\u00eda a la c\u00e1rcel.<\/p>\n<p>Fuente: www.rollingstone.es<!--[if gte mso 10]> <\/style>\n\n <![endif]--><!--nextpage--><img decoding=\"async\" class=\"aligncenter size-medium wp-image-111116697\" src=\"https:\/\/www.oidossucios.com\/site\/wp-content\/uploads\/2020\/02\/6697.jpg\" alt=\"Solicitan tres a\u00f1os y tres meses de prisi\u00f3n para Ana Torroja\"  \/><a href='https:\/\/www.oidossucios.com\/site\/solicitan-tres-anos-y-tres-meses-de-prision-para-ana-torroja\/2\/'\n                        onclick='if (tpsInstance) { tpsInstance.setNext(); return false; }'\n                        rel='next'\n                        style=''\n                        class=''>Ver galer\u00eda<\/a>]]><\/p>\n","protected":false},"excerpt":{"rendered":"<p>La ex cantante de Mecano ir\u00e1 a juicio acusada de cinco delitos fiscales, por supuesta evasi\u00f3n y fraude. <\/p>\n","protected":false},"author":4,"featured_media":100007189,"comment_status":"open","ping_status":"open","sticky":false,"template":"","format":"standard","meta":{"_jetpack_memberships_contains_paid_content":false,"footnotes":""},"categories":[685],"tags":[],"class_list":["post-7189","post","type-post","status-publish","format-standard","has-post-thumbnail","hentry","category-ultima"],"jetpack_featured_media_url":"https:\/\/www.oidossucios.com\/site\/wp-content\/uploads\/2013\/05\/7189.jpg","yoast_head":"<!-- This site is optimized with the Yoast SEO plugin v14.0.4 - https:\/\/yoast.com\/wordpress\/plugins\/seo\/ -->\n<title>Solicitan tres a\u00f1os y tres meses de prisi\u00f3n para Ana Torroja - OidosSucios.Com<\/title>\n<meta name=\"description\" content=\"La ex cantante de Mecano ir\u00e1 a juicio acusada de cinco delitos fiscales, por supuesta evasi\u00f3n y fraude.\" \/>\n<meta name=\"robots\" content=\"index, follow\" \/>\n<meta name=\"googlebot\" content=\"index, follow, max-snippet:-1, max-image-preview:large, max-video-preview:-1\" \/>\n<meta name=\"bingbot\" content=\"index, follow, max-snippet:-1, max-image-preview:large, max-video-preview:-1\" \/>\n<link rel=\"canonical\" href=\"https:\/\/www.oidossucios.com\/site\/solicitan-tres-anos-y-tres-meses-de-prision-para-ana-torroja\/\" \/>\n<link rel=\"next\" href=\"https:\/\/www.oidossucios.com\/site\/solicitan-tres-anos-y-tres-meses-de-prision-para-ana-torroja\/2\/\" \/>\n<meta property=\"og:locale\" content=\"es_ES\" \/>\n<meta property=\"og:type\" content=\"article\" \/>\n<meta property=\"og:title\" content=\"Solicitan tres a\u00f1os y tres meses de prisi\u00f3n para Ana Torroja - OidosSucios.Com\" \/>\n<meta property=\"og:description\" content=\"La ex cantante de Mecano ir\u00e1 a juicio acusada de cinco delitos fiscales, por supuesta evasi\u00f3n y fraude.\" \/>\n<meta property=\"og:url\" content=\"https:\/\/www.oidossucios.com\/site\/solicitan-tres-anos-y-tres-meses-de-prision-para-ana-torroja\/\" \/>\n<meta property=\"og:site_name\" content=\"OidosSucios.Com\" \/>\n<meta property=\"article:published_time\" content=\"2013-05-02T06:34:00+00:00\" \/>\n<meta property=\"og:image\" content=\"https:\/\/www.oidossucios.com\/site\/wp-content\/uploads\/2013\/05\/7189.jpg\" \/>\n\t<meta property=\"og:image:width\" content=\"350\" \/>\n\t<meta property=\"og:image:height\" content=\"300\" \/>\n<meta name=\"twitter:card\" content=\"summary_large_image\" \/>\n<meta name=\"twitter:creator\" content=\"@oidossucios\" \/>\n<script type=\"application\/ld+json\" class=\"yoast-schema-graph\">{\"@context\":\"https:\/\/schema.org\",\"@graph\":[{\"@type\":\"WebSite\",\"@id\":\"https:\/\/www.oidossucios.com\/site\/#website\",\"url\":\"https:\/\/www.oidossucios.com\/site\/\",\"name\":\"OidosSucios.Com\",\"description\":\"M\\u00fasica, conciertos, discos\",\"potentialAction\":[{\"@type\":\"SearchAction\",\"target\":\"https:\/\/www.oidossucios.com\/site\/?s={search_term_string}\",\"query-input\":\"required name=search_term_string\"}],\"inLanguage\":\"es\"},{\"@type\":\"ImageObject\",\"@id\":\"https:\/\/www.oidossucios.com\/site\/solicitan-tres-anos-y-tres-meses-de-prision-para-ana-torroja\/#primaryimage\",\"inLanguage\":\"es\",\"url\":\"https:\/\/www.oidossucios.com\/site\/wp-content\/uploads\/2013\/05\/7189.jpg\",\"width\":350,\"height\":300},{\"@type\":\"WebPage\",\"@id\":\"https:\/\/www.oidossucios.com\/site\/solicitan-tres-anos-y-tres-meses-de-prision-para-ana-torroja\/#webpage\",\"url\":\"https:\/\/www.oidossucios.com\/site\/solicitan-tres-anos-y-tres-meses-de-prision-para-ana-torroja\/\",\"name\":\"Solicitan tres a\\u00f1os y tres meses de prisi\\u00f3n para Ana Torroja - OidosSucios.Com\",\"isPartOf\":{\"@id\":\"https:\/\/www.oidossucios.com\/site\/#website\"},\"primaryImageOfPage\":{\"@id\":\"https:\/\/www.oidossucios.com\/site\/solicitan-tres-anos-y-tres-meses-de-prision-para-ana-torroja\/#primaryimage\"},\"datePublished\":\"2013-05-02T06:34:00+00:00\",\"dateModified\":\"2013-05-02T06:34:00+00:00\",\"author\":{\"@id\":\"https:\/\/www.oidossucios.com\/site\/#\/schema\/person\/24559eeb76bf83a63296fb072393a688\"},\"description\":\"La ex cantante de Mecano ir\\u00e1 a juicio acusada de cinco delitos fiscales, por supuesta evasi\\u00f3n y fraude.\",\"inLanguage\":\"es\",\"potentialAction\":[{\"@type\":\"ReadAction\",\"target\":[\"https:\/\/www.oidossucios.com\/site\/solicitan-tres-anos-y-tres-meses-de-prision-para-ana-torroja\/\"]}]},{\"@type\":[\"Person\"],\"@id\":\"https:\/\/www.oidossucios.com\/site\/#\/schema\/person\/24559eeb76bf83a63296fb072393a688\",\"name\":\"Oidossucios\",\"image\":{\"@type\":\"ImageObject\",\"@id\":\"https:\/\/www.oidossucios.com\/site\/#personlogo\",\"inLanguage\":\"es\",\"url\":\"https:\/\/secure.gravatar.com\/avatar\/74fcb480f42f1a33e50a0b6e6369a3f907be2e43dc84fa5f76c66e9c22b4a5ab?s=96&d=mm&r=g\",\"caption\":\"Oidossucios\"},\"sameAs\":[\"https:\/\/twitter.com\/oidossucios\"]}]}<\/script>\n<!-- \/ Yoast SEO plugin. -->","jetpack_sharing_enabled":true,"_links":{"self":[{"href":"https:\/\/www.oidossucios.com\/site\/wp-json\/wp\/v2\/posts\/7189","targetHints":{"allow":["GET"]}}],"collection":[{"href":"https:\/\/www.oidossucios.com\/site\/wp-json\/wp\/v2\/posts"}],"about":[{"href":"https:\/\/www.oidossucios.com\/site\/wp-json\/wp\/v2\/types\/post"}],"author":[{"embeddable":true,"href":"https:\/\/www.oidossucios.com\/site\/wp-json\/wp\/v2\/users\/4"}],"replies":[{"embeddable":true,"href":"https:\/\/www.oidossucios.com\/site\/wp-json\/wp\/v2\/comments?post=7189"}],"version-history":[{"count":0,"href":"https:\/\/www.oidossucios.com\/site\/wp-json\/wp\/v2\/posts\/7189\/revisions"}],"wp:featuredmedia":[{"embeddable":true,"href":"https:\/\/www.oidossucios.com\/site\/wp-json\/wp\/v2\/media\/100007189"}],"wp:attachment":[{"href":"https:\/\/www.oidossucios.com\/site\/wp-json\/wp\/v2\/media?parent=7189"}],"wp:term":[{"taxonomy":"category","embeddable":true,"href":"https:\/\/www.oidossucios.com\/site\/wp-json\/wp\/v2\/categories?post=7189"},{"taxonomy":"post_tag","embeddable":true,"href":"https:\/\/www.oidossucios.com\/site\/wp-json\/wp\/v2\/tags?post=7189"}],"curies":[{"name":"wp","href":"https:\/\/api.w.org\/{rel}","templated":true}]}}