{"id":7194,"date":"2013-05-05T00:23:00","date_gmt":"2013-05-05T00:23:00","guid":{"rendered":"https:\/\/www.oidossucios.com\/site\/2013\/05\/05\/los-amigos-invisibles-estrenan-videoclip-de-la-que-me-gusta-en-toda-latinoamerica\/"},"modified":"2013-05-05T00:23:00","modified_gmt":"2013-05-05T00:23:00","slug":"los-amigos-invisibles-estrenan-videoclip-de-la-que-me-gusta-en-toda-latinoamerica","status":"publish","type":"post","link":"https:\/\/www.oidossucios.com\/site\/los-amigos-invisibles-estrenan-videoclip-de-la-que-me-gusta-en-toda-latinoamerica\/","title":{"rendered":"Los Amigos Invisibles estrenan videoclip de &#8220;La que me gusta&#8221; en toda Latinoam\u00e9rica"},"content":{"rendered":"<p><![endif]-->La banda venezolana Los Amigos Invisibles estrenar\u00e1 el video de &#8220;La que me gusta&#8221;, primer sencillo de <i>Repeat After Me<\/i>, su nuevo \u00e1lbum de estudio, a trav\u00e9s de la se\u00f1al del canal E! Entertainment para toda Latinoam\u00e9rica el lunes 6 de mayo a las 23:00 horas de M\u00e9xico, Colombia y Venezuela, y las 0:00 horas de Argentina y Chile.<\/p>\n<p>Esa noche, al finalizar E! Latin News, los seguidores del sexteto desde el R\u00edo Grande hasta La Patagonia podr\u00e1n disfrutar del cortometraje musical que cuenta con la direcci\u00f3n del reconocido Alejandro &#8220;El Patas&#8221; Lozano (Matando Cabos, El Santos vs La Tetona Mendoza, Sultanes del Sur, entre otras producciones), quien, adem\u00e1s, se encarg\u00f3 del gui\u00f3n. Participan, junto con Los Amigos Invisibles, los actores Tony Dalton, Iliana Fox, Axel Rico, Ritchie Mestre y To\u00f1o Gaona.<\/p>\n<p>Sobre la est\u00e9tica cinematogr\u00e1fica y el g\u00e9nero del corto, estos cabalgan fluidamente entre la comedia rom\u00e1ntica y de horror clase B y el suspenso. Como referente, Quentin Tarantino se lleva alg\u00fan gui\u00f1o.<\/p>\n<p>El rodaje tuvo lugar en la Ciudad de M\u00e9xico. Con un gui\u00f3n s\u00f3lido -cuya historia se desarrolla en un baile en los a\u00f1os 50-, un montaje con ritmo vertiginoso gracias a&nbsp;&nbsp; la sucesi\u00f3n de precisos y bien concebidos planos cortos y una producci\u00f3n que atendi\u00f3 a los modos de una mise en sc\u00eane propia del s\u00e9ptimo arte, acorde a la experiencia y el oficio de Lozano, el producto audiovisual refleja claramente la evoluci\u00f3n art\u00edstica de Los Amigos Invisibles tras 22 a\u00f1os de una carrera que los \u00faltimos 15 los mantuvo, y a\u00fan mantiene,&nbsp; en medio de una gira internacional permanente.<\/p>\n<p>&#8220;La que me gusta&#8221;, como corte promocional, se revel\u00f3 durante el primer trimestre de 2013 y suena con fuerza en radios latinoamericanas. Con la producci\u00f3n del argentino Cachorro L\u00f3pez, la letra y la m\u00fasica corresponden a Jos\u00e9 Luis Pardo.<\/p>\n<p>Mixtura sutil que se las juega y triunfa, el single destaca en primer plano el esp\u00edritu de las pistas de baile y el pop de los a\u00f1os 80. Esto, mientras invita a beber unas buenas copas del soul propio de la d\u00e9cada del 60. La obra musical resulta un delicado new romantic, una deliciosa balada new wave que cuenta una historia de amor que no se llora. No hay desenlace tr\u00e1gico, sino un &#8220;final feliz&#8221; que se baila a pleno.<\/p>\n<p>No es la primera vez que la agrupaci\u00f3n trabaja con L\u00f3pez. Ya lo hicieron en &#8220;Mentiras&#8221;, track que pertenece al disco Comercial, Grammy Latino 2009.<\/p>\n<p>&#8220;Nos parece que El Cachorro hizo un gran trabajo con &#8220;Mentiras&#8221; y quer\u00edamos invitarlo a que hiciera algo en este \u00e1lbum. Le pasamos los que pens\u00e1bamos eran los posibles singles y &#8220;La que me gusta&#8221; le encant\u00f3&#8221;, explica Jos\u00e9 Rafael Torres.<i><\/p>\n<p>Repeat After Me<\/i> sali\u00f3 al mercado de Estados Unidos en el mes de marzo y se ubic\u00f3 enseguida en el primer lugar de ventas, en su categor\u00eda, de iTunes y en el Top 10 de \u00c1lbumes Latinos de Billboard. En Latinoam\u00e9rica, est\u00e1 disponible, en formato f\u00edsico y digital, a trav\u00e9s de la p\u00e1gina oficial de Los Amigos: <a href=\"http:\/\/www.amigosinvisibles.com\/\">www.amigosinvisibles.com<\/a>.&nbsp;<\/p>\n<p>El gupo contin\u00faa con su tour 2013, <i>Repeat After Me<\/i>, que en mayo los llevar\u00e1 a Chile y Argentina y en junio a M\u00e9xico.<b><\/p>\n<p>Los Amigos Invisibles pr\u00f3ximos shows:<\/b><\/p>\n<p>15 de mayo<br \/>Centro Cultural Amanda. Santiago de Chile<\/p>\n<p>17 y 18 de mayo<br \/>Niceto Club. Buenos Aires<a href=\"http:\/\/www.amigosinvisibles.com\/\"><\/p>\n<p>www.amigosinvisibles.com<\/a><a href=\"http:\/\/www.twitter.com\/AmgsInvisibles\"><br \/>www.twitter.com\/AmgsInvisibles<\/a><a href=\"http:\/\/www.facebook.com\/losamigosinvisibles\"><br \/>www.facebook.com\/losamigosinvisibles<\/a><\/p>\n","protected":false},"excerpt":{"rendered":"<p>La banda venezolana Los Amigos Invisibles estrenar\u00e1 el video de &#8220;La que me gusta&#8221;, primer sencillo de Repeat After Me, a trav\u00e9s de la se\u00f1al del canal E! Entertainment para toda Latinoam\u00e9rica el lunes 6 de mayo.<\/p>\n","protected":false},"author":4,"featured_media":100007194,"comment_status":"open","ping_status":"open","sticky":false,"template":"","format":"standard","meta":{"_jetpack_memberships_contains_paid_content":false,"footnotes":""},"categories":[250],"tags":[],"class_list":["post-7194","post","type-post","status-publish","format-standard","has-post-thumbnail","hentry","category-noticias"],"jetpack_featured_media_url":"https:\/\/www.oidossucios.com\/site\/wp-content\/uploads\/2013\/05\/7194.jpg","yoast_head":"<!-- This site is optimized with the Yoast SEO plugin v14.0.4 - https:\/\/yoast.com\/wordpress\/plugins\/seo\/ -->\n<title>Los Amigos Invisibles estrenan videoclip de &quot;La que me gusta&quot; en toda Latinoam\u00e9rica - OidosSucios.Com<\/title>\n<meta name=\"description\" content=\"La banda venezolana Los Amigos Invisibles estrenar\u00e1 el video de &quot;La que me gusta&quot;, primer sencillo de Repeat After Me, a trav\u00e9s de la se\u00f1al del canal E! Entertainment para toda Latinoam\u00e9rica el lunes 6 de mayo.\" \/>\n<meta name=\"robots\" content=\"index, follow\" \/>\n<meta name=\"googlebot\" content=\"index, follow, max-snippet:-1, max-image-preview:large, max-video-preview:-1\" \/>\n<meta name=\"bingbot\" content=\"index, follow, max-snippet:-1, max-image-preview:large, max-video-preview:-1\" \/>\n<link rel=\"canonical\" href=\"https:\/\/www.oidossucios.com\/site\/los-amigos-invisibles-estrenan-videoclip-de-la-que-me-gusta-en-toda-latinoamerica\/\" \/>\n<meta property=\"og:locale\" content=\"es_ES\" \/>\n<meta property=\"og:type\" content=\"article\" \/>\n<meta property=\"og:title\" content=\"Los Amigos Invisibles estrenan videoclip de &quot;La que me gusta&quot; en toda Latinoam\u00e9rica - OidosSucios.Com\" \/>\n<meta property=\"og:description\" content=\"La banda venezolana Los Amigos Invisibles estrenar\u00e1 el video de &quot;La que me gusta&quot;, primer sencillo de Repeat After Me, a trav\u00e9s de la se\u00f1al del canal E! Entertainment para toda Latinoam\u00e9rica el lunes 6 de mayo.\" \/>\n<meta property=\"og:url\" content=\"https:\/\/www.oidossucios.com\/site\/los-amigos-invisibles-estrenan-videoclip-de-la-que-me-gusta-en-toda-latinoamerica\/\" \/>\n<meta property=\"og:site_name\" content=\"OidosSucios.Com\" \/>\n<meta property=\"article:published_time\" content=\"2013-05-05T00:23:00+00:00\" \/>\n<meta property=\"og:image\" content=\"https:\/\/www.oidossucios.com\/site\/wp-content\/uploads\/2013\/05\/7194.jpg\" \/>\n\t<meta property=\"og:image:width\" content=\"350\" \/>\n\t<meta property=\"og:image:height\" content=\"300\" \/>\n<meta name=\"twitter:card\" content=\"summary_large_image\" \/>\n<meta name=\"twitter:creator\" content=\"@oidossucios\" \/>\n<script type=\"application\/ld+json\" class=\"yoast-schema-graph\">{\"@context\":\"https:\/\/schema.org\",\"@graph\":[{\"@type\":\"WebSite\",\"@id\":\"https:\/\/www.oidossucios.com\/site\/#website\",\"url\":\"https:\/\/www.oidossucios.com\/site\/\",\"name\":\"OidosSucios.Com\",\"description\":\"M\\u00fasica, conciertos, discos\",\"potentialAction\":[{\"@type\":\"SearchAction\",\"target\":\"https:\/\/www.oidossucios.com\/site\/?s={search_term_string}\",\"query-input\":\"required name=search_term_string\"}],\"inLanguage\":\"es\"},{\"@type\":\"ImageObject\",\"@id\":\"https:\/\/www.oidossucios.com\/site\/los-amigos-invisibles-estrenan-videoclip-de-la-que-me-gusta-en-toda-latinoamerica\/#primaryimage\",\"inLanguage\":\"es\",\"url\":\"https:\/\/www.oidossucios.com\/site\/wp-content\/uploads\/2013\/05\/7194.jpg\",\"width\":350,\"height\":300},{\"@type\":\"WebPage\",\"@id\":\"https:\/\/www.oidossucios.com\/site\/los-amigos-invisibles-estrenan-videoclip-de-la-que-me-gusta-en-toda-latinoamerica\/#webpage\",\"url\":\"https:\/\/www.oidossucios.com\/site\/los-amigos-invisibles-estrenan-videoclip-de-la-que-me-gusta-en-toda-latinoamerica\/\",\"name\":\"Los Amigos Invisibles estrenan videoclip de \\\"La que me gusta\\\" en toda Latinoam\\u00e9rica - OidosSucios.Com\",\"isPartOf\":{\"@id\":\"https:\/\/www.oidossucios.com\/site\/#website\"},\"primaryImageOfPage\":{\"@id\":\"https:\/\/www.oidossucios.com\/site\/los-amigos-invisibles-estrenan-videoclip-de-la-que-me-gusta-en-toda-latinoamerica\/#primaryimage\"},\"datePublished\":\"2013-05-05T00:23:00+00:00\",\"dateModified\":\"2013-05-05T00:23:00+00:00\",\"author\":{\"@id\":\"https:\/\/www.oidossucios.com\/site\/#\/schema\/person\/24559eeb76bf83a63296fb072393a688\"},\"description\":\"La banda venezolana Los Amigos Invisibles estrenar\\u00e1 el video de \\\"La que me gusta\\\", primer sencillo de Repeat After Me, a trav\\u00e9s de la se\\u00f1al del canal E! Entertainment para toda Latinoam\\u00e9rica el lunes 6 de mayo.\",\"inLanguage\":\"es\",\"potentialAction\":[{\"@type\":\"ReadAction\",\"target\":[\"https:\/\/www.oidossucios.com\/site\/los-amigos-invisibles-estrenan-videoclip-de-la-que-me-gusta-en-toda-latinoamerica\/\"]}]},{\"@type\":[\"Person\"],\"@id\":\"https:\/\/www.oidossucios.com\/site\/#\/schema\/person\/24559eeb76bf83a63296fb072393a688\",\"name\":\"Oidossucios\",\"image\":{\"@type\":\"ImageObject\",\"@id\":\"https:\/\/www.oidossucios.com\/site\/#personlogo\",\"inLanguage\":\"es\",\"url\":\"https:\/\/secure.gravatar.com\/avatar\/74fcb480f42f1a33e50a0b6e6369a3f907be2e43dc84fa5f76c66e9c22b4a5ab?s=96&d=mm&r=g\",\"caption\":\"Oidossucios\"},\"sameAs\":[\"https:\/\/twitter.com\/oidossucios\"]}]}<\/script>\n<!-- \/ Yoast SEO plugin. -->","jetpack_sharing_enabled":true,"_links":{"self":[{"href":"https:\/\/www.oidossucios.com\/site\/wp-json\/wp\/v2\/posts\/7194","targetHints":{"allow":["GET"]}}],"collection":[{"href":"https:\/\/www.oidossucios.com\/site\/wp-json\/wp\/v2\/posts"}],"about":[{"href":"https:\/\/www.oidossucios.com\/site\/wp-json\/wp\/v2\/types\/post"}],"author":[{"embeddable":true,"href":"https:\/\/www.oidossucios.com\/site\/wp-json\/wp\/v2\/users\/4"}],"replies":[{"embeddable":true,"href":"https:\/\/www.oidossucios.com\/site\/wp-json\/wp\/v2\/comments?post=7194"}],"version-history":[{"count":0,"href":"https:\/\/www.oidossucios.com\/site\/wp-json\/wp\/v2\/posts\/7194\/revisions"}],"wp:featuredmedia":[{"embeddable":true,"href":"https:\/\/www.oidossucios.com\/site\/wp-json\/wp\/v2\/media\/100007194"}],"wp:attachment":[{"href":"https:\/\/www.oidossucios.com\/site\/wp-json\/wp\/v2\/media?parent=7194"}],"wp:term":[{"taxonomy":"category","embeddable":true,"href":"https:\/\/www.oidossucios.com\/site\/wp-json\/wp\/v2\/categories?post=7194"},{"taxonomy":"post_tag","embeddable":true,"href":"https:\/\/www.oidossucios.com\/site\/wp-json\/wp\/v2\/tags?post=7194"}],"curies":[{"name":"wp","href":"https:\/\/api.w.org\/{rel}","templated":true}]}}