{"id":7195,"date":"2013-05-05T00:41:00","date_gmt":"2013-05-05T00:41:00","guid":{"rendered":"https:\/\/www.oidossucios.com\/site\/2013\/05\/05\/charly-garcia-se-presentara-en-caracas-el-15-de-junio\/"},"modified":"2013-05-05T00:41:00","modified_gmt":"2013-05-05T00:41:00","slug":"charly-garcia-se-presentara-en-caracas-el-15-de-junio","status":"publish","type":"post","link":"https:\/\/www.oidossucios.com\/site\/charly-garcia-se-presentara-en-caracas-el-15-de-junio\/","title":{"rendered":"\u00bfCharly Garc\u00eda se presentar\u00e1 en Caracas el 15 de Junio?"},"content":{"rendered":"<p>Por <\/p>\n<p>Desde hace semanas son varios los rumores que circulan acerca de un posible concierto del rockstar argentino Charly Garc\u00eda en nuestro pa\u00eds.<\/p>\n<p>Ahora, <a href=\"http:\/\/www.facebook.com\/Partedelareligion\/posts\/526872994036299\">seg\u00fan una p\u00e1gina en Facebook<\/a> dirigida por fan\u00e1ticos del cantante, se dice que Charly se presentar\u00e1 el 15 de junio en el Anfiteatro del Sambil.<\/p>\n<p>Hasta ahora, no hay ning\u00fan tipo de confirmaci\u00f3n oficial por parte de alguna productora nacional ni del artista, por lo cual no podemos garantizar que este show sea real.<\/p>\n<p>Sumado a esto, desde hace dos a\u00f1os no se llevan a cabo conciertos en el Anfiteatro del Sambil debido a las quejas manifestadas por vecinos de la zona, lo cual hace esta informaci\u00f3n un poco m\u00e1s confusa.<![endif]--><!--[if gte mso 10]> <\/style>\n\n <![endif]--><\/p>\n","protected":false},"excerpt":{"rendered":"<p>Seg\u00fan una web de fan\u00e1ticos del rockero argentino, Garc\u00eda se presentar\u00e1 en nuestro pa\u00eds el 15 de junio.<\/p>\n","protected":false},"author":4,"featured_media":100007195,"comment_status":"open","ping_status":"open","sticky":false,"template":"","format":"standard","meta":{"_jetpack_memberships_contains_paid_content":false,"footnotes":""},"categories":[640],"tags":[],"class_list":["post-7195","post","type-post","status-publish","format-standard","has-post-thumbnail","hentry","category-rumores"],"jetpack_featured_media_url":"https:\/\/www.oidossucios.com\/site\/wp-content\/uploads\/2013\/05\/7195.jpg","yoast_head":"<!-- This site is optimized with the Yoast SEO plugin v14.0.4 - https:\/\/yoast.com\/wordpress\/plugins\/seo\/ -->\n<title>\u00bfCharly Garc\u00eda se presentar\u00e1 en Caracas el 15 de Junio? - OidosSucios.Com<\/title>\n<meta name=\"description\" content=\"Seg\u00fan una web de fan\u00e1ticos del rockero argentino, Garc\u00eda se presentar\u00e1 en nuestro pa\u00eds el 15 de junio.\" \/>\n<meta name=\"robots\" content=\"index, follow\" \/>\n<meta name=\"googlebot\" content=\"index, follow, max-snippet:-1, max-image-preview:large, max-video-preview:-1\" \/>\n<meta name=\"bingbot\" content=\"index, follow, max-snippet:-1, max-image-preview:large, max-video-preview:-1\" \/>\n<link rel=\"canonical\" href=\"https:\/\/www.oidossucios.com\/site\/charly-garcia-se-presentara-en-caracas-el-15-de-junio\/\" \/>\n<meta property=\"og:locale\" content=\"es_ES\" \/>\n<meta property=\"og:type\" content=\"article\" \/>\n<meta property=\"og:title\" content=\"\u00bfCharly Garc\u00eda se presentar\u00e1 en Caracas el 15 de Junio? - OidosSucios.Com\" \/>\n<meta property=\"og:description\" content=\"Seg\u00fan una web de fan\u00e1ticos del rockero argentino, Garc\u00eda se presentar\u00e1 en nuestro pa\u00eds el 15 de junio.\" \/>\n<meta property=\"og:url\" content=\"https:\/\/www.oidossucios.com\/site\/charly-garcia-se-presentara-en-caracas-el-15-de-junio\/\" \/>\n<meta property=\"og:site_name\" content=\"OidosSucios.Com\" \/>\n<meta property=\"article:published_time\" content=\"2013-05-05T00:41:00+00:00\" \/>\n<meta property=\"og:image\" content=\"https:\/\/www.oidossucios.com\/site\/wp-content\/uploads\/2013\/05\/7195.jpg\" \/>\n\t<meta property=\"og:image:width\" content=\"350\" \/>\n\t<meta property=\"og:image:height\" content=\"300\" \/>\n<meta name=\"twitter:card\" content=\"summary_large_image\" \/>\n<meta name=\"twitter:creator\" content=\"@oidossucios\" \/>\n<script type=\"application\/ld+json\" class=\"yoast-schema-graph\">{\"@context\":\"https:\/\/schema.org\",\"@graph\":[{\"@type\":\"WebSite\",\"@id\":\"https:\/\/www.oidossucios.com\/site\/#website\",\"url\":\"https:\/\/www.oidossucios.com\/site\/\",\"name\":\"OidosSucios.Com\",\"description\":\"M\\u00fasica, conciertos, discos\",\"potentialAction\":[{\"@type\":\"SearchAction\",\"target\":\"https:\/\/www.oidossucios.com\/site\/?s={search_term_string}\",\"query-input\":\"required name=search_term_string\"}],\"inLanguage\":\"es\"},{\"@type\":\"ImageObject\",\"@id\":\"https:\/\/www.oidossucios.com\/site\/charly-garcia-se-presentara-en-caracas-el-15-de-junio\/#primaryimage\",\"inLanguage\":\"es\",\"url\":\"https:\/\/www.oidossucios.com\/site\/wp-content\/uploads\/2013\/05\/7195.jpg\",\"width\":350,\"height\":300},{\"@type\":\"WebPage\",\"@id\":\"https:\/\/www.oidossucios.com\/site\/charly-garcia-se-presentara-en-caracas-el-15-de-junio\/#webpage\",\"url\":\"https:\/\/www.oidossucios.com\/site\/charly-garcia-se-presentara-en-caracas-el-15-de-junio\/\",\"name\":\"\\u00bfCharly Garc\\u00eda se presentar\\u00e1 en Caracas el 15 de Junio? - OidosSucios.Com\",\"isPartOf\":{\"@id\":\"https:\/\/www.oidossucios.com\/site\/#website\"},\"primaryImageOfPage\":{\"@id\":\"https:\/\/www.oidossucios.com\/site\/charly-garcia-se-presentara-en-caracas-el-15-de-junio\/#primaryimage\"},\"datePublished\":\"2013-05-05T00:41:00+00:00\",\"dateModified\":\"2013-05-05T00:41:00+00:00\",\"author\":{\"@id\":\"https:\/\/www.oidossucios.com\/site\/#\/schema\/person\/24559eeb76bf83a63296fb072393a688\"},\"description\":\"Seg\\u00fan una web de fan\\u00e1ticos del rockero argentino, Garc\\u00eda se presentar\\u00e1 en nuestro pa\\u00eds el 15 de junio.\",\"inLanguage\":\"es\",\"potentialAction\":[{\"@type\":\"ReadAction\",\"target\":[\"https:\/\/www.oidossucios.com\/site\/charly-garcia-se-presentara-en-caracas-el-15-de-junio\/\"]}]},{\"@type\":[\"Person\"],\"@id\":\"https:\/\/www.oidossucios.com\/site\/#\/schema\/person\/24559eeb76bf83a63296fb072393a688\",\"name\":\"Oidossucios\",\"image\":{\"@type\":\"ImageObject\",\"@id\":\"https:\/\/www.oidossucios.com\/site\/#personlogo\",\"inLanguage\":\"es\",\"url\":\"https:\/\/secure.gravatar.com\/avatar\/74fcb480f42f1a33e50a0b6e6369a3f907be2e43dc84fa5f76c66e9c22b4a5ab?s=96&d=mm&r=g\",\"caption\":\"Oidossucios\"},\"sameAs\":[\"https:\/\/twitter.com\/oidossucios\"]}]}<\/script>\n<!-- \/ Yoast SEO plugin. -->","jetpack_sharing_enabled":true,"_links":{"self":[{"href":"https:\/\/www.oidossucios.com\/site\/wp-json\/wp\/v2\/posts\/7195","targetHints":{"allow":["GET"]}}],"collection":[{"href":"https:\/\/www.oidossucios.com\/site\/wp-json\/wp\/v2\/posts"}],"about":[{"href":"https:\/\/www.oidossucios.com\/site\/wp-json\/wp\/v2\/types\/post"}],"author":[{"embeddable":true,"href":"https:\/\/www.oidossucios.com\/site\/wp-json\/wp\/v2\/users\/4"}],"replies":[{"embeddable":true,"href":"https:\/\/www.oidossucios.com\/site\/wp-json\/wp\/v2\/comments?post=7195"}],"version-history":[{"count":0,"href":"https:\/\/www.oidossucios.com\/site\/wp-json\/wp\/v2\/posts\/7195\/revisions"}],"wp:featuredmedia":[{"embeddable":true,"href":"https:\/\/www.oidossucios.com\/site\/wp-json\/wp\/v2\/media\/100007195"}],"wp:attachment":[{"href":"https:\/\/www.oidossucios.com\/site\/wp-json\/wp\/v2\/media?parent=7195"}],"wp:term":[{"taxonomy":"category","embeddable":true,"href":"https:\/\/www.oidossucios.com\/site\/wp-json\/wp\/v2\/categories?post=7195"},{"taxonomy":"post_tag","embeddable":true,"href":"https:\/\/www.oidossucios.com\/site\/wp-json\/wp\/v2\/tags?post=7195"}],"curies":[{"name":"wp","href":"https:\/\/api.w.org\/{rel}","templated":true}]}}