{"id":7199,"date":"2013-05-06T17:17:00","date_gmt":"2013-05-06T17:17:00","guid":{"rendered":"https:\/\/www.oidossucios.com\/site\/2013\/05\/06\/brian-head-welch-estara-en-proximo-disco-de-korn\/"},"modified":"2013-05-06T17:17:00","modified_gmt":"2013-05-06T17:17:00","slug":"brian-head-welch-estara-en-proximo-disco-de-korn","status":"publish","type":"post","link":"https:\/\/www.oidossucios.com\/site\/brian-head-welch-estara-en-proximo-disco-de-korn\/","title":{"rendered":"Brian &#8220;Head&#8221; Welch estar\u00e1 en pr\u00f3ximo disco de Korn"},"content":{"rendered":"<p>Recordemos que el m\u00fasico abandon\u00f3 la banda tras rehabilitarse de su adicci\u00f3n a las pastillas y encontrar a Jesucristo, lo que le cre\u00f3 ciertas objeciones morales sobre el material que Korn publicaba por esas fechas. Esta nueva producci\u00f3n ser\u00e1 la primera colaboraci\u00f3n de &#8220;Head&#8221; con la agrupaci\u00f3n en 10 a\u00f1os, ya que su \u00faltima aparici\u00f3n se remonta a <i>Take a Look in the Mirror<\/i> (2003).<\/p>\n<p>En una entrevista con Rolling Stone, el guitarrista declar\u00f3: &#8220;Sab\u00edamos que lo \u00edbamos a pasar genial tocando juntos porque nos queremos much\u00edsimo pero realmente quer\u00edamos asegurarnos de que la m\u00fasica quedaba bien antes de comprometernos a hacer un \u00e1lbum completo juntos. Pero desde que nos metimos en el estudio, todo fue un torrente \u00a1y ahora me muero de ganas porque los fans oigan el material!&#8221;.<\/p>\n<p>Adem\u00e1s del nuevo disco, sin t\u00edtulo por el momento, el grupo tambi\u00e9n comenzar\u00e1 en mayo una gira internacional, la cual incluir\u00e1 varios de los grandes festivales europeos, como el Download o el Rock am Ring\/Rock im Park.<\/p>\n<p>Ac\u00e1 un video\/tr\u00e1iler de la banda en el estudio: <\/p>\n<p>   <script width=\"598px\" height=\"355px\" src=\"http:\/\/player.ooyala.com\/iframe.js#ec=5zMWxiYjoA3b00M11DZxM0E-5eYDiDe9&amp;pbid=M2IxMTZiNDExZmU1MDIyOTc2NzA0NmVi\">   <\/script><\/p>\n<p><![endif]--><!--[if gte mso 10]> <\/style>\n\n <![endif]--><\/p>\n","protected":false},"excerpt":{"rendered":"<p>Lo que primero empez\u00f3 como un acercamiento para algunos conciertos, ha terminado en el reintegro de Brian &#8220;Head&#8221; Welch a Korn.<\/p>\n","protected":false},"author":4,"featured_media":100007199,"comment_status":"open","ping_status":"open","sticky":false,"template":"","format":"standard","meta":{"_jetpack_memberships_contains_paid_content":false,"footnotes":""},"categories":[250],"tags":[],"class_list":["post-7199","post","type-post","status-publish","format-standard","has-post-thumbnail","hentry","category-noticias"],"jetpack_featured_media_url":"https:\/\/www.oidossucios.com\/site\/wp-content\/uploads\/2013\/05\/7199.jpg","yoast_head":"<!-- This site is optimized with the Yoast SEO plugin v14.0.4 - https:\/\/yoast.com\/wordpress\/plugins\/seo\/ -->\n<title>Brian &quot;Head&quot; Welch estar\u00e1 en pr\u00f3ximo disco de Korn - OidosSucios.Com<\/title>\n<meta name=\"description\" content=\"Lo que primero empez\u00f3 como un acercamiento para algunos conciertos, ha terminado en el reintegro de Brian &quot;Head&quot; Welch a Korn.\" \/>\n<meta name=\"robots\" content=\"index, follow\" \/>\n<meta name=\"googlebot\" content=\"index, follow, max-snippet:-1, max-image-preview:large, max-video-preview:-1\" \/>\n<meta name=\"bingbot\" content=\"index, follow, max-snippet:-1, max-image-preview:large, max-video-preview:-1\" \/>\n<link rel=\"canonical\" href=\"https:\/\/www.oidossucios.com\/site\/brian-head-welch-estara-en-proximo-disco-de-korn\/\" \/>\n<meta property=\"og:locale\" content=\"es_ES\" \/>\n<meta property=\"og:type\" content=\"article\" \/>\n<meta property=\"og:title\" content=\"Brian &quot;Head&quot; Welch estar\u00e1 en pr\u00f3ximo disco de Korn - OidosSucios.Com\" \/>\n<meta property=\"og:description\" content=\"Lo que primero empez\u00f3 como un acercamiento para algunos conciertos, ha terminado en el reintegro de Brian &quot;Head&quot; Welch a Korn.\" \/>\n<meta property=\"og:url\" content=\"https:\/\/www.oidossucios.com\/site\/brian-head-welch-estara-en-proximo-disco-de-korn\/\" \/>\n<meta property=\"og:site_name\" content=\"OidosSucios.Com\" \/>\n<meta property=\"article:published_time\" content=\"2013-05-06T17:17:00+00:00\" \/>\n<meta property=\"og:image\" content=\"https:\/\/www.oidossucios.com\/site\/wp-content\/uploads\/2013\/05\/7199.jpg\" \/>\n\t<meta property=\"og:image:width\" content=\"350\" \/>\n\t<meta property=\"og:image:height\" content=\"300\" \/>\n<meta name=\"twitter:card\" content=\"summary_large_image\" \/>\n<meta name=\"twitter:creator\" content=\"@oidossucios\" \/>\n<script type=\"application\/ld+json\" class=\"yoast-schema-graph\">{\"@context\":\"https:\/\/schema.org\",\"@graph\":[{\"@type\":\"WebSite\",\"@id\":\"https:\/\/www.oidossucios.com\/site\/#website\",\"url\":\"https:\/\/www.oidossucios.com\/site\/\",\"name\":\"OidosSucios.Com\",\"description\":\"M\\u00fasica, conciertos, discos\",\"potentialAction\":[{\"@type\":\"SearchAction\",\"target\":\"https:\/\/www.oidossucios.com\/site\/?s={search_term_string}\",\"query-input\":\"required name=search_term_string\"}],\"inLanguage\":\"es\"},{\"@type\":\"ImageObject\",\"@id\":\"https:\/\/www.oidossucios.com\/site\/brian-head-welch-estara-en-proximo-disco-de-korn\/#primaryimage\",\"inLanguage\":\"es\",\"url\":\"https:\/\/www.oidossucios.com\/site\/wp-content\/uploads\/2013\/05\/7199.jpg\",\"width\":350,\"height\":300},{\"@type\":\"WebPage\",\"@id\":\"https:\/\/www.oidossucios.com\/site\/brian-head-welch-estara-en-proximo-disco-de-korn\/#webpage\",\"url\":\"https:\/\/www.oidossucios.com\/site\/brian-head-welch-estara-en-proximo-disco-de-korn\/\",\"name\":\"Brian \\\"Head\\\" Welch estar\\u00e1 en pr\\u00f3ximo disco de Korn - OidosSucios.Com\",\"isPartOf\":{\"@id\":\"https:\/\/www.oidossucios.com\/site\/#website\"},\"primaryImageOfPage\":{\"@id\":\"https:\/\/www.oidossucios.com\/site\/brian-head-welch-estara-en-proximo-disco-de-korn\/#primaryimage\"},\"datePublished\":\"2013-05-06T17:17:00+00:00\",\"dateModified\":\"2013-05-06T17:17:00+00:00\",\"author\":{\"@id\":\"https:\/\/www.oidossucios.com\/site\/#\/schema\/person\/24559eeb76bf83a63296fb072393a688\"},\"description\":\"Lo que primero empez\\u00f3 como un acercamiento para algunos conciertos, ha terminado en el reintegro de Brian \\\"Head\\\" Welch a Korn.\",\"inLanguage\":\"es\",\"potentialAction\":[{\"@type\":\"ReadAction\",\"target\":[\"https:\/\/www.oidossucios.com\/site\/brian-head-welch-estara-en-proximo-disco-de-korn\/\"]}]},{\"@type\":[\"Person\"],\"@id\":\"https:\/\/www.oidossucios.com\/site\/#\/schema\/person\/24559eeb76bf83a63296fb072393a688\",\"name\":\"Oidossucios\",\"image\":{\"@type\":\"ImageObject\",\"@id\":\"https:\/\/www.oidossucios.com\/site\/#personlogo\",\"inLanguage\":\"es\",\"url\":\"https:\/\/secure.gravatar.com\/avatar\/74fcb480f42f1a33e50a0b6e6369a3f907be2e43dc84fa5f76c66e9c22b4a5ab?s=96&d=mm&r=g\",\"caption\":\"Oidossucios\"},\"sameAs\":[\"https:\/\/twitter.com\/oidossucios\"]}]}<\/script>\n<!-- \/ Yoast SEO plugin. -->","jetpack_sharing_enabled":true,"_links":{"self":[{"href":"https:\/\/www.oidossucios.com\/site\/wp-json\/wp\/v2\/posts\/7199","targetHints":{"allow":["GET"]}}],"collection":[{"href":"https:\/\/www.oidossucios.com\/site\/wp-json\/wp\/v2\/posts"}],"about":[{"href":"https:\/\/www.oidossucios.com\/site\/wp-json\/wp\/v2\/types\/post"}],"author":[{"embeddable":true,"href":"https:\/\/www.oidossucios.com\/site\/wp-json\/wp\/v2\/users\/4"}],"replies":[{"embeddable":true,"href":"https:\/\/www.oidossucios.com\/site\/wp-json\/wp\/v2\/comments?post=7199"}],"version-history":[{"count":0,"href":"https:\/\/www.oidossucios.com\/site\/wp-json\/wp\/v2\/posts\/7199\/revisions"}],"wp:featuredmedia":[{"embeddable":true,"href":"https:\/\/www.oidossucios.com\/site\/wp-json\/wp\/v2\/media\/100007199"}],"wp:attachment":[{"href":"https:\/\/www.oidossucios.com\/site\/wp-json\/wp\/v2\/media?parent=7199"}],"wp:term":[{"taxonomy":"category","embeddable":true,"href":"https:\/\/www.oidossucios.com\/site\/wp-json\/wp\/v2\/categories?post=7199"},{"taxonomy":"post_tag","embeddable":true,"href":"https:\/\/www.oidossucios.com\/site\/wp-json\/wp\/v2\/tags?post=7199"}],"curies":[{"name":"wp","href":"https:\/\/api.w.org\/{rel}","templated":true}]}}