{"id":7201,"date":"2013-05-06T17:46:00","date_gmt":"2013-05-06T17:46:00","guid":{"rendered":"https:\/\/www.oidossucios.com\/site\/2013\/05\/06\/slash-volvera-a-suramerica-en-el-2014\/"},"modified":"2013-05-06T17:46:00","modified_gmt":"2013-05-06T17:46:00","slug":"slash-volvera-a-suramerica-en-el-2014","status":"publish","type":"post","link":"https:\/\/www.oidossucios.com\/site\/slash-volvera-a-suramerica-en-el-2014\/","title":{"rendered":"Slash volver\u00e1 a Suram\u00e9rica en el 2014"},"content":{"rendered":"<p>Por <\/p>\n<p><![endif]--><a href=\"http:\/\/blogs.infobae.com\/slash\/2013\/05\/02\/confirmado-slash-no-viene-con-kings-of-chaos-pero-si-con-myles-kennedy-y-the-conspirators-en-2014\/\">Una web argentina<\/a> de fan\u00e1ticos de Slash, se comunic\u00f3 con el guitarrista v\u00eda Twitter. Este, por mensajes directos le confirm\u00f3 a la web que visitar\u00e1 Suram\u00e9rica el a\u00f1o que viene.<\/p>\n<p>Slash, tambi\u00e9n dej\u00f3 claro que esta nueva visita a la parte baja del continente no ser\u00e1 con Kings of Chaos, sino con Myles Kennedy y The Conspirators.<\/p>\n<p>A continuaci\u00f3n, la nota publicada y en la galer\u00eda, el capture con la respuesta de Slash:<b><i><\/p>\n<p>\u00a1Slash viene en 2014!<\/i><\/b><i><\/p>\n<p>Anteayer, a partir de una respuesta de Kings of Chaos frente a cuando ven\u00edan a Sudam\u00e9rica, se plante\u00f3 la posibilidad de que Slash podr\u00eda venir con ellos, porque figura como artista de esta banda de estrellas del rock. Frente a esta duda, fuimos a preguntarle a Slash si va a venir o no.<\/i><i><\/p>\n<p>Slash finalmente nos confirm\u00f3 que no va a venir con Kings of Chaos a Sudam\u00e9rica este a\u00f1o, pero S\u00cd que el a\u00f1o que viene va a estar de visita con Myles Kennedy y The Conspirators.<\/i><i><\/p>\n<p>No viene este a\u00f1o, pero el que viene lo m\u00e1s seguro es que s\u00ed. Ya lo hab\u00eda dicho Todd Kerns hace unos meses atr\u00e1s, ahora lo dice el mismo Slash.<\/i><i><\/p>\n<p>Noticia peque\u00f1a, pero quer\u00edamos dar el update. Con lo cual\u0085 a ahorrar para el 2014 entonces!<\/i><i><\/p>\n<p>Gracias Slash por la pronta respuesta y nos vemos el a\u00f1o que viene Iiii]; )<\/i><!--[if gte mso 10]> <\/style>\n\n <![endif]--><!--nextpage--><img decoding=\"async\" class=\"aligncenter size-medium wp-image-111116699\" src=\"https:\/\/www.oidossucios.com\/site\/wp-content\/uploads\/2020\/02\/6699.jpg\" alt=\"Slash volver\u00e1 a Suram\u00e9rica en el 2014\"  \/><a href='https:\/\/www.oidossucios.com\/site\/slash-volvera-a-suramerica-en-el-2014\/2\/'\n                        onclick='if (tpsInstance) { tpsInstance.setNext(); return false; }'\n                        rel='next'\n                        style=''\n                        class=''>Ver galer\u00eda<\/a>]]><\/p>\n","protected":false},"excerpt":{"rendered":"<p>Una web argentina de fan\u00e1ticos de Slash, se comunic\u00f3 con el guitarrista v\u00eda Twitter. Este, por mensajes directos le confirm\u00f3 a la web que visitar\u00e1 Suram\u00e9rica el a\u00f1o que viene.<\/p>\n","protected":false},"author":4,"featured_media":100007201,"comment_status":"open","ping_status":"open","sticky":false,"template":"","format":"standard","meta":{"_jetpack_memberships_contains_paid_content":false,"footnotes":""},"categories":[640],"tags":[],"class_list":["post-7201","post","type-post","status-publish","format-standard","has-post-thumbnail","hentry","category-rumores"],"jetpack_featured_media_url":"https:\/\/www.oidossucios.com\/site\/wp-content\/uploads\/2013\/05\/7201.jpg","yoast_head":"<!-- This site is optimized with the Yoast SEO plugin v14.0.4 - https:\/\/yoast.com\/wordpress\/plugins\/seo\/ -->\n<title>Slash volver\u00e1 a Suram\u00e9rica en el 2014 - OidosSucios.Com<\/title>\n<meta name=\"description\" content=\"Una web argentina de fan\u00e1ticos de Slash, se comunic\u00f3 con el guitarrista v\u00eda Twitter. Este, por mensajes directos le confirm\u00f3 a la web que visitar\u00e1 Suram\u00e9rica el a\u00f1o que viene.\" \/>\n<meta name=\"robots\" content=\"index, follow\" \/>\n<meta name=\"googlebot\" content=\"index, follow, max-snippet:-1, max-image-preview:large, max-video-preview:-1\" \/>\n<meta name=\"bingbot\" content=\"index, follow, max-snippet:-1, max-image-preview:large, max-video-preview:-1\" \/>\n<link rel=\"canonical\" href=\"https:\/\/www.oidossucios.com\/site\/slash-volvera-a-suramerica-en-el-2014\/\" \/>\n<link rel=\"next\" href=\"https:\/\/www.oidossucios.com\/site\/slash-volvera-a-suramerica-en-el-2014\/2\/\" \/>\n<meta property=\"og:locale\" content=\"es_ES\" \/>\n<meta property=\"og:type\" content=\"article\" \/>\n<meta property=\"og:title\" content=\"Slash volver\u00e1 a Suram\u00e9rica en el 2014 - OidosSucios.Com\" \/>\n<meta property=\"og:description\" content=\"Una web argentina de fan\u00e1ticos de Slash, se comunic\u00f3 con el guitarrista v\u00eda Twitter. Este, por mensajes directos le confirm\u00f3 a la web que visitar\u00e1 Suram\u00e9rica el a\u00f1o que viene.\" \/>\n<meta property=\"og:url\" content=\"https:\/\/www.oidossucios.com\/site\/slash-volvera-a-suramerica-en-el-2014\/\" \/>\n<meta property=\"og:site_name\" content=\"OidosSucios.Com\" \/>\n<meta property=\"article:published_time\" content=\"2013-05-06T17:46:00+00:00\" \/>\n<meta property=\"og:image\" content=\"https:\/\/www.oidossucios.com\/site\/wp-content\/uploads\/2013\/05\/7201.jpg\" \/>\n\t<meta property=\"og:image:width\" content=\"350\" \/>\n\t<meta property=\"og:image:height\" content=\"300\" \/>\n<meta name=\"twitter:card\" content=\"summary_large_image\" \/>\n<meta name=\"twitter:creator\" content=\"@oidossucios\" \/>\n<script type=\"application\/ld+json\" class=\"yoast-schema-graph\">{\"@context\":\"https:\/\/schema.org\",\"@graph\":[{\"@type\":\"WebSite\",\"@id\":\"https:\/\/www.oidossucios.com\/site\/#website\",\"url\":\"https:\/\/www.oidossucios.com\/site\/\",\"name\":\"OidosSucios.Com\",\"description\":\"M\\u00fasica, conciertos, discos\",\"potentialAction\":[{\"@type\":\"SearchAction\",\"target\":\"https:\/\/www.oidossucios.com\/site\/?s={search_term_string}\",\"query-input\":\"required name=search_term_string\"}],\"inLanguage\":\"es\"},{\"@type\":\"ImageObject\",\"@id\":\"https:\/\/www.oidossucios.com\/site\/slash-volvera-a-suramerica-en-el-2014\/#primaryimage\",\"inLanguage\":\"es\",\"url\":\"https:\/\/www.oidossucios.com\/site\/wp-content\/uploads\/2013\/05\/7201.jpg\",\"width\":350,\"height\":300},{\"@type\":\"WebPage\",\"@id\":\"https:\/\/www.oidossucios.com\/site\/slash-volvera-a-suramerica-en-el-2014\/#webpage\",\"url\":\"https:\/\/www.oidossucios.com\/site\/slash-volvera-a-suramerica-en-el-2014\/\",\"name\":\"Slash volver\\u00e1 a Suram\\u00e9rica en el 2014 - OidosSucios.Com\",\"isPartOf\":{\"@id\":\"https:\/\/www.oidossucios.com\/site\/#website\"},\"primaryImageOfPage\":{\"@id\":\"https:\/\/www.oidossucios.com\/site\/slash-volvera-a-suramerica-en-el-2014\/#primaryimage\"},\"datePublished\":\"2013-05-06T17:46:00+00:00\",\"dateModified\":\"2013-05-06T17:46:00+00:00\",\"author\":{\"@id\":\"https:\/\/www.oidossucios.com\/site\/#\/schema\/person\/24559eeb76bf83a63296fb072393a688\"},\"description\":\"Una web argentina de fan\\u00e1ticos de Slash, se comunic\\u00f3 con el guitarrista v\\u00eda Twitter. Este, por mensajes directos le confirm\\u00f3 a la web que visitar\\u00e1 Suram\\u00e9rica el a\\u00f1o que viene.\",\"inLanguage\":\"es\",\"potentialAction\":[{\"@type\":\"ReadAction\",\"target\":[\"https:\/\/www.oidossucios.com\/site\/slash-volvera-a-suramerica-en-el-2014\/\"]}]},{\"@type\":[\"Person\"],\"@id\":\"https:\/\/www.oidossucios.com\/site\/#\/schema\/person\/24559eeb76bf83a63296fb072393a688\",\"name\":\"Oidossucios\",\"image\":{\"@type\":\"ImageObject\",\"@id\":\"https:\/\/www.oidossucios.com\/site\/#personlogo\",\"inLanguage\":\"es\",\"url\":\"https:\/\/secure.gravatar.com\/avatar\/74fcb480f42f1a33e50a0b6e6369a3f907be2e43dc84fa5f76c66e9c22b4a5ab?s=96&d=mm&r=g\",\"caption\":\"Oidossucios\"},\"sameAs\":[\"https:\/\/twitter.com\/oidossucios\"]}]}<\/script>\n<!-- \/ Yoast SEO plugin. -->","jetpack_sharing_enabled":true,"_links":{"self":[{"href":"https:\/\/www.oidossucios.com\/site\/wp-json\/wp\/v2\/posts\/7201","targetHints":{"allow":["GET"]}}],"collection":[{"href":"https:\/\/www.oidossucios.com\/site\/wp-json\/wp\/v2\/posts"}],"about":[{"href":"https:\/\/www.oidossucios.com\/site\/wp-json\/wp\/v2\/types\/post"}],"author":[{"embeddable":true,"href":"https:\/\/www.oidossucios.com\/site\/wp-json\/wp\/v2\/users\/4"}],"replies":[{"embeddable":true,"href":"https:\/\/www.oidossucios.com\/site\/wp-json\/wp\/v2\/comments?post=7201"}],"version-history":[{"count":0,"href":"https:\/\/www.oidossucios.com\/site\/wp-json\/wp\/v2\/posts\/7201\/revisions"}],"wp:featuredmedia":[{"embeddable":true,"href":"https:\/\/www.oidossucios.com\/site\/wp-json\/wp\/v2\/media\/100007201"}],"wp:attachment":[{"href":"https:\/\/www.oidossucios.com\/site\/wp-json\/wp\/v2\/media?parent=7201"}],"wp:term":[{"taxonomy":"category","embeddable":true,"href":"https:\/\/www.oidossucios.com\/site\/wp-json\/wp\/v2\/categories?post=7201"},{"taxonomy":"post_tag","embeddable":true,"href":"https:\/\/www.oidossucios.com\/site\/wp-json\/wp\/v2\/tags?post=7201"}],"curies":[{"name":"wp","href":"https:\/\/api.w.org\/{rel}","templated":true}]}}