{"id":7217,"date":"2013-05-08T06:00:00","date_gmt":"2013-05-08T06:00:00","guid":{"rendered":"https:\/\/www.oidossucios.com\/site\/2013\/05\/08\/rod-stewart-quiere-reunir-a-faces\/"},"modified":"2013-05-08T06:00:00","modified_gmt":"2013-05-08T06:00:00","slug":"rod-stewart-quiere-reunir-a-faces","status":"publish","type":"post","link":"https:\/\/www.oidossucios.com\/site\/rod-stewart-quiere-reunir-a-faces\/","title":{"rendered":"Rod Stewart quiere reunir a Faces"},"content":{"rendered":"<p><![endif]-->Parece un buen a\u00f1o para el gran Rod Stewart, de 68 a\u00f1os. Acaba de publicar en castellano su biograf\u00eda y tambi\u00e9n <i>Time<\/i>, su nuevo disco. La leyenda ya est\u00e1 pensando en el futuro, ahora que ha cogido carrera. En una nueva entrevista, Stewart asegur\u00f3 que tiene ganas de poner en marcha la esperada reuni\u00f3n de su grupo Faces.<\/p>\n<p>Stewart dice que se est\u00e1 hablando de ello, pero que por ahora existe un grave conflicto de horarios con uno de los miembros. Se refiere a su socio musical y de borracheras, Ron Wood, que actualmente est\u00e1 de gira con su otro grupo The Rolling Stones. &#8220;Que se lo queden ellos durante un tiempo&#8221;, asegur\u00f3 el cantante. &#8220;Yo estoy pensando m\u00e1s en el a\u00f1o que viene&#8221;.<\/p>\n<p>No es la primera vez que se habla de la reuni\u00f3n de los Faces. De hecho ya ocurri\u00f3 en 2010, cuando los otros miembros de la banda estuvieron de gira, bajo el mismo nombre, pero con Mick Hucknall, de Simply Red, en la voz y Glen Matlock, de los Sex Pistols, en el bajo sustituyendo al fallecido Ronnie Lane. Ahora bien: la reuni\u00f3n &#8220;verdadera&#8221; con Rod Stewart todav\u00eda no ha ocurrido. Ahora ese momento est\u00e1 m\u00e1s cerca.<\/p>\n<p>Por lo pronto Rod tiene 2013 ocupado con la gira en solitario de su disco <i>Time<\/i>. &#8220;Despu\u00e9s, podemos empezar a pensar en los Faces&#8221;, asegura.<\/p>\n<p>Fuente: www.rollingstone.es<!--[if gte mso 10]> <\/style>\n\n <![endif]--><\/p>\n","protected":false},"excerpt":{"rendered":"<p>Parece un buen a\u00f1o para el gran Rod Stewart, de 68 a\u00f1os. Acaba de publicar en castellano su biograf\u00eda y tambi\u00e9n Time, su nuevo disco. La leyenda ya est\u00e1 pensando en el futuro, ahora que ha cogido carrera. En una nueva entrevista, Stewart asegur\u00f3 que tiene ganas de poner en marcha la esperada reuni\u00f3n de [&hellip;]<\/p>\n","protected":false},"author":4,"featured_media":0,"comment_status":"open","ping_status":"open","sticky":false,"template":"","format":"standard","meta":{"_jetpack_memberships_contains_paid_content":false,"footnotes":""},"categories":[142],"tags":[],"class_list":["post-7217","post","type-post","status-publish","format-standard","hentry","category-buzznews"],"jetpack_featured_media_url":"","yoast_head":"<!-- This site is optimized with the Yoast SEO plugin v14.0.4 - https:\/\/yoast.com\/wordpress\/plugins\/seo\/ -->\n<title>Rod Stewart quiere reunir a Faces - OidosSucios.Com<\/title>\n<meta name=\"robots\" content=\"index, follow\" \/>\n<meta name=\"googlebot\" content=\"index, follow, max-snippet:-1, max-image-preview:large, max-video-preview:-1\" \/>\n<meta name=\"bingbot\" content=\"index, follow, max-snippet:-1, max-image-preview:large, max-video-preview:-1\" \/>\n<link rel=\"canonical\" href=\"https:\/\/www.oidossucios.com\/site\/rod-stewart-quiere-reunir-a-faces\/\" \/>\n<meta property=\"og:locale\" content=\"es_ES\" \/>\n<meta property=\"og:type\" content=\"article\" \/>\n<meta property=\"og:title\" content=\"Rod Stewart quiere reunir a Faces - OidosSucios.Com\" \/>\n<meta property=\"og:description\" content=\"Parece un buen a\u00f1o para el gran Rod Stewart, de 68 a\u00f1os. Acaba de publicar en castellano su biograf\u00eda y tambi\u00e9n Time, su nuevo disco. La leyenda ya est\u00e1 pensando en el futuro, ahora que ha cogido carrera. En una nueva entrevista, Stewart asegur\u00f3 que tiene ganas de poner en marcha la esperada reuni\u00f3n de [&hellip;]\" \/>\n<meta property=\"og:url\" content=\"https:\/\/www.oidossucios.com\/site\/rod-stewart-quiere-reunir-a-faces\/\" \/>\n<meta property=\"og:site_name\" content=\"OidosSucios.Com\" \/>\n<meta property=\"article:published_time\" content=\"2013-05-08T06:00:00+00:00\" \/>\n<meta name=\"twitter:card\" content=\"summary_large_image\" \/>\n<meta name=\"twitter:creator\" content=\"@oidossucios\" \/>\n<script type=\"application\/ld+json\" class=\"yoast-schema-graph\">{\"@context\":\"https:\/\/schema.org\",\"@graph\":[{\"@type\":\"WebSite\",\"@id\":\"https:\/\/www.oidossucios.com\/site\/#website\",\"url\":\"https:\/\/www.oidossucios.com\/site\/\",\"name\":\"OidosSucios.Com\",\"description\":\"M\\u00fasica, conciertos, discos\",\"potentialAction\":[{\"@type\":\"SearchAction\",\"target\":\"https:\/\/www.oidossucios.com\/site\/?s={search_term_string}\",\"query-input\":\"required name=search_term_string\"}],\"inLanguage\":\"es\"},{\"@type\":\"WebPage\",\"@id\":\"https:\/\/www.oidossucios.com\/site\/rod-stewart-quiere-reunir-a-faces\/#webpage\",\"url\":\"https:\/\/www.oidossucios.com\/site\/rod-stewart-quiere-reunir-a-faces\/\",\"name\":\"Rod Stewart quiere reunir a Faces - OidosSucios.Com\",\"isPartOf\":{\"@id\":\"https:\/\/www.oidossucios.com\/site\/#website\"},\"datePublished\":\"2013-05-08T06:00:00+00:00\",\"dateModified\":\"2013-05-08T06:00:00+00:00\",\"author\":{\"@id\":\"https:\/\/www.oidossucios.com\/site\/#\/schema\/person\/24559eeb76bf83a63296fb072393a688\"},\"inLanguage\":\"es\",\"potentialAction\":[{\"@type\":\"ReadAction\",\"target\":[\"https:\/\/www.oidossucios.com\/site\/rod-stewart-quiere-reunir-a-faces\/\"]}]},{\"@type\":[\"Person\"],\"@id\":\"https:\/\/www.oidossucios.com\/site\/#\/schema\/person\/24559eeb76bf83a63296fb072393a688\",\"name\":\"Oidossucios\",\"image\":{\"@type\":\"ImageObject\",\"@id\":\"https:\/\/www.oidossucios.com\/site\/#personlogo\",\"inLanguage\":\"es\",\"url\":\"https:\/\/secure.gravatar.com\/avatar\/74fcb480f42f1a33e50a0b6e6369a3f907be2e43dc84fa5f76c66e9c22b4a5ab?s=96&d=mm&r=g\",\"caption\":\"Oidossucios\"},\"sameAs\":[\"https:\/\/twitter.com\/oidossucios\"]}]}<\/script>\n<!-- \/ Yoast SEO plugin. -->","jetpack_sharing_enabled":true,"_links":{"self":[{"href":"https:\/\/www.oidossucios.com\/site\/wp-json\/wp\/v2\/posts\/7217","targetHints":{"allow":["GET"]}}],"collection":[{"href":"https:\/\/www.oidossucios.com\/site\/wp-json\/wp\/v2\/posts"}],"about":[{"href":"https:\/\/www.oidossucios.com\/site\/wp-json\/wp\/v2\/types\/post"}],"author":[{"embeddable":true,"href":"https:\/\/www.oidossucios.com\/site\/wp-json\/wp\/v2\/users\/4"}],"replies":[{"embeddable":true,"href":"https:\/\/www.oidossucios.com\/site\/wp-json\/wp\/v2\/comments?post=7217"}],"version-history":[{"count":0,"href":"https:\/\/www.oidossucios.com\/site\/wp-json\/wp\/v2\/posts\/7217\/revisions"}],"wp:attachment":[{"href":"https:\/\/www.oidossucios.com\/site\/wp-json\/wp\/v2\/media?parent=7217"}],"wp:term":[{"taxonomy":"category","embeddable":true,"href":"https:\/\/www.oidossucios.com\/site\/wp-json\/wp\/v2\/categories?post=7217"},{"taxonomy":"post_tag","embeddable":true,"href":"https:\/\/www.oidossucios.com\/site\/wp-json\/wp\/v2\/tags?post=7217"}],"curies":[{"name":"wp","href":"https:\/\/api.w.org\/{rel}","templated":true}]}}