{"id":7230,"date":"2013-05-10T16:21:00","date_gmt":"2013-05-10T16:21:00","guid":{"rendered":"https:\/\/www.oidossucios.com\/site\/2013\/05\/10\/los-paranoias-lanzan-su-quinto-disco-que-se-activen-las-alarmas\/"},"modified":"2013-05-10T16:21:00","modified_gmt":"2013-05-10T16:21:00","slug":"los-paranoias-lanzan-su-quinto-disco-que-se-activen-las-alarmas","status":"publish","type":"post","link":"https:\/\/www.oidossucios.com\/site\/los-paranoias-lanzan-su-quinto-disco-que-se-activen-las-alarmas\/","title":{"rendered":"Los Paranoias lanzan su quinto disco: &#8220;Que se activen las alarmas&#8221;"},"content":{"rendered":"<p>Luego de un receso de los escenarios venezolanos, Los Paranoias lanzan de la mano del sello Macca Records&nbsp; <i>Que se activen las alarmas<\/i> su esperado 5to \u00e1lbum de estudio.<\/p>\n<p>La banda formada en Caracas hace 12 a\u00f1os por Luis Ir\u00e1n (voz y guitarra), Carlos Da Palma (bajo y coros) y Yunior Lobo (bater\u00eda), se ha convertido en referencia musical obligada dentro del mercado rock nacional, su \u00e1lbumes <i>Aaah! Estos son Los Paranoias!<\/i>(2005), <i>Hey! D\u00f3nde est\u00e1n Los Paranoias?<\/i>(2007), <i>Leslie Sessions EP<\/i> (2008) y&nbsp; <i>Aqu\u00ed Fue<\/i> (2009) muestran el sonido caracter\u00edstico creado de la mezcla del pop de los 60 y el post punk de los 80.<i><\/p>\n<p>Que se activen las alarmas<\/i> es un compendio de 10 temas nuevos que incluye &#8220;No hace falta&#8221; el primer corte promocional, &#8220;Dime qui\u00e9n&#8221; y el pr\u00f3ximo a estrenarse en las emisoras del pa\u00eds &#8220;Sat\u00e9lite&#8221;, canciones con las que la banda retoma sus ra\u00edces pop rock. La producci\u00f3n, grabaci\u00f3n y mezcla estuvo a cargo de Carlos Imperatori (Charliepapa, Viniloversus) en los estudios Tumbador de Caracas. El proceso de masterizaje fue responsabilidad del ganador del Grammy Brian Lucey de Magic Garden Mastering por su colaboraci\u00f3n con la banda norteamericana The Black Keys. El dise\u00f1o y la direcci\u00f3n de arte del disco es obra del artista gr\u00e1fico venezolano MASA, ganador del Latin Grammy 2012 en la categor\u00eda de &#8220;Mejor Empaque&#8221;, quien a su vez hizo uso de las capturas an\u00e1logas realizadas a la banda por Jelena Ardila, fot\u00f3grafa habitual de Los Paranoias.<\/p>\n<p>Esta producci\u00f3n marca el inicio de Macca Records, sello independiente creado por Luis Ir\u00e1n con el que se formaliza el trabajo que un numeroso equipo viene realizando para la banda y con el que se abren a la posibilidad de nuevos y distintos proyectos.<i><\/p>\n<p>Que se activen las alarmas<\/i> acompa\u00f1ado del segundo sencillo promocional &#8220;Sat\u00e9lite&#8221;, estar\u00e1 disponible para su descarga a trav\u00e9s de www.maccarecords.com y en las redes sociales de Los Paranoias, Twitter: @losparanoias y la p\u00e1gina de Facebook Los Paranoias Official.<\/p>\n<p>Para mayor informaci\u00f3n de pr\u00f3ximas fechas y ciudades, actualizaciones y noticias, visitar <a href=\"http:\/\/www.losparanoias.com.ve\/\">www.losparanoias.com.ve<\/a><![endif]--><!--[if gte mso 10]> <\/style>\n\n <![endif]--><\/p>\n","protected":false},"excerpt":{"rendered":"<p>Los Paranoias editan nuevo \u00e1lbum tras cuatro a\u00f1os de ausencia.<\/p>\n","protected":false},"author":4,"featured_media":100007230,"comment_status":"open","ping_status":"open","sticky":false,"template":"","format":"standard","meta":{"_jetpack_memberships_contains_paid_content":false,"footnotes":""},"categories":[250],"tags":[],"class_list":["post-7230","post","type-post","status-publish","format-standard","has-post-thumbnail","hentry","category-noticias"],"jetpack_featured_media_url":"https:\/\/www.oidossucios.com\/site\/wp-content\/uploads\/2013\/05\/7230.jpg","yoast_head":"<!-- This site is optimized with the Yoast SEO plugin v14.0.4 - https:\/\/yoast.com\/wordpress\/plugins\/seo\/ -->\n<title>Los Paranoias lanzan su quinto disco: &quot;Que se activen las alarmas&quot; - OidosSucios.Com<\/title>\n<meta name=\"description\" content=\"Los Paranoias editan nuevo \u00e1lbum tras cuatro a\u00f1os de ausencia.\" \/>\n<meta name=\"robots\" content=\"index, follow\" \/>\n<meta name=\"googlebot\" content=\"index, follow, max-snippet:-1, max-image-preview:large, max-video-preview:-1\" \/>\n<meta name=\"bingbot\" content=\"index, follow, max-snippet:-1, max-image-preview:large, max-video-preview:-1\" \/>\n<link rel=\"canonical\" href=\"https:\/\/www.oidossucios.com\/site\/los-paranoias-lanzan-su-quinto-disco-que-se-activen-las-alarmas\/\" \/>\n<meta property=\"og:locale\" content=\"es_ES\" \/>\n<meta property=\"og:type\" content=\"article\" \/>\n<meta property=\"og:title\" content=\"Los Paranoias lanzan su quinto disco: &quot;Que se activen las alarmas&quot; - OidosSucios.Com\" \/>\n<meta property=\"og:description\" content=\"Los Paranoias editan nuevo \u00e1lbum tras cuatro a\u00f1os de ausencia.\" \/>\n<meta property=\"og:url\" content=\"https:\/\/www.oidossucios.com\/site\/los-paranoias-lanzan-su-quinto-disco-que-se-activen-las-alarmas\/\" \/>\n<meta property=\"og:site_name\" content=\"OidosSucios.Com\" \/>\n<meta property=\"article:published_time\" content=\"2013-05-10T16:21:00+00:00\" \/>\n<meta property=\"og:image\" content=\"https:\/\/www.oidossucios.com\/site\/wp-content\/uploads\/2013\/05\/7230.jpg\" \/>\n\t<meta property=\"og:image:width\" content=\"350\" \/>\n\t<meta property=\"og:image:height\" content=\"300\" \/>\n<meta name=\"twitter:card\" content=\"summary_large_image\" \/>\n<meta name=\"twitter:creator\" content=\"@oidossucios\" \/>\n<script type=\"application\/ld+json\" class=\"yoast-schema-graph\">{\"@context\":\"https:\/\/schema.org\",\"@graph\":[{\"@type\":\"WebSite\",\"@id\":\"https:\/\/www.oidossucios.com\/site\/#website\",\"url\":\"https:\/\/www.oidossucios.com\/site\/\",\"name\":\"OidosSucios.Com\",\"description\":\"M\\u00fasica, conciertos, discos\",\"potentialAction\":[{\"@type\":\"SearchAction\",\"target\":\"https:\/\/www.oidossucios.com\/site\/?s={search_term_string}\",\"query-input\":\"required name=search_term_string\"}],\"inLanguage\":\"es\"},{\"@type\":\"ImageObject\",\"@id\":\"https:\/\/www.oidossucios.com\/site\/los-paranoias-lanzan-su-quinto-disco-que-se-activen-las-alarmas\/#primaryimage\",\"inLanguage\":\"es\",\"url\":\"https:\/\/www.oidossucios.com\/site\/wp-content\/uploads\/2013\/05\/7230.jpg\",\"width\":350,\"height\":300},{\"@type\":\"WebPage\",\"@id\":\"https:\/\/www.oidossucios.com\/site\/los-paranoias-lanzan-su-quinto-disco-que-se-activen-las-alarmas\/#webpage\",\"url\":\"https:\/\/www.oidossucios.com\/site\/los-paranoias-lanzan-su-quinto-disco-que-se-activen-las-alarmas\/\",\"name\":\"Los Paranoias lanzan su quinto disco: \\\"Que se activen las alarmas\\\" - OidosSucios.Com\",\"isPartOf\":{\"@id\":\"https:\/\/www.oidossucios.com\/site\/#website\"},\"primaryImageOfPage\":{\"@id\":\"https:\/\/www.oidossucios.com\/site\/los-paranoias-lanzan-su-quinto-disco-que-se-activen-las-alarmas\/#primaryimage\"},\"datePublished\":\"2013-05-10T16:21:00+00:00\",\"dateModified\":\"2013-05-10T16:21:00+00:00\",\"author\":{\"@id\":\"https:\/\/www.oidossucios.com\/site\/#\/schema\/person\/24559eeb76bf83a63296fb072393a688\"},\"description\":\"Los Paranoias editan nuevo \\u00e1lbum tras cuatro a\\u00f1os de ausencia.\",\"inLanguage\":\"es\",\"potentialAction\":[{\"@type\":\"ReadAction\",\"target\":[\"https:\/\/www.oidossucios.com\/site\/los-paranoias-lanzan-su-quinto-disco-que-se-activen-las-alarmas\/\"]}]},{\"@type\":[\"Person\"],\"@id\":\"https:\/\/www.oidossucios.com\/site\/#\/schema\/person\/24559eeb76bf83a63296fb072393a688\",\"name\":\"Oidossucios\",\"image\":{\"@type\":\"ImageObject\",\"@id\":\"https:\/\/www.oidossucios.com\/site\/#personlogo\",\"inLanguage\":\"es\",\"url\":\"https:\/\/secure.gravatar.com\/avatar\/74fcb480f42f1a33e50a0b6e6369a3f907be2e43dc84fa5f76c66e9c22b4a5ab?s=96&d=mm&r=g\",\"caption\":\"Oidossucios\"},\"sameAs\":[\"https:\/\/twitter.com\/oidossucios\"]}]}<\/script>\n<!-- \/ Yoast SEO plugin. -->","jetpack_sharing_enabled":true,"_links":{"self":[{"href":"https:\/\/www.oidossucios.com\/site\/wp-json\/wp\/v2\/posts\/7230","targetHints":{"allow":["GET"]}}],"collection":[{"href":"https:\/\/www.oidossucios.com\/site\/wp-json\/wp\/v2\/posts"}],"about":[{"href":"https:\/\/www.oidossucios.com\/site\/wp-json\/wp\/v2\/types\/post"}],"author":[{"embeddable":true,"href":"https:\/\/www.oidossucios.com\/site\/wp-json\/wp\/v2\/users\/4"}],"replies":[{"embeddable":true,"href":"https:\/\/www.oidossucios.com\/site\/wp-json\/wp\/v2\/comments?post=7230"}],"version-history":[{"count":0,"href":"https:\/\/www.oidossucios.com\/site\/wp-json\/wp\/v2\/posts\/7230\/revisions"}],"wp:featuredmedia":[{"embeddable":true,"href":"https:\/\/www.oidossucios.com\/site\/wp-json\/wp\/v2\/media\/100007230"}],"wp:attachment":[{"href":"https:\/\/www.oidossucios.com\/site\/wp-json\/wp\/v2\/media?parent=7230"}],"wp:term":[{"taxonomy":"category","embeddable":true,"href":"https:\/\/www.oidossucios.com\/site\/wp-json\/wp\/v2\/categories?post=7230"},{"taxonomy":"post_tag","embeddable":true,"href":"https:\/\/www.oidossucios.com\/site\/wp-json\/wp\/v2\/tags?post=7230"}],"curies":[{"name":"wp","href":"https:\/\/api.w.org\/{rel}","templated":true}]}}