{"id":7233,"date":"2013-05-10T17:04:00","date_gmt":"2013-05-10T17:04:00","guid":{"rendered":"https:\/\/www.oidossucios.com\/site\/2013\/05\/10\/bad-religion-aclara-o-no-la-situacion-de-greg-hetson-en-la-banda\/"},"modified":"2013-05-10T17:04:00","modified_gmt":"2013-05-10T17:04:00","slug":"bad-religion-aclara-o-no-la-situacion-de-greg-hetson-en-la-banda","status":"publish","type":"post","link":"https:\/\/www.oidossucios.com\/site\/bad-religion-aclara-o-no-la-situacion-de-greg-hetson-en-la-banda\/","title":{"rendered":"Bad Religion aclara (o no) la situaci\u00f3n de Greg Hetson en la banda"},"content":{"rendered":"<p>Luego de que el rumor se esparciera durante&nbsp;<a target=\"_blank\" href=\"\/buzznews\/7185\/greg-hetson-dejo-bad-religion\/\" rel=\"noopener noreferrer\">la semana pasada<\/a>, ya podemos saber algo m\u00e1s de la situaci\u00f3n de&nbsp;Greg Hetson&nbsp;en&nbsp;Bad Religion.<\/p>\n<p>Lo que se sab\u00eda era que el guitarrista no particip\u00f3 de algunas fechas del grupo en Europa, donde se encuentran promocionando&nbsp;<i>True North<\/i>, su m\u00e1s reciente placa de estudio.<\/p>\n<p>Finalmente, el bajista&nbsp;Jay Bentley&nbsp;entreg\u00f3 informaci\u00f3n en el foro del sitio oficial de la banda: &#8220;Greg Hetson est\u00e1 lidiando con algunas cuestiones personales, si \u00e9l desea hacer alguna declaraci\u00f3n, lo apoyaremos; si no, lo apoyaremos igual. En efecto, Mike Dimkich nos est\u00e1 ayudando, y es algo que genuinamente apreciamos. Ahora mismo estamos mirando hacia adelante y alist\u00e1ndonos para hacer nuestros shows&#8221;.<\/p>\n<p>Todo esto da a entender que el guitarrista no se ha ido del conjunto, aunque no hay mayor especificaci\u00f3n en lo que est\u00e1 ocurriendo. Ampliaremos a medida que surjan m\u00e1s antecedentes.<\/p>\n<p>Fuente: www.rockasis.com<![endif]--><!--[if gte mso 10]> <\/style>\n\n <![endif]--><!--nextpage--><img decoding=\"async\" class=\"aligncenter size-medium wp-image-111116704\" src=\"https:\/\/www.oidossucios.com\/site\/wp-content\/uploads\/2020\/02\/6704.jpg\" alt=\"Bad Religion aclara (o no) la situaci\u00f3n de Greg Hetson en la banda\"  \/><a href='https:\/\/www.oidossucios.com\/site\/bad-religion-aclara-o-no-la-situacion-de-greg-hetson-en-la-banda\/2\/'\n                        onclick='if (tpsInstance) { tpsInstance.setNext(); return false; }'\n                        rel='next'\n                        style=''\n                        class=''>Ver galer\u00eda<\/a>]]><\/p>\n","protected":false},"excerpt":{"rendered":"<p>Luego de que el rumor se esparciera durante&nbsp;la semana pasada, ya podemos saber algo m\u00e1s de la situaci\u00f3n de&nbsp;Greg Hetson&nbsp;en&nbsp;Bad Religion. Lo que se sab\u00eda era que el guitarrista no particip\u00f3 de algunas fechas del grupo en Europa, donde se encuentran promocionando&nbsp;True North, su m\u00e1s reciente placa de estudio. Finalmente, el bajista&nbsp;Jay Bentley&nbsp;entreg\u00f3 informaci\u00f3n en [&hellip;]<\/p>\n","protected":false},"author":4,"featured_media":100007233,"comment_status":"open","ping_status":"open","sticky":false,"template":"","format":"standard","meta":{"_jetpack_memberships_contains_paid_content":false,"footnotes":""},"categories":[142],"tags":[],"class_list":["post-7233","post","type-post","status-publish","format-standard","has-post-thumbnail","hentry","category-buzznews"],"jetpack_featured_media_url":"https:\/\/www.oidossucios.com\/site\/wp-content\/uploads\/2013\/05\/7233.jpg","yoast_head":"<!-- This site is optimized with the Yoast SEO plugin v14.0.4 - https:\/\/yoast.com\/wordpress\/plugins\/seo\/ -->\n<title>Bad Religion aclara (o no) la situaci\u00f3n de Greg Hetson en la banda - OidosSucios.Com<\/title>\n<meta name=\"robots\" content=\"index, follow\" \/>\n<meta name=\"googlebot\" content=\"index, follow, max-snippet:-1, max-image-preview:large, max-video-preview:-1\" \/>\n<meta name=\"bingbot\" content=\"index, follow, max-snippet:-1, max-image-preview:large, max-video-preview:-1\" \/>\n<link rel=\"canonical\" href=\"https:\/\/www.oidossucios.com\/site\/bad-religion-aclara-o-no-la-situacion-de-greg-hetson-en-la-banda\/\" \/>\n<link rel=\"next\" href=\"https:\/\/www.oidossucios.com\/site\/bad-religion-aclara-o-no-la-situacion-de-greg-hetson-en-la-banda\/2\/\" \/>\n<meta property=\"og:locale\" content=\"es_ES\" \/>\n<meta property=\"og:type\" content=\"article\" \/>\n<meta property=\"og:title\" content=\"Bad Religion aclara (o no) la situaci\u00f3n de Greg Hetson en la banda - OidosSucios.Com\" \/>\n<meta property=\"og:description\" content=\"Luego de que el rumor se esparciera durante&nbsp;la semana pasada, ya podemos saber algo m\u00e1s de la situaci\u00f3n de&nbsp;Greg Hetson&nbsp;en&nbsp;Bad Religion. Lo que se sab\u00eda era que el guitarrista no particip\u00f3 de algunas fechas del grupo en Europa, donde se encuentran promocionando&nbsp;True North, su m\u00e1s reciente placa de estudio. Finalmente, el bajista&nbsp;Jay Bentley&nbsp;entreg\u00f3 informaci\u00f3n en [&hellip;]\" \/>\n<meta property=\"og:url\" content=\"https:\/\/www.oidossucios.com\/site\/bad-religion-aclara-o-no-la-situacion-de-greg-hetson-en-la-banda\/\" \/>\n<meta property=\"og:site_name\" content=\"OidosSucios.Com\" \/>\n<meta property=\"article:published_time\" content=\"2013-05-10T17:04:00+00:00\" \/>\n<meta property=\"og:image\" content=\"https:\/\/www.oidossucios.com\/site\/wp-content\/uploads\/2013\/05\/7233.jpg\" \/>\n\t<meta property=\"og:image:width\" content=\"350\" \/>\n\t<meta property=\"og:image:height\" content=\"300\" \/>\n<meta name=\"twitter:card\" content=\"summary_large_image\" \/>\n<meta name=\"twitter:creator\" content=\"@oidossucios\" \/>\n<script type=\"application\/ld+json\" class=\"yoast-schema-graph\">{\"@context\":\"https:\/\/schema.org\",\"@graph\":[{\"@type\":\"WebSite\",\"@id\":\"https:\/\/www.oidossucios.com\/site\/#website\",\"url\":\"https:\/\/www.oidossucios.com\/site\/\",\"name\":\"OidosSucios.Com\",\"description\":\"M\\u00fasica, conciertos, discos\",\"potentialAction\":[{\"@type\":\"SearchAction\",\"target\":\"https:\/\/www.oidossucios.com\/site\/?s={search_term_string}\",\"query-input\":\"required name=search_term_string\"}],\"inLanguage\":\"es\"},{\"@type\":\"ImageObject\",\"@id\":\"https:\/\/www.oidossucios.com\/site\/bad-religion-aclara-o-no-la-situacion-de-greg-hetson-en-la-banda\/#primaryimage\",\"inLanguage\":\"es\",\"url\":\"https:\/\/www.oidossucios.com\/site\/wp-content\/uploads\/2013\/05\/7233.jpg\",\"width\":350,\"height\":300},{\"@type\":\"WebPage\",\"@id\":\"https:\/\/www.oidossucios.com\/site\/bad-religion-aclara-o-no-la-situacion-de-greg-hetson-en-la-banda\/#webpage\",\"url\":\"https:\/\/www.oidossucios.com\/site\/bad-religion-aclara-o-no-la-situacion-de-greg-hetson-en-la-banda\/\",\"name\":\"Bad Religion aclara (o no) la situaci\\u00f3n de Greg Hetson en la banda - OidosSucios.Com\",\"isPartOf\":{\"@id\":\"https:\/\/www.oidossucios.com\/site\/#website\"},\"primaryImageOfPage\":{\"@id\":\"https:\/\/www.oidossucios.com\/site\/bad-religion-aclara-o-no-la-situacion-de-greg-hetson-en-la-banda\/#primaryimage\"},\"datePublished\":\"2013-05-10T17:04:00+00:00\",\"dateModified\":\"2013-05-10T17:04:00+00:00\",\"author\":{\"@id\":\"https:\/\/www.oidossucios.com\/site\/#\/schema\/person\/24559eeb76bf83a63296fb072393a688\"},\"inLanguage\":\"es\",\"potentialAction\":[{\"@type\":\"ReadAction\",\"target\":[\"https:\/\/www.oidossucios.com\/site\/bad-religion-aclara-o-no-la-situacion-de-greg-hetson-en-la-banda\/\"]}]},{\"@type\":[\"Person\"],\"@id\":\"https:\/\/www.oidossucios.com\/site\/#\/schema\/person\/24559eeb76bf83a63296fb072393a688\",\"name\":\"Oidossucios\",\"image\":{\"@type\":\"ImageObject\",\"@id\":\"https:\/\/www.oidossucios.com\/site\/#personlogo\",\"inLanguage\":\"es\",\"url\":\"https:\/\/secure.gravatar.com\/avatar\/74fcb480f42f1a33e50a0b6e6369a3f907be2e43dc84fa5f76c66e9c22b4a5ab?s=96&d=mm&r=g\",\"caption\":\"Oidossucios\"},\"sameAs\":[\"https:\/\/twitter.com\/oidossucios\"]}]}<\/script>\n<!-- \/ Yoast SEO plugin. -->","jetpack_sharing_enabled":true,"_links":{"self":[{"href":"https:\/\/www.oidossucios.com\/site\/wp-json\/wp\/v2\/posts\/7233","targetHints":{"allow":["GET"]}}],"collection":[{"href":"https:\/\/www.oidossucios.com\/site\/wp-json\/wp\/v2\/posts"}],"about":[{"href":"https:\/\/www.oidossucios.com\/site\/wp-json\/wp\/v2\/types\/post"}],"author":[{"embeddable":true,"href":"https:\/\/www.oidossucios.com\/site\/wp-json\/wp\/v2\/users\/4"}],"replies":[{"embeddable":true,"href":"https:\/\/www.oidossucios.com\/site\/wp-json\/wp\/v2\/comments?post=7233"}],"version-history":[{"count":0,"href":"https:\/\/www.oidossucios.com\/site\/wp-json\/wp\/v2\/posts\/7233\/revisions"}],"wp:featuredmedia":[{"embeddable":true,"href":"https:\/\/www.oidossucios.com\/site\/wp-json\/wp\/v2\/media\/100007233"}],"wp:attachment":[{"href":"https:\/\/www.oidossucios.com\/site\/wp-json\/wp\/v2\/media?parent=7233"}],"wp:term":[{"taxonomy":"category","embeddable":true,"href":"https:\/\/www.oidossucios.com\/site\/wp-json\/wp\/v2\/categories?post=7233"},{"taxonomy":"post_tag","embeddable":true,"href":"https:\/\/www.oidossucios.com\/site\/wp-json\/wp\/v2\/tags?post=7233"}],"curies":[{"name":"wp","href":"https:\/\/api.w.org\/{rel}","templated":true}]}}