{"id":7252,"date":"2013-05-14T18:04:00","date_gmt":"2013-05-14T18:04:00","guid":{"rendered":"https:\/\/www.oidossucios.com\/site\/2013\/05\/14\/ozzy-osbourne-bill-ward-no-podia-cortar-la-reunion-de-black-sabbath\/"},"modified":"2013-05-14T18:04:00","modified_gmt":"2013-05-14T18:04:00","slug":"ozzy-osbourne-bill-ward-no-podia-cortar-la-reunion-de-black-sabbath","status":"publish","type":"post","link":"https:\/\/www.oidossucios.com\/site\/ozzy-osbourne-bill-ward-no-podia-cortar-la-reunion-de-black-sabbath\/","title":{"rendered":"Ozzy Osbourne: &#8220;Bill Ward no pod\u00eda cortar la reuni\u00f3n de Black Sabbath&#8221;"},"content":{"rendered":"<p>Todos sabemos que&nbsp;Black Sabbath&nbsp;se reuni\u00f3 y est\u00e1 por editar un disco nuevo, titulado <i>13. <\/i>Tambi\u00e9n sabemos que el baterista original del grupo,&nbsp;Bill Ward,&nbsp;decidi\u00f3 no formar parte de este regreso por supuestas diferencias monetarias. Pero hoy,&nbsp;Ozzy Osbourne&nbsp;nos revela algo nuevo, al parecer la verdadera raz\u00f3n por la cual Ward no particip\u00f3 en la vuelta de la legendaria banda.<\/p>\n<p>En una entrevista para la revista Mojo, Ozzy declar\u00f3 que Bill estaba un poco m\u00e1s que oxidado con respecto a sus habilidades como baterista: &#8220;Hubo un poco de finanzas&#8230; Pero hay otra parte de la historia. Cuando Bill lleg\u00f3, todos nos preguntamos &#8220;\u00bfPodr\u00e1 tocar hora y media o dos de concierto?&#8221; mi sugerencia fue que toc\u00e1ramos un set completo y ver c\u00f3mo se sent\u00eda, \u00e9l estaba demasiado fuera de forma y el baterista es la parte m\u00e1s demandante de toda la banda.&#8221;<\/p>\n<p>&#8220;Ve\u00edamos a Bill y no recordaba un <s>carajo<\/s> de lo que est\u00e1bamos haciendo. Pero no fue honesto, no dijo &#8220;No puedo con esto, pero podemos ver qu\u00e9 hacer, chicos, podr\u00edamos tener a un segundo baterista que me apoye&#8221; o &#8220;Tocar\u00e9 solo algunas canciones&#8221;, eso hubiera sido genial, pero no lo hizo&#8221; continu\u00f3 Ozzy.<\/p>\n<p>&#8220;Pero s\u00e9 de donde viene eso. Le hiri\u00f3 el orgullo y lo entiendo. Lo entiendo de verdad. Ser\u00e1 siempre un gran, gran amigo y un hermano para m\u00ed pero\u0085 No le puede sorprender que no haga la gira. \u00bfSabes esos papelitos amarillos con pegamento? Los ten\u00eda por toda la bater\u00eda. Y le dije, &#8220;\u00bfPara qu\u00e9 <s>co\u00f1o<\/s>es eso,&nbsp;Bill?&#8221; Y me dijo, &#8220;No me acuerdo de lo que hago&#8221;. Y le dije, &#8220;\u00bfC\u00f3mo vas a acordarte entre esos 500.000 trozos de papel en toda tu bater\u00eda, a cual estabas mirando,&nbsp;Bill?&#8221; Y me dijo, &#8220;Lo sabr\u00e9&#8221;. Ah, vale, genial. No voy a hablar mal de&nbsp;Bill&nbsp;pero al mismo tiempo no hemos tenido la paciencia para lidiar con ello&#8221; finaliz\u00f3 el vocalista.<i><\/p>\n<p>13<\/i>&nbsp;llegar\u00e1 a las tiendas el 11 de junio y es el primer \u00e1lbum de estudio con&nbsp;Ozzy Osbourne&nbsp;como cantante desde 1978. <![endif]--><!--[if gte mso 10]> <\/style>\n\n <![endif]--><!--nextpage--><img decoding=\"async\" class=\"aligncenter size-medium wp-image-111116710\" src=\"https:\/\/www.oidossucios.com\/site\/wp-content\/uploads\/2020\/02\/6710.jpg\" alt=\"Ozzy Osbourne: \"Bill Ward no pod\u00eda cortar la reuni\u00f3n de Black Sabbath\" \"  \/><a href='https:\/\/www.oidossucios.com\/site\/ozzy-osbourne-bill-ward-no-podia-cortar-la-reunion-de-black-sabbath\/2\/'\n                        onclick='if (tpsInstance) { tpsInstance.setNext(); return false; }'\n                        rel='next'\n                        style=''\n                        class=''>Ver galer\u00eda<\/a>]]><\/p>\n","protected":false},"excerpt":{"rendered":"<p>En una entrevista Ozzy declar\u00f3 que las diferencias con Bill Ward no fueron s\u00f3lo monetarias, sino que tambi\u00e9n estaba un poco m\u00e1s que oxidado con respecto a sus habilidades como baterista.<\/p>\n","protected":false},"author":4,"featured_media":100007252,"comment_status":"open","ping_status":"open","sticky":false,"template":"","format":"standard","meta":{"_jetpack_memberships_contains_paid_content":false,"footnotes":""},"categories":[250],"tags":[],"class_list":["post-7252","post","type-post","status-publish","format-standard","has-post-thumbnail","hentry","category-noticias"],"jetpack_featured_media_url":"https:\/\/www.oidossucios.com\/site\/wp-content\/uploads\/2013\/05\/7252.jpg","yoast_head":"<!-- This site is optimized with the Yoast SEO plugin v14.0.4 - https:\/\/yoast.com\/wordpress\/plugins\/seo\/ -->\n<title>Ozzy Osbourne: &quot;Bill Ward no pod\u00eda cortar la reuni\u00f3n de Black Sabbath&quot; - OidosSucios.Com<\/title>\n<meta name=\"description\" content=\"En una entrevista Ozzy declar\u00f3 que las diferencias con Bill Ward no fueron s\u00f3lo monetarias, sino que tambi\u00e9n estaba un poco m\u00e1s que oxidado con respecto a sus habilidades como baterista.\" \/>\n<meta name=\"robots\" content=\"index, follow\" \/>\n<meta name=\"googlebot\" content=\"index, follow, max-snippet:-1, max-image-preview:large, max-video-preview:-1\" \/>\n<meta name=\"bingbot\" content=\"index, follow, max-snippet:-1, max-image-preview:large, max-video-preview:-1\" \/>\n<link rel=\"canonical\" href=\"https:\/\/www.oidossucios.com\/site\/ozzy-osbourne-bill-ward-no-podia-cortar-la-reunion-de-black-sabbath\/\" \/>\n<link rel=\"next\" href=\"https:\/\/www.oidossucios.com\/site\/ozzy-osbourne-bill-ward-no-podia-cortar-la-reunion-de-black-sabbath\/2\/\" \/>\n<meta property=\"og:locale\" content=\"es_ES\" \/>\n<meta property=\"og:type\" content=\"article\" \/>\n<meta property=\"og:title\" content=\"Ozzy Osbourne: &quot;Bill Ward no pod\u00eda cortar la reuni\u00f3n de Black Sabbath&quot; - OidosSucios.Com\" \/>\n<meta property=\"og:description\" content=\"En una entrevista Ozzy declar\u00f3 que las diferencias con Bill Ward no fueron s\u00f3lo monetarias, sino que tambi\u00e9n estaba un poco m\u00e1s que oxidado con respecto a sus habilidades como baterista.\" \/>\n<meta property=\"og:url\" content=\"https:\/\/www.oidossucios.com\/site\/ozzy-osbourne-bill-ward-no-podia-cortar-la-reunion-de-black-sabbath\/\" \/>\n<meta property=\"og:site_name\" content=\"OidosSucios.Com\" \/>\n<meta property=\"article:published_time\" content=\"2013-05-14T18:04:00+00:00\" \/>\n<meta property=\"og:image\" content=\"https:\/\/www.oidossucios.com\/site\/wp-content\/uploads\/2013\/05\/7252.jpg\" \/>\n\t<meta property=\"og:image:width\" content=\"350\" \/>\n\t<meta property=\"og:image:height\" content=\"300\" \/>\n<meta name=\"twitter:card\" content=\"summary_large_image\" \/>\n<meta name=\"twitter:creator\" content=\"@oidossucios\" \/>\n<script type=\"application\/ld+json\" class=\"yoast-schema-graph\">{\"@context\":\"https:\/\/schema.org\",\"@graph\":[{\"@type\":\"WebSite\",\"@id\":\"https:\/\/www.oidossucios.com\/site\/#website\",\"url\":\"https:\/\/www.oidossucios.com\/site\/\",\"name\":\"OidosSucios.Com\",\"description\":\"M\\u00fasica, conciertos, discos\",\"potentialAction\":[{\"@type\":\"SearchAction\",\"target\":\"https:\/\/www.oidossucios.com\/site\/?s={search_term_string}\",\"query-input\":\"required name=search_term_string\"}],\"inLanguage\":\"es\"},{\"@type\":\"ImageObject\",\"@id\":\"https:\/\/www.oidossucios.com\/site\/ozzy-osbourne-bill-ward-no-podia-cortar-la-reunion-de-black-sabbath\/#primaryimage\",\"inLanguage\":\"es\",\"url\":\"https:\/\/www.oidossucios.com\/site\/wp-content\/uploads\/2013\/05\/7252.jpg\",\"width\":350,\"height\":300},{\"@type\":\"WebPage\",\"@id\":\"https:\/\/www.oidossucios.com\/site\/ozzy-osbourne-bill-ward-no-podia-cortar-la-reunion-de-black-sabbath\/#webpage\",\"url\":\"https:\/\/www.oidossucios.com\/site\/ozzy-osbourne-bill-ward-no-podia-cortar-la-reunion-de-black-sabbath\/\",\"name\":\"Ozzy Osbourne: \\\"Bill Ward no pod\\u00eda cortar la reuni\\u00f3n de Black Sabbath\\\" - OidosSucios.Com\",\"isPartOf\":{\"@id\":\"https:\/\/www.oidossucios.com\/site\/#website\"},\"primaryImageOfPage\":{\"@id\":\"https:\/\/www.oidossucios.com\/site\/ozzy-osbourne-bill-ward-no-podia-cortar-la-reunion-de-black-sabbath\/#primaryimage\"},\"datePublished\":\"2013-05-14T18:04:00+00:00\",\"dateModified\":\"2013-05-14T18:04:00+00:00\",\"author\":{\"@id\":\"https:\/\/www.oidossucios.com\/site\/#\/schema\/person\/24559eeb76bf83a63296fb072393a688\"},\"description\":\"En una entrevista Ozzy declar\\u00f3 que las diferencias con Bill Ward no fueron s\\u00f3lo monetarias, sino que tambi\\u00e9n estaba un poco m\\u00e1s que oxidado con respecto a sus habilidades como baterista.\",\"inLanguage\":\"es\",\"potentialAction\":[{\"@type\":\"ReadAction\",\"target\":[\"https:\/\/www.oidossucios.com\/site\/ozzy-osbourne-bill-ward-no-podia-cortar-la-reunion-de-black-sabbath\/\"]}]},{\"@type\":[\"Person\"],\"@id\":\"https:\/\/www.oidossucios.com\/site\/#\/schema\/person\/24559eeb76bf83a63296fb072393a688\",\"name\":\"Oidossucios\",\"image\":{\"@type\":\"ImageObject\",\"@id\":\"https:\/\/www.oidossucios.com\/site\/#personlogo\",\"inLanguage\":\"es\",\"url\":\"https:\/\/secure.gravatar.com\/avatar\/74fcb480f42f1a33e50a0b6e6369a3f907be2e43dc84fa5f76c66e9c22b4a5ab?s=96&d=mm&r=g\",\"caption\":\"Oidossucios\"},\"sameAs\":[\"https:\/\/twitter.com\/oidossucios\"]}]}<\/script>\n<!-- \/ Yoast SEO plugin. -->","jetpack_sharing_enabled":true,"_links":{"self":[{"href":"https:\/\/www.oidossucios.com\/site\/wp-json\/wp\/v2\/posts\/7252","targetHints":{"allow":["GET"]}}],"collection":[{"href":"https:\/\/www.oidossucios.com\/site\/wp-json\/wp\/v2\/posts"}],"about":[{"href":"https:\/\/www.oidossucios.com\/site\/wp-json\/wp\/v2\/types\/post"}],"author":[{"embeddable":true,"href":"https:\/\/www.oidossucios.com\/site\/wp-json\/wp\/v2\/users\/4"}],"replies":[{"embeddable":true,"href":"https:\/\/www.oidossucios.com\/site\/wp-json\/wp\/v2\/comments?post=7252"}],"version-history":[{"count":0,"href":"https:\/\/www.oidossucios.com\/site\/wp-json\/wp\/v2\/posts\/7252\/revisions"}],"wp:featuredmedia":[{"embeddable":true,"href":"https:\/\/www.oidossucios.com\/site\/wp-json\/wp\/v2\/media\/100007252"}],"wp:attachment":[{"href":"https:\/\/www.oidossucios.com\/site\/wp-json\/wp\/v2\/media?parent=7252"}],"wp:term":[{"taxonomy":"category","embeddable":true,"href":"https:\/\/www.oidossucios.com\/site\/wp-json\/wp\/v2\/categories?post=7252"},{"taxonomy":"post_tag","embeddable":true,"href":"https:\/\/www.oidossucios.com\/site\/wp-json\/wp\/v2\/tags?post=7252"}],"curies":[{"name":"wp","href":"https:\/\/api.w.org\/{rel}","templated":true}]}}