{"id":7253,"date":"2013-05-14T18:48:00","date_gmt":"2013-05-14T18:48:00","guid":{"rendered":"https:\/\/www.oidossucios.com\/site\/2013\/05\/14\/gustavo-cerati-cumple-tres-anos-en-coma\/"},"modified":"2013-05-14T18:48:00","modified_gmt":"2013-05-14T18:48:00","slug":"gustavo-cerati-cumple-tres-anos-en-coma","status":"publish","type":"post","link":"https:\/\/www.oidossucios.com\/site\/gustavo-cerati-cumple-tres-anos-en-coma\/","title":{"rendered":"Gustavo Cerati cumple tres a\u00f1os en &#8220;coma&#8221;"},"content":{"rendered":"<p>Por <\/p>\n<p><a href=\"\/buzznews\/3482\/cerati-antes-despues-del-colapso\/\">Ac\u00e1 un art\u00edculo de Rolling Stone Argentina: &#8220;Cerati: antes y despu\u00e9s del colapso&#8221;<\/a>.<\/p>\n<p>El m\u00fasico y cantante argentino Gustavo Cerati, cumple este 17 de mayo tres a\u00f1os en &#8220;coma&#8221;. Su condici\u00f3n es &#8220;cl\u00ednicamente estable&#8221;, de acuerdo con un informe m\u00e9dico divulgado este martes por la familia del artista.<\/p>\n<p>Cerati, de 53 a\u00f1os, sufri\u00f3 un accidente cerebrovascular el 17 de mayo de 2010, dos d\u00edas despu\u00e9s de ofrecer un concierto en Caracas. Desde el 24 de octubre de ese a\u00f1o, permanece hospitalizado en una cl\u00ednica de Buenos Aires &#8220;con asistencia respiratoria mec\u00e1nica&#8221;.<\/p>\n<p>El cantante no ha presentado cambios neurol\u00f3gicos, ni &#8220;intercurrencias agudas&#8221; es decir, complicaciones o enfermedades derivadas de su actual estado de salud. Tampoco tiene nuevas lesiones, de acuerdo con <a target=\"_blank\" href=\"http:\/\/www.cerati.com\/\" rel=\"noopener noreferrer\">el comunicado de la familia<\/a>.<\/p>\n<p>Cerati recibe terapia de &#8220;movilizaci\u00f3n kinesiol\u00f3gica pasiva&#8221; y estimulaci\u00f3n permanente en las &#8220;\u00e1reas de terapia ocupacional y musicoterapia&#8221;.<\/p>\n<p>La familia del artista agradece el &#8220;respeto&#8221; y las demostraciones de cari\u00f1o que &#8220;suman fuerzas para seguir adelante acompa\u00f1ando a Gustavo (Cerati) incondicionalmente&#8221;.<\/p>\n<p>Fuente: www.mexico.cnn.com<![endif]--><!--[if gte mso 10]> <\/style>\n\n <![endif]--><\/p>\n","protected":false},"excerpt":{"rendered":"<p>El m\u00fasico argentino tiene asistencia respiratoria mec\u00e1nica y recibe terapias de movilizaci\u00f3n y estimulaci\u00f3n, tras el incidente de 2010.<\/p>\n","protected":false},"author":4,"featured_media":100007253,"comment_status":"open","ping_status":"open","sticky":false,"template":"","format":"standard","meta":{"_jetpack_memberships_contains_paid_content":false,"footnotes":""},"categories":[685],"tags":[],"class_list":["post-7253","post","type-post","status-publish","format-standard","has-post-thumbnail","hentry","category-ultima"],"jetpack_featured_media_url":"https:\/\/www.oidossucios.com\/site\/wp-content\/uploads\/2013\/05\/7253.jpg","yoast_head":"<!-- This site is optimized with the Yoast SEO plugin v14.0.4 - https:\/\/yoast.com\/wordpress\/plugins\/seo\/ -->\n<title>Gustavo Cerati cumple tres a\u00f1os en &quot;coma&quot; - OidosSucios.Com<\/title>\n<meta name=\"description\" content=\"El m\u00fasico argentino tiene asistencia respiratoria mec\u00e1nica y recibe terapias de movilizaci\u00f3n y estimulaci\u00f3n, tras el incidente de 2010.\" \/>\n<meta name=\"robots\" content=\"index, follow\" \/>\n<meta name=\"googlebot\" content=\"index, follow, max-snippet:-1, max-image-preview:large, max-video-preview:-1\" \/>\n<meta name=\"bingbot\" content=\"index, follow, max-snippet:-1, max-image-preview:large, max-video-preview:-1\" \/>\n<link rel=\"canonical\" href=\"https:\/\/www.oidossucios.com\/site\/gustavo-cerati-cumple-tres-anos-en-coma\/\" \/>\n<meta property=\"og:locale\" content=\"es_ES\" \/>\n<meta property=\"og:type\" content=\"article\" \/>\n<meta property=\"og:title\" content=\"Gustavo Cerati cumple tres a\u00f1os en &quot;coma&quot; - OidosSucios.Com\" \/>\n<meta property=\"og:description\" content=\"El m\u00fasico argentino tiene asistencia respiratoria mec\u00e1nica y recibe terapias de movilizaci\u00f3n y estimulaci\u00f3n, tras el incidente de 2010.\" \/>\n<meta property=\"og:url\" content=\"https:\/\/www.oidossucios.com\/site\/gustavo-cerati-cumple-tres-anos-en-coma\/\" \/>\n<meta property=\"og:site_name\" content=\"OidosSucios.Com\" \/>\n<meta property=\"article:published_time\" content=\"2013-05-14T18:48:00+00:00\" \/>\n<meta property=\"og:image\" content=\"https:\/\/www.oidossucios.com\/site\/wp-content\/uploads\/2013\/05\/7253.jpg\" \/>\n\t<meta property=\"og:image:width\" content=\"350\" \/>\n\t<meta property=\"og:image:height\" content=\"300\" \/>\n<meta name=\"twitter:card\" content=\"summary_large_image\" \/>\n<meta name=\"twitter:creator\" content=\"@oidossucios\" \/>\n<script type=\"application\/ld+json\" class=\"yoast-schema-graph\">{\"@context\":\"https:\/\/schema.org\",\"@graph\":[{\"@type\":\"WebSite\",\"@id\":\"https:\/\/www.oidossucios.com\/site\/#website\",\"url\":\"https:\/\/www.oidossucios.com\/site\/\",\"name\":\"OidosSucios.Com\",\"description\":\"M\\u00fasica, conciertos, discos\",\"potentialAction\":[{\"@type\":\"SearchAction\",\"target\":\"https:\/\/www.oidossucios.com\/site\/?s={search_term_string}\",\"query-input\":\"required name=search_term_string\"}],\"inLanguage\":\"es\"},{\"@type\":\"ImageObject\",\"@id\":\"https:\/\/www.oidossucios.com\/site\/gustavo-cerati-cumple-tres-anos-en-coma\/#primaryimage\",\"inLanguage\":\"es\",\"url\":\"https:\/\/www.oidossucios.com\/site\/wp-content\/uploads\/2013\/05\/7253.jpg\",\"width\":350,\"height\":300},{\"@type\":\"WebPage\",\"@id\":\"https:\/\/www.oidossucios.com\/site\/gustavo-cerati-cumple-tres-anos-en-coma\/#webpage\",\"url\":\"https:\/\/www.oidossucios.com\/site\/gustavo-cerati-cumple-tres-anos-en-coma\/\",\"name\":\"Gustavo Cerati cumple tres a\\u00f1os en \\\"coma\\\" - OidosSucios.Com\",\"isPartOf\":{\"@id\":\"https:\/\/www.oidossucios.com\/site\/#website\"},\"primaryImageOfPage\":{\"@id\":\"https:\/\/www.oidossucios.com\/site\/gustavo-cerati-cumple-tres-anos-en-coma\/#primaryimage\"},\"datePublished\":\"2013-05-14T18:48:00+00:00\",\"dateModified\":\"2013-05-14T18:48:00+00:00\",\"author\":{\"@id\":\"https:\/\/www.oidossucios.com\/site\/#\/schema\/person\/24559eeb76bf83a63296fb072393a688\"},\"description\":\"El m\\u00fasico argentino tiene asistencia respiratoria mec\\u00e1nica y recibe terapias de movilizaci\\u00f3n y estimulaci\\u00f3n, tras el incidente de 2010.\",\"inLanguage\":\"es\",\"potentialAction\":[{\"@type\":\"ReadAction\",\"target\":[\"https:\/\/www.oidossucios.com\/site\/gustavo-cerati-cumple-tres-anos-en-coma\/\"]}]},{\"@type\":[\"Person\"],\"@id\":\"https:\/\/www.oidossucios.com\/site\/#\/schema\/person\/24559eeb76bf83a63296fb072393a688\",\"name\":\"Oidossucios\",\"image\":{\"@type\":\"ImageObject\",\"@id\":\"https:\/\/www.oidossucios.com\/site\/#personlogo\",\"inLanguage\":\"es\",\"url\":\"https:\/\/secure.gravatar.com\/avatar\/74fcb480f42f1a33e50a0b6e6369a3f907be2e43dc84fa5f76c66e9c22b4a5ab?s=96&d=mm&r=g\",\"caption\":\"Oidossucios\"},\"sameAs\":[\"https:\/\/twitter.com\/oidossucios\"]}]}<\/script>\n<!-- \/ Yoast SEO plugin. -->","jetpack_sharing_enabled":true,"_links":{"self":[{"href":"https:\/\/www.oidossucios.com\/site\/wp-json\/wp\/v2\/posts\/7253","targetHints":{"allow":["GET"]}}],"collection":[{"href":"https:\/\/www.oidossucios.com\/site\/wp-json\/wp\/v2\/posts"}],"about":[{"href":"https:\/\/www.oidossucios.com\/site\/wp-json\/wp\/v2\/types\/post"}],"author":[{"embeddable":true,"href":"https:\/\/www.oidossucios.com\/site\/wp-json\/wp\/v2\/users\/4"}],"replies":[{"embeddable":true,"href":"https:\/\/www.oidossucios.com\/site\/wp-json\/wp\/v2\/comments?post=7253"}],"version-history":[{"count":0,"href":"https:\/\/www.oidossucios.com\/site\/wp-json\/wp\/v2\/posts\/7253\/revisions"}],"wp:featuredmedia":[{"embeddable":true,"href":"https:\/\/www.oidossucios.com\/site\/wp-json\/wp\/v2\/media\/100007253"}],"wp:attachment":[{"href":"https:\/\/www.oidossucios.com\/site\/wp-json\/wp\/v2\/media?parent=7253"}],"wp:term":[{"taxonomy":"category","embeddable":true,"href":"https:\/\/www.oidossucios.com\/site\/wp-json\/wp\/v2\/categories?post=7253"},{"taxonomy":"post_tag","embeddable":true,"href":"https:\/\/www.oidossucios.com\/site\/wp-json\/wp\/v2\/tags?post=7253"}],"curies":[{"name":"wp","href":"https:\/\/api.w.org\/{rel}","templated":true}]}}