{"id":7256,"date":"2013-05-15T17:47:00","date_gmt":"2013-05-15T17:47:00","guid":{"rendered":"https:\/\/www.oidossucios.com\/site\/2013\/05\/15\/los-mentas-celebran-sus-15-anos-con-gira-y-nuevo-disco-en-vivo-arriba-carajo\/"},"modified":"2013-05-15T17:47:00","modified_gmt":"2013-05-15T17:47:00","slug":"los-mentas-celebran-sus-15-anos-con-gira-y-nuevo-disco-en-vivo-arriba-carajo","status":"publish","type":"post","link":"https:\/\/www.oidossucios.com\/site\/los-mentas-celebran-sus-15-anos-con-gira-y-nuevo-disco-en-vivo-arriba-carajo\/","title":{"rendered":"Los Mentas celebran sus 15 a\u00f1os con gira y nuevo disco en vivo: &#8220;Arriba Carajo&#8221;"},"content":{"rendered":"<p>La banda de rock Los Mentas, finalmente, presenta su primer disco de grandes \u00e9xitos en vivo titulado <i>Arriba Carajo<\/i>, cargado de 21 temas grabados en las ciudades de Caracas, Puerto La Cruz, Valencia y Barquisimeto.<\/p>\n<p>El disco presenta como primer sencillo promocional el tema &#8220;Cacer\u00eda&#8221;, de su \u00faltimo disco de estudio titulado <i>Unidad Educativa Los Mentas<\/i>. Este primer disco en vivo de Los Mentas cont\u00f3 con Ricardo Mart\u00ednez como ingeniero de grabaci\u00f3n y masterizaci\u00f3n, con Carlos M\u00e1s como asistente de grabaci\u00f3n y, con el siempre amigo de la banda, Rafael Cadavieco, quien se encarg\u00f3 de las mezclas.<i><\/p>\n<p><iframe loading=\"lazy\" width=\"100%\" scrolling=\"no\" height=\"166\" frameborder=\"no\" src=\"https:\/\/w.soundcloud.com\/player\/?url=http%3A%2F%2Fapi.soundcloud.com%2Ftracks%2F92327555\"><\/iframe><\/p>\n<p>Arriba Carajo<\/i> estar\u00e1 disponible en descarga gratuita a trav\u00e9s de <a href=\"http:\/\/bit.ly\/equilibrionet\">http:\/\/bit.ly\/equilibrionet <\/a>a partir del 17 de mayoy este es su tracklist:<\/p>\n<p>UELM<br \/>Pistoleros Del Infierno<br \/>La Cooperativa<br \/>On My Way<br \/>Bistec<br \/>Motosierra<br \/>El Ron<br \/>Cacer\u00eda<br \/>Cachifa De Hait\u00ed<br \/>Tomar<br \/>Carne Con Papas<br \/>Burundanga<br \/>El Clavo<br \/>La Foto<br \/>Mundo Porno<br \/>Jhonny Ramone<br \/>M\u00fasica Electr\u00f3nica<br \/>La Vinotinto<br \/>El Kiosko<br \/>Shawarma Mixto<br \/>Sopa, Seco y Jugo<\/p>\n<p>Y para continuar con las buenas noticias, la banda anuncia el inicio de la gira de la celebraci\u00f3n de los 15 a\u00f1os, las fechas son:<\/p>\n<p>17 de mayo \u0096 El Tigre &#8211; Hardcore Bar.<br \/>18 de mayo \u0096 Puerto La Cruz &#8211; Tibur\u00f3n Bar.<br \/>31 de mayo \u0096 Barquisimeto \u0096 Lara BikeWeekend.<br \/>01 de junio \u0096 Coro &#8211; Boulevard Caf\u00e9.<br \/>29 de junio \u0096 Caracas &#8211; El Teatro Bar.<br \/>05 de julio \u0096 Valencia &#8211; Festival Off Road.<br \/>13 de julio \u0096 M\u00e9rida.<br \/>27 de julio \u0096 Margarita &#8211; La Catedral del Rock.<\/p>\n<p>Recuerden, el primer vals de los 15 a\u00f1os sonar\u00e1 en Hardcore Bar (El Tigre) este 17 de mayo y el disco estar\u00e1 en descarga gratuita desde ese mismo d\u00eda.<\/p>\n<p>Para m\u00e1s informaci\u00f3n ingresa en:<a href=\"http:\/\/losmentas.net\/\"><\/p>\n<p>http:\/\/losmentas.net<br \/>http:\/\/twitter.com\/losmentas<br \/>http:\/\/facebook.com\/LosMentasVzla<\/a> <\/p>\n<p><a name=\"_GoBack\"><\/a><\/p>\n<p><![endif]--><!--[if gte mso 10]> <\/style>\n\n <![endif]--><\/p>\n","protected":false},"excerpt":{"rendered":"<p>Los Mentas finalmente presentan su primer disco de grandes \u00e9xitos en vivo titulado &quot;Arriba Carajo&quot;, cargado de 21 temas grabados en las ciudades de Caracas, Puerto La Cruz, Valencia y Barquisimeto.<\/p>\n","protected":false},"author":4,"featured_media":100007256,"comment_status":"open","ping_status":"open","sticky":false,"template":"","format":"standard","meta":{"_jetpack_memberships_contains_paid_content":false,"footnotes":""},"categories":[250],"tags":[],"class_list":["post-7256","post","type-post","status-publish","format-standard","has-post-thumbnail","hentry","category-noticias"],"jetpack_featured_media_url":"https:\/\/www.oidossucios.com\/site\/wp-content\/uploads\/2013\/05\/7256.jpg","yoast_head":"<!-- This site is optimized with the Yoast SEO plugin v14.0.4 - https:\/\/yoast.com\/wordpress\/plugins\/seo\/ -->\n<title>Los Mentas celebran sus 15 a\u00f1os con gira y nuevo disco en vivo: &quot;Arriba Carajo&quot; - OidosSucios.Com<\/title>\n<meta name=\"description\" content=\"Los Mentas finalmente presentan su primer disco de grandes \u00e9xitos en vivo titulado &quot;Arriba Carajo&quot;, cargado de 21 temas grabados en las ciudades de Caracas, Puerto La Cruz, Valencia y Barquisimeto.\" \/>\n<meta name=\"robots\" content=\"index, follow\" \/>\n<meta name=\"googlebot\" content=\"index, follow, max-snippet:-1, max-image-preview:large, max-video-preview:-1\" \/>\n<meta name=\"bingbot\" content=\"index, follow, max-snippet:-1, max-image-preview:large, max-video-preview:-1\" \/>\n<link rel=\"canonical\" href=\"https:\/\/www.oidossucios.com\/site\/los-mentas-celebran-sus-15-anos-con-gira-y-nuevo-disco-en-vivo-arriba-carajo\/\" \/>\n<meta property=\"og:locale\" content=\"es_ES\" \/>\n<meta property=\"og:type\" content=\"article\" \/>\n<meta property=\"og:title\" content=\"Los Mentas celebran sus 15 a\u00f1os con gira y nuevo disco en vivo: &quot;Arriba Carajo&quot; - OidosSucios.Com\" \/>\n<meta property=\"og:description\" content=\"Los Mentas finalmente presentan su primer disco de grandes \u00e9xitos en vivo titulado &quot;Arriba Carajo&quot;, cargado de 21 temas grabados en las ciudades de Caracas, Puerto La Cruz, Valencia y Barquisimeto.\" \/>\n<meta property=\"og:url\" content=\"https:\/\/www.oidossucios.com\/site\/los-mentas-celebran-sus-15-anos-con-gira-y-nuevo-disco-en-vivo-arriba-carajo\/\" \/>\n<meta property=\"og:site_name\" content=\"OidosSucios.Com\" \/>\n<meta property=\"article:published_time\" content=\"2013-05-15T17:47:00+00:00\" \/>\n<meta property=\"og:image\" content=\"https:\/\/www.oidossucios.com\/site\/wp-content\/uploads\/2013\/05\/7256.jpg\" \/>\n\t<meta property=\"og:image:width\" content=\"350\" \/>\n\t<meta property=\"og:image:height\" content=\"300\" \/>\n<meta name=\"twitter:card\" content=\"summary_large_image\" \/>\n<meta name=\"twitter:creator\" content=\"@oidossucios\" \/>\n<script type=\"application\/ld+json\" class=\"yoast-schema-graph\">{\"@context\":\"https:\/\/schema.org\",\"@graph\":[{\"@type\":\"WebSite\",\"@id\":\"https:\/\/www.oidossucios.com\/site\/#website\",\"url\":\"https:\/\/www.oidossucios.com\/site\/\",\"name\":\"OidosSucios.Com\",\"description\":\"M\\u00fasica, conciertos, discos\",\"potentialAction\":[{\"@type\":\"SearchAction\",\"target\":\"https:\/\/www.oidossucios.com\/site\/?s={search_term_string}\",\"query-input\":\"required name=search_term_string\"}],\"inLanguage\":\"es\"},{\"@type\":\"ImageObject\",\"@id\":\"https:\/\/www.oidossucios.com\/site\/los-mentas-celebran-sus-15-anos-con-gira-y-nuevo-disco-en-vivo-arriba-carajo\/#primaryimage\",\"inLanguage\":\"es\",\"url\":\"https:\/\/www.oidossucios.com\/site\/wp-content\/uploads\/2013\/05\/7256.jpg\",\"width\":350,\"height\":300},{\"@type\":\"WebPage\",\"@id\":\"https:\/\/www.oidossucios.com\/site\/los-mentas-celebran-sus-15-anos-con-gira-y-nuevo-disco-en-vivo-arriba-carajo\/#webpage\",\"url\":\"https:\/\/www.oidossucios.com\/site\/los-mentas-celebran-sus-15-anos-con-gira-y-nuevo-disco-en-vivo-arriba-carajo\/\",\"name\":\"Los Mentas celebran sus 15 a\\u00f1os con gira y nuevo disco en vivo: \\\"Arriba Carajo\\\" - OidosSucios.Com\",\"isPartOf\":{\"@id\":\"https:\/\/www.oidossucios.com\/site\/#website\"},\"primaryImageOfPage\":{\"@id\":\"https:\/\/www.oidossucios.com\/site\/los-mentas-celebran-sus-15-anos-con-gira-y-nuevo-disco-en-vivo-arriba-carajo\/#primaryimage\"},\"datePublished\":\"2013-05-15T17:47:00+00:00\",\"dateModified\":\"2013-05-15T17:47:00+00:00\",\"author\":{\"@id\":\"https:\/\/www.oidossucios.com\/site\/#\/schema\/person\/24559eeb76bf83a63296fb072393a688\"},\"description\":\"Los Mentas finalmente presentan su primer disco de grandes \\u00e9xitos en vivo titulado &quot;Arriba Carajo&quot;, cargado de 21 temas grabados en las ciudades de Caracas, Puerto La Cruz, Valencia y Barquisimeto.\",\"inLanguage\":\"es\",\"potentialAction\":[{\"@type\":\"ReadAction\",\"target\":[\"https:\/\/www.oidossucios.com\/site\/los-mentas-celebran-sus-15-anos-con-gira-y-nuevo-disco-en-vivo-arriba-carajo\/\"]}]},{\"@type\":[\"Person\"],\"@id\":\"https:\/\/www.oidossucios.com\/site\/#\/schema\/person\/24559eeb76bf83a63296fb072393a688\",\"name\":\"Oidossucios\",\"image\":{\"@type\":\"ImageObject\",\"@id\":\"https:\/\/www.oidossucios.com\/site\/#personlogo\",\"inLanguage\":\"es\",\"url\":\"https:\/\/secure.gravatar.com\/avatar\/74fcb480f42f1a33e50a0b6e6369a3f907be2e43dc84fa5f76c66e9c22b4a5ab?s=96&d=mm&r=g\",\"caption\":\"Oidossucios\"},\"sameAs\":[\"https:\/\/twitter.com\/oidossucios\"]}]}<\/script>\n<!-- \/ Yoast SEO plugin. -->","jetpack_sharing_enabled":true,"_links":{"self":[{"href":"https:\/\/www.oidossucios.com\/site\/wp-json\/wp\/v2\/posts\/7256","targetHints":{"allow":["GET"]}}],"collection":[{"href":"https:\/\/www.oidossucios.com\/site\/wp-json\/wp\/v2\/posts"}],"about":[{"href":"https:\/\/www.oidossucios.com\/site\/wp-json\/wp\/v2\/types\/post"}],"author":[{"embeddable":true,"href":"https:\/\/www.oidossucios.com\/site\/wp-json\/wp\/v2\/users\/4"}],"replies":[{"embeddable":true,"href":"https:\/\/www.oidossucios.com\/site\/wp-json\/wp\/v2\/comments?post=7256"}],"version-history":[{"count":0,"href":"https:\/\/www.oidossucios.com\/site\/wp-json\/wp\/v2\/posts\/7256\/revisions"}],"wp:featuredmedia":[{"embeddable":true,"href":"https:\/\/www.oidossucios.com\/site\/wp-json\/wp\/v2\/media\/100007256"}],"wp:attachment":[{"href":"https:\/\/www.oidossucios.com\/site\/wp-json\/wp\/v2\/media?parent=7256"}],"wp:term":[{"taxonomy":"category","embeddable":true,"href":"https:\/\/www.oidossucios.com\/site\/wp-json\/wp\/v2\/categories?post=7256"},{"taxonomy":"post_tag","embeddable":true,"href":"https:\/\/www.oidossucios.com\/site\/wp-json\/wp\/v2\/tags?post=7256"}],"curies":[{"name":"wp","href":"https:\/\/api.w.org\/{rel}","templated":true}]}}