{"id":7258,"date":"2013-05-15T18:09:00","date_gmt":"2013-05-15T18:09:00","guid":{"rendered":"https:\/\/www.oidossucios.com\/site\/2013\/05\/15\/video-mira-el-concierto-de-vampire-weekend-dirigido-por-steve-buscemi\/"},"modified":"2013-05-15T18:09:00","modified_gmt":"2013-05-15T18:09:00","slug":"video-mira-el-concierto-de-vampire-weekend-dirigido-por-steve-buscemi","status":"publish","type":"post","link":"https:\/\/www.oidossucios.com\/site\/video-mira-el-concierto-de-vampire-weekend-dirigido-por-steve-buscemi\/","title":{"rendered":"Video: Mira el concierto de Vampire Weekend dirigido por Steve Buscemi"},"content":{"rendered":"<p>Vampire Weekend acaba de compartir a trav\u00e9s de su canal oficial de YouTube el concierto completo que realizaron el pasado 28 de abril en el Roseland Ballroom en Nueva York.<\/p>\n<p>El concierto forma parte de la serie &#8220;American Express UNSTAGED&#8221;, pero lo que verdaderamente llama la atenci\u00f3n de esta presentaci\u00f3n es que el video fue dirigido por el actor Steve Buscemi, con quien la banda ya hab\u00eda compartido algunos videos en situaciones graciosas, promocionando el concierto.<\/p>\n<p>Fuente: www.warp.la<![endif]--><!--[if gte mso 10]> <\/style>\n\n <![endif]--><\/p>\n","protected":false},"excerpt":{"rendered":"<p>Vampire Weekend acaba de compartir a trav\u00e9s de su canal oficial de YouTube el concierto completo que realizaron el pasado 28 de abril en el Roseland Ballroom en Nueva York. El concierto forma parte de la serie &#8220;American Express UNSTAGED&#8221;, pero lo que verdaderamente llama la atenci\u00f3n de esta presentaci\u00f3n es que el video fue [&hellip;]<\/p>\n","protected":false},"author":4,"featured_media":0,"comment_status":"open","ping_status":"open","sticky":false,"template":"","format":"standard","meta":{"_jetpack_memberships_contains_paid_content":false,"footnotes":""},"categories":[142],"tags":[],"class_list":["post-7258","post","type-post","status-publish","format-standard","hentry","category-buzznews"],"jetpack_featured_media_url":"","yoast_head":"<!-- This site is optimized with the Yoast SEO plugin v14.0.4 - https:\/\/yoast.com\/wordpress\/plugins\/seo\/ -->\n<title>Video: Mira el concierto de Vampire Weekend dirigido por Steve Buscemi - OidosSucios.Com<\/title>\n<meta name=\"robots\" content=\"index, follow\" \/>\n<meta name=\"googlebot\" content=\"index, follow, max-snippet:-1, max-image-preview:large, max-video-preview:-1\" \/>\n<meta name=\"bingbot\" content=\"index, follow, max-snippet:-1, max-image-preview:large, max-video-preview:-1\" \/>\n<link rel=\"canonical\" href=\"https:\/\/www.oidossucios.com\/site\/video-mira-el-concierto-de-vampire-weekend-dirigido-por-steve-buscemi\/\" \/>\n<meta property=\"og:locale\" content=\"es_ES\" \/>\n<meta property=\"og:type\" content=\"article\" \/>\n<meta property=\"og:title\" content=\"Video: Mira el concierto de Vampire Weekend dirigido por Steve Buscemi - OidosSucios.Com\" \/>\n<meta property=\"og:description\" content=\"Vampire Weekend acaba de compartir a trav\u00e9s de su canal oficial de YouTube el concierto completo que realizaron el pasado 28 de abril en el Roseland Ballroom en Nueva York. El concierto forma parte de la serie &#8220;American Express UNSTAGED&#8221;, pero lo que verdaderamente llama la atenci\u00f3n de esta presentaci\u00f3n es que el video fue [&hellip;]\" \/>\n<meta property=\"og:url\" content=\"https:\/\/www.oidossucios.com\/site\/video-mira-el-concierto-de-vampire-weekend-dirigido-por-steve-buscemi\/\" \/>\n<meta property=\"og:site_name\" content=\"OidosSucios.Com\" \/>\n<meta property=\"article:published_time\" content=\"2013-05-15T18:09:00+00:00\" \/>\n<meta name=\"twitter:card\" content=\"summary_large_image\" \/>\n<meta name=\"twitter:creator\" content=\"@oidossucios\" \/>\n<script type=\"application\/ld+json\" class=\"yoast-schema-graph\">{\"@context\":\"https:\/\/schema.org\",\"@graph\":[{\"@type\":\"WebSite\",\"@id\":\"https:\/\/www.oidossucios.com\/site\/#website\",\"url\":\"https:\/\/www.oidossucios.com\/site\/\",\"name\":\"OidosSucios.Com\",\"description\":\"M\\u00fasica, conciertos, discos\",\"potentialAction\":[{\"@type\":\"SearchAction\",\"target\":\"https:\/\/www.oidossucios.com\/site\/?s={search_term_string}\",\"query-input\":\"required name=search_term_string\"}],\"inLanguage\":\"es\"},{\"@type\":\"WebPage\",\"@id\":\"https:\/\/www.oidossucios.com\/site\/video-mira-el-concierto-de-vampire-weekend-dirigido-por-steve-buscemi\/#webpage\",\"url\":\"https:\/\/www.oidossucios.com\/site\/video-mira-el-concierto-de-vampire-weekend-dirigido-por-steve-buscemi\/\",\"name\":\"Video: Mira el concierto de Vampire Weekend dirigido por Steve Buscemi - OidosSucios.Com\",\"isPartOf\":{\"@id\":\"https:\/\/www.oidossucios.com\/site\/#website\"},\"datePublished\":\"2013-05-15T18:09:00+00:00\",\"dateModified\":\"2013-05-15T18:09:00+00:00\",\"author\":{\"@id\":\"https:\/\/www.oidossucios.com\/site\/#\/schema\/person\/24559eeb76bf83a63296fb072393a688\"},\"inLanguage\":\"es\",\"potentialAction\":[{\"@type\":\"ReadAction\",\"target\":[\"https:\/\/www.oidossucios.com\/site\/video-mira-el-concierto-de-vampire-weekend-dirigido-por-steve-buscemi\/\"]}]},{\"@type\":[\"Person\"],\"@id\":\"https:\/\/www.oidossucios.com\/site\/#\/schema\/person\/24559eeb76bf83a63296fb072393a688\",\"name\":\"Oidossucios\",\"image\":{\"@type\":\"ImageObject\",\"@id\":\"https:\/\/www.oidossucios.com\/site\/#personlogo\",\"inLanguage\":\"es\",\"url\":\"https:\/\/secure.gravatar.com\/avatar\/74fcb480f42f1a33e50a0b6e6369a3f907be2e43dc84fa5f76c66e9c22b4a5ab?s=96&d=mm&r=g\",\"caption\":\"Oidossucios\"},\"sameAs\":[\"https:\/\/twitter.com\/oidossucios\"]}]}<\/script>\n<!-- \/ Yoast SEO plugin. -->","jetpack_sharing_enabled":true,"_links":{"self":[{"href":"https:\/\/www.oidossucios.com\/site\/wp-json\/wp\/v2\/posts\/7258","targetHints":{"allow":["GET"]}}],"collection":[{"href":"https:\/\/www.oidossucios.com\/site\/wp-json\/wp\/v2\/posts"}],"about":[{"href":"https:\/\/www.oidossucios.com\/site\/wp-json\/wp\/v2\/types\/post"}],"author":[{"embeddable":true,"href":"https:\/\/www.oidossucios.com\/site\/wp-json\/wp\/v2\/users\/4"}],"replies":[{"embeddable":true,"href":"https:\/\/www.oidossucios.com\/site\/wp-json\/wp\/v2\/comments?post=7258"}],"version-history":[{"count":0,"href":"https:\/\/www.oidossucios.com\/site\/wp-json\/wp\/v2\/posts\/7258\/revisions"}],"wp:attachment":[{"href":"https:\/\/www.oidossucios.com\/site\/wp-json\/wp\/v2\/media?parent=7258"}],"wp:term":[{"taxonomy":"category","embeddable":true,"href":"https:\/\/www.oidossucios.com\/site\/wp-json\/wp\/v2\/categories?post=7258"},{"taxonomy":"post_tag","embeddable":true,"href":"https:\/\/www.oidossucios.com\/site\/wp-json\/wp\/v2\/tags?post=7258"}],"curies":[{"name":"wp","href":"https:\/\/api.w.org\/{rel}","templated":true}]}}