{"id":7261,"date":"2013-05-15T19:05:00","date_gmt":"2013-05-15T19:05:00","guid":{"rendered":"https:\/\/www.oidossucios.com\/site\/2013\/05\/15\/aerosmith-el-28-de-septiembre-en-caracas\/"},"modified":"2013-05-15T19:05:00","modified_gmt":"2013-05-15T19:05:00","slug":"aerosmith-el-28-de-septiembre-en-caracas","status":"publish","type":"post","link":"https:\/\/www.oidossucios.com\/site\/aerosmith-el-28-de-septiembre-en-caracas\/","title":{"rendered":"Aerosmith el 28 de septiembre en Caracas"},"content":{"rendered":"<p>Confirmado. Aerosmith volver\u00e1 a Venezuela para presentarse el 28 de septiembre en el Estacionamiento del Poliedro de Caracas, como parte de la gira promocional de su nuevo disco <i>Music from Another Dimension! <\/i>Ya la banda toc\u00f3 en el mismo lugar el 17 de mayo del 2010.<\/p>\n<p>La empresa productora encargada del show es Main Event y la primera preventa ser\u00e1 con un cupo limitado de entradas que estar\u00e1 disponible a partir del 1 de junio por <a href=\"http:\/\/www.tuticket.com\/\">www.tuticket.com<\/a> desde 1.200 Bs en adelante. Recordemos que la \u00faltima vez que Aerosmith nos visit\u00f3, se us\u00f3 el mismo sistema de preventa especial, cuya primera etapa se agot\u00f3 el primer d\u00eda de venta.<\/p>\n<p>El d\u00eda de ma\u00f1ana, Aerosmith colocar\u00e1 en su website oficial la fecha del concierto en Venezuela, junto al resto de los puntos que visitar\u00e1n durante el tour.<\/p>\n<p>Este ser\u00e1 el \u00fanico show grande de rock en Venezuela para este a\u00f1o. De resto, no vendr\u00e1n ninguno de los artistas que girar\u00e1n por Sudam\u00e9rica en este 2013. De hecho, las productoras ya est\u00e1n trabajando en el calendario del 2014.<\/p>\n<p>Este ha sido un a\u00f1o duro para las promotoras nacionales debido a la situaci\u00f3n econ\u00f3mica del pa\u00eds: se han cancelado los conciertos de Miguel Bos\u00e9, Alejandro Sanz, Ricardo Arjona, Chayanne, Luis Fonsi y Deadmau5. Adem\u00e1s, se han postergado los shows de Natalia Lafourcade y Jorge Drexler.<br \/><![endif]--><!--[if gte mso 10]> <\/style>\n\n <![endif]--><\/p>\n","protected":false},"excerpt":{"rendered":"<p>La banda estadounidense nos visitar\u00e1 en septiembre por segunda vez para presentarse en el Estacionamiento del Poliedro de Caracas. Las entradas estar\u00e1n disponibles a partir del 1 de junio desde 1.200 Bs en adelante.<\/p>\n","protected":false},"author":4,"featured_media":100007261,"comment_status":"open","ping_status":"open","sticky":false,"template":"","format":"standard","meta":{"_jetpack_memberships_contains_paid_content":false,"footnotes":""},"categories":[250],"tags":[],"class_list":["post-7261","post","type-post","status-publish","format-standard","has-post-thumbnail","hentry","category-noticias"],"jetpack_featured_media_url":"https:\/\/www.oidossucios.com\/site\/wp-content\/uploads\/2013\/05\/7261.jpg","yoast_head":"<!-- This site is optimized with the Yoast SEO plugin v14.0.4 - https:\/\/yoast.com\/wordpress\/plugins\/seo\/ -->\n<title>Aerosmith el 28 de septiembre en Caracas - OidosSucios.Com<\/title>\n<meta name=\"description\" content=\"La banda estadounidense nos visitar\u00e1 en septiembre por segunda vez para presentarse en el Estacionamiento del Poliedro de Caracas. Las entradas estar\u00e1n disponibles a partir del 1 de junio desde 1.200 Bs en adelante.\" \/>\n<meta name=\"robots\" content=\"index, follow\" \/>\n<meta name=\"googlebot\" content=\"index, follow, max-snippet:-1, max-image-preview:large, max-video-preview:-1\" \/>\n<meta name=\"bingbot\" content=\"index, follow, max-snippet:-1, max-image-preview:large, max-video-preview:-1\" \/>\n<link rel=\"canonical\" href=\"https:\/\/www.oidossucios.com\/site\/aerosmith-el-28-de-septiembre-en-caracas\/\" \/>\n<meta property=\"og:locale\" content=\"es_ES\" \/>\n<meta property=\"og:type\" content=\"article\" \/>\n<meta property=\"og:title\" content=\"Aerosmith el 28 de septiembre en Caracas - OidosSucios.Com\" \/>\n<meta property=\"og:description\" content=\"La banda estadounidense nos visitar\u00e1 en septiembre por segunda vez para presentarse en el Estacionamiento del Poliedro de Caracas. Las entradas estar\u00e1n disponibles a partir del 1 de junio desde 1.200 Bs en adelante.\" \/>\n<meta property=\"og:url\" content=\"https:\/\/www.oidossucios.com\/site\/aerosmith-el-28-de-septiembre-en-caracas\/\" \/>\n<meta property=\"og:site_name\" content=\"OidosSucios.Com\" \/>\n<meta property=\"article:published_time\" content=\"2013-05-15T19:05:00+00:00\" \/>\n<meta property=\"og:image\" content=\"https:\/\/www.oidossucios.com\/site\/wp-content\/uploads\/2013\/05\/7261.jpg\" \/>\n\t<meta property=\"og:image:width\" content=\"350\" \/>\n\t<meta property=\"og:image:height\" content=\"300\" \/>\n<meta name=\"twitter:card\" content=\"summary_large_image\" \/>\n<meta name=\"twitter:creator\" content=\"@oidossucios\" \/>\n<script type=\"application\/ld+json\" class=\"yoast-schema-graph\">{\"@context\":\"https:\/\/schema.org\",\"@graph\":[{\"@type\":\"WebSite\",\"@id\":\"https:\/\/www.oidossucios.com\/site\/#website\",\"url\":\"https:\/\/www.oidossucios.com\/site\/\",\"name\":\"OidosSucios.Com\",\"description\":\"M\\u00fasica, conciertos, discos\",\"potentialAction\":[{\"@type\":\"SearchAction\",\"target\":\"https:\/\/www.oidossucios.com\/site\/?s={search_term_string}\",\"query-input\":\"required name=search_term_string\"}],\"inLanguage\":\"es\"},{\"@type\":\"ImageObject\",\"@id\":\"https:\/\/www.oidossucios.com\/site\/aerosmith-el-28-de-septiembre-en-caracas\/#primaryimage\",\"inLanguage\":\"es\",\"url\":\"https:\/\/www.oidossucios.com\/site\/wp-content\/uploads\/2013\/05\/7261.jpg\",\"width\":350,\"height\":300},{\"@type\":\"WebPage\",\"@id\":\"https:\/\/www.oidossucios.com\/site\/aerosmith-el-28-de-septiembre-en-caracas\/#webpage\",\"url\":\"https:\/\/www.oidossucios.com\/site\/aerosmith-el-28-de-septiembre-en-caracas\/\",\"name\":\"Aerosmith el 28 de septiembre en Caracas - OidosSucios.Com\",\"isPartOf\":{\"@id\":\"https:\/\/www.oidossucios.com\/site\/#website\"},\"primaryImageOfPage\":{\"@id\":\"https:\/\/www.oidossucios.com\/site\/aerosmith-el-28-de-septiembre-en-caracas\/#primaryimage\"},\"datePublished\":\"2013-05-15T19:05:00+00:00\",\"dateModified\":\"2013-05-15T19:05:00+00:00\",\"author\":{\"@id\":\"https:\/\/www.oidossucios.com\/site\/#\/schema\/person\/24559eeb76bf83a63296fb072393a688\"},\"description\":\"La banda estadounidense nos visitar\\u00e1 en septiembre por segunda vez para presentarse en el Estacionamiento del Poliedro de Caracas. Las entradas estar\\u00e1n disponibles a partir del 1 de junio desde 1.200 Bs en adelante.\",\"inLanguage\":\"es\",\"potentialAction\":[{\"@type\":\"ReadAction\",\"target\":[\"https:\/\/www.oidossucios.com\/site\/aerosmith-el-28-de-septiembre-en-caracas\/\"]}]},{\"@type\":[\"Person\"],\"@id\":\"https:\/\/www.oidossucios.com\/site\/#\/schema\/person\/24559eeb76bf83a63296fb072393a688\",\"name\":\"Oidossucios\",\"image\":{\"@type\":\"ImageObject\",\"@id\":\"https:\/\/www.oidossucios.com\/site\/#personlogo\",\"inLanguage\":\"es\",\"url\":\"https:\/\/secure.gravatar.com\/avatar\/74fcb480f42f1a33e50a0b6e6369a3f907be2e43dc84fa5f76c66e9c22b4a5ab?s=96&d=mm&r=g\",\"caption\":\"Oidossucios\"},\"sameAs\":[\"https:\/\/twitter.com\/oidossucios\"]}]}<\/script>\n<!-- \/ Yoast SEO plugin. -->","jetpack_sharing_enabled":true,"_links":{"self":[{"href":"https:\/\/www.oidossucios.com\/site\/wp-json\/wp\/v2\/posts\/7261","targetHints":{"allow":["GET"]}}],"collection":[{"href":"https:\/\/www.oidossucios.com\/site\/wp-json\/wp\/v2\/posts"}],"about":[{"href":"https:\/\/www.oidossucios.com\/site\/wp-json\/wp\/v2\/types\/post"}],"author":[{"embeddable":true,"href":"https:\/\/www.oidossucios.com\/site\/wp-json\/wp\/v2\/users\/4"}],"replies":[{"embeddable":true,"href":"https:\/\/www.oidossucios.com\/site\/wp-json\/wp\/v2\/comments?post=7261"}],"version-history":[{"count":0,"href":"https:\/\/www.oidossucios.com\/site\/wp-json\/wp\/v2\/posts\/7261\/revisions"}],"wp:featuredmedia":[{"embeddable":true,"href":"https:\/\/www.oidossucios.com\/site\/wp-json\/wp\/v2\/media\/100007261"}],"wp:attachment":[{"href":"https:\/\/www.oidossucios.com\/site\/wp-json\/wp\/v2\/media?parent=7261"}],"wp:term":[{"taxonomy":"category","embeddable":true,"href":"https:\/\/www.oidossucios.com\/site\/wp-json\/wp\/v2\/categories?post=7261"},{"taxonomy":"post_tag","embeddable":true,"href":"https:\/\/www.oidossucios.com\/site\/wp-json\/wp\/v2\/tags?post=7261"}],"curies":[{"name":"wp","href":"https:\/\/api.w.org\/{rel}","templated":true}]}}