{"id":7262,"date":"2013-05-16T18:08:00","date_gmt":"2013-05-16T18:08:00","guid":{"rendered":"https:\/\/www.oidossucios.com\/site\/2013\/05\/16\/maracaibo-gozara-de-un-fin-de-semana-de-arte-y-musica-con-la-expo-tattoo-y-el-maracaibo-alterno-fest-2013\/"},"modified":"2013-05-16T18:08:00","modified_gmt":"2013-05-16T18:08:00","slug":"maracaibo-gozara-de-un-fin-de-semana-de-arte-y-musica-con-la-expo-tattoo-y-el-maracaibo-alterno-fest-2013","status":"publish","type":"post","link":"https:\/\/www.oidossucios.com\/site\/maracaibo-gozara-de-un-fin-de-semana-de-arte-y-musica-con-la-expo-tattoo-y-el-maracaibo-alterno-fest-2013\/","title":{"rendered":"Maracaibo gozar\u00e1 de un fin de semana de arte y m\u00fasica con la Expo Tattoo y el Maracaibo Alterno Fest 2013"},"content":{"rendered":"<p>Una vez m\u00e1s Maracaibo ser\u00e1 protagonista de un evento sin precedentes con la 4ta edici\u00f3n del Maracaibo Alterno Fest que se celebrar\u00e1 en conjunto con la 3ra edici\u00f3n de la Expo Tattoo Maracaibo los d\u00edas 12, 13 y 14 de julio.<b><\/p>\n<p>Un cartel diverso e incre\u00edble se hace notar en esta edici\u00f3n 2013 del McboAltFest:<\/b><\/p>\n<p>La cuarta edici\u00f3n del tendr\u00e1 lugar en el &#8220;Sal\u00f3n Fiesole&#8221; ubicado en el Centro Comercial Norte (Antiguo \u00c9xito Norte) de la ciudad de Maracaibo el viernes 12 de julio a partir de las 06:00pm.<\/p>\n<p>El cartel de bandas de esta edici\u00f3n lo conforman las siguientes agrupaciones musicales: Telecolor (Punto Fijo), BioShaft (Caracas), Los Alteregos (Maracaibo), Para Llevar (Maracaibo), Frente de Ira (Maracaibo), Dischord (Caracas) y como banda estelar CANDY66 (Caracas).<\/p>\n<p>Como ya es costumbre en los Maracaibo Alterno Fest, musicalizando entre bandas estar\u00e1 al DJ Pedro Navaja, residente de Bah\u00eda Rastabar Caf\u00e9, y animando el festival en esta ocasi\u00f3n estar\u00e1 Jes\u00fas Mill\u00e1n de La Hora de La Arepa programa de La Mega 99.7 FM.<b><\/p>\n<p>La Expo Tattoo Maracaibo 2013 nos mostrar\u00e1 el lado m\u00e1s extremo del arte corporal&#8230;<\/b><\/p>\n<p>La Expo Tattoo Maracaibo 2013 celebrar\u00e1 su 3ra edici\u00f3n los d\u00edas 13 y 14 de julio en el &#8220;Sal\u00f3n Fiesole&#8221; misma localidad del Maracaibo Alt Fest donde se dispondr\u00e1n m\u00e1s de 25 stands con los m\u00e1s destacados artistas corporales del pa\u00eds, entre ellos como artistas invitados especiales: Yomico Moreno (Caracas) y Joaqu\u00edn De Lima (T\u00e1chira).<\/p>\n<p>Adem\u00e1s de estos artistas, la Expo Tattoo Maracaibo 2013 contar\u00e1 con un show de Body Suspension por d\u00eda; premiaciones a los mejores tatuajes en diversas categor\u00edas y las presentaciones en vivo de Sunsplash (Caracas) para el s\u00e1bado 13 y de Dj LAW (aka Negra Fabulosa) para el domingo 14.<\/p>\n<p>En materia de boleter\u00eda, las entradas para el Maracaibo Alterno Fest y la Expo Tattoo Maracaibo 2013 se disponen de la siguiente manera:<br \/><b><br \/>Maracaibo Alterno Fest 2013<\/b><br \/>VIP: Bs.250<br \/>General: Bs.150<b><\/p>\n<p>Expo Tattoo Maracaibo 2013<\/b><br \/>Day Pass: Bs.100 (v\u00e1lido por un d\u00eda)<br \/>Combo 2&#215;1: Bs.160 (v\u00e1lido para 13 y 14 de julio)<b><\/p>\n<p>Combo 3&#215;1: Bs.350 (v\u00e1lido para los 3 d\u00edas con entrada VIP incluida al McboAltFest)<\/b><\/p>\n<p>Puedes adquirir las entradas en los siguientes puntos de venta autorizados:<b><\/p>\n<p>Bah\u00eda Rastabar Caf\u00e9<\/b>&nbsp;(Av. 3G entre calles 77 y 78)<b><br \/>Tienda Estrenos&nbsp;<\/b>(C.C. Sambil, Nivel Feria, al lado de McDonald\u0092s)<b><br \/>Tattoo Evoluci\u00f3n&nbsp;<\/b>(C.C. Galer\u00edas Mall 2do nivel, sector azul, diagonal a mi vieja Maracaibo, local 56-6)<b><br \/>Tiendas World Music<\/b>&nbsp;(C.C. Riviera Mall y en su Sede principal ubicada en 5 de Julio Av.20 entre 77 y 78)<\/p>\n<p>Para m\u00e1s informaci\u00f3n sigue las cuentas oficiales de los eventos:<a href=\"http:\/\/twitter.com\/#!\/@McboAltFest\"><\/p>\n<p>@McboAltFest<\/a> <a href=\"http:\/\/twitter.com\/#!\/@ExpoTattooMBO\"><br \/>@ExpoTattooMBO<\/a> <![endif]--><!--[if gte mso 10]> <\/style>\n\n <![endif]--><\/p>\n","protected":false},"excerpt":{"rendered":"<p>Una vez m\u00e1s Maracaibo ser\u00e1 protagonista de un evento sin precedentes con la 4ta edici\u00f3n del Maracaibo Alterno Fest que se celebrar\u00e1 en conjunto con la 3ra edici\u00f3n de la Expo Tattoo Maracaibo los d\u00edas 12, 13 y 14 de julio.<\/p>\n","protected":false},"author":4,"featured_media":100007262,"comment_status":"open","ping_status":"open","sticky":false,"template":"","format":"standard","meta":{"_jetpack_memberships_contains_paid_content":false,"footnotes":""},"categories":[250],"tags":[],"class_list":["post-7262","post","type-post","status-publish","format-standard","has-post-thumbnail","hentry","category-noticias"],"jetpack_featured_media_url":"https:\/\/www.oidossucios.com\/site\/wp-content\/uploads\/2013\/05\/7262.jpg","yoast_head":"<!-- This site is optimized with the Yoast SEO plugin v14.0.4 - https:\/\/yoast.com\/wordpress\/plugins\/seo\/ -->\n<title>Maracaibo gozar\u00e1 de un fin de semana de arte y m\u00fasica con la Expo Tattoo y el Maracaibo Alterno Fest 2013 - OidosSucios.Com<\/title>\n<meta name=\"description\" content=\"Una vez m\u00e1s Maracaibo ser\u00e1 protagonista de un evento sin precedentes con la 4ta edici\u00f3n del Maracaibo Alterno Fest que se celebrar\u00e1 en conjunto con la 3ra edici\u00f3n de la Expo Tattoo Maracaibo los d\u00edas 12, 13 y 14 de julio.\" \/>\n<meta name=\"robots\" content=\"index, follow\" \/>\n<meta name=\"googlebot\" content=\"index, follow, max-snippet:-1, max-image-preview:large, max-video-preview:-1\" \/>\n<meta name=\"bingbot\" content=\"index, follow, max-snippet:-1, max-image-preview:large, max-video-preview:-1\" \/>\n<link rel=\"canonical\" href=\"https:\/\/www.oidossucios.com\/site\/maracaibo-gozara-de-un-fin-de-semana-de-arte-y-musica-con-la-expo-tattoo-y-el-maracaibo-alterno-fest-2013\/\" \/>\n<meta property=\"og:locale\" content=\"es_ES\" \/>\n<meta property=\"og:type\" content=\"article\" \/>\n<meta property=\"og:title\" content=\"Maracaibo gozar\u00e1 de un fin de semana de arte y m\u00fasica con la Expo Tattoo y el Maracaibo Alterno Fest 2013 - OidosSucios.Com\" \/>\n<meta property=\"og:description\" content=\"Una vez m\u00e1s Maracaibo ser\u00e1 protagonista de un evento sin precedentes con la 4ta edici\u00f3n del Maracaibo Alterno Fest que se celebrar\u00e1 en conjunto con la 3ra edici\u00f3n de la Expo Tattoo Maracaibo los d\u00edas 12, 13 y 14 de julio.\" \/>\n<meta property=\"og:url\" content=\"https:\/\/www.oidossucios.com\/site\/maracaibo-gozara-de-un-fin-de-semana-de-arte-y-musica-con-la-expo-tattoo-y-el-maracaibo-alterno-fest-2013\/\" \/>\n<meta property=\"og:site_name\" content=\"OidosSucios.Com\" \/>\n<meta property=\"article:published_time\" content=\"2013-05-16T18:08:00+00:00\" \/>\n<meta property=\"og:image\" content=\"https:\/\/www.oidossucios.com\/site\/wp-content\/uploads\/2013\/05\/7262.jpg\" \/>\n\t<meta property=\"og:image:width\" content=\"350\" \/>\n\t<meta property=\"og:image:height\" content=\"300\" \/>\n<meta name=\"twitter:card\" content=\"summary_large_image\" \/>\n<meta name=\"twitter:creator\" content=\"@oidossucios\" \/>\n<script type=\"application\/ld+json\" class=\"yoast-schema-graph\">{\"@context\":\"https:\/\/schema.org\",\"@graph\":[{\"@type\":\"WebSite\",\"@id\":\"https:\/\/www.oidossucios.com\/site\/#website\",\"url\":\"https:\/\/www.oidossucios.com\/site\/\",\"name\":\"OidosSucios.Com\",\"description\":\"M\\u00fasica, conciertos, discos\",\"potentialAction\":[{\"@type\":\"SearchAction\",\"target\":\"https:\/\/www.oidossucios.com\/site\/?s={search_term_string}\",\"query-input\":\"required name=search_term_string\"}],\"inLanguage\":\"es\"},{\"@type\":\"ImageObject\",\"@id\":\"https:\/\/www.oidossucios.com\/site\/maracaibo-gozara-de-un-fin-de-semana-de-arte-y-musica-con-la-expo-tattoo-y-el-maracaibo-alterno-fest-2013\/#primaryimage\",\"inLanguage\":\"es\",\"url\":\"https:\/\/www.oidossucios.com\/site\/wp-content\/uploads\/2013\/05\/7262.jpg\",\"width\":350,\"height\":300},{\"@type\":\"WebPage\",\"@id\":\"https:\/\/www.oidossucios.com\/site\/maracaibo-gozara-de-un-fin-de-semana-de-arte-y-musica-con-la-expo-tattoo-y-el-maracaibo-alterno-fest-2013\/#webpage\",\"url\":\"https:\/\/www.oidossucios.com\/site\/maracaibo-gozara-de-un-fin-de-semana-de-arte-y-musica-con-la-expo-tattoo-y-el-maracaibo-alterno-fest-2013\/\",\"name\":\"Maracaibo gozar\\u00e1 de un fin de semana de arte y m\\u00fasica con la Expo Tattoo y el Maracaibo Alterno Fest 2013 - OidosSucios.Com\",\"isPartOf\":{\"@id\":\"https:\/\/www.oidossucios.com\/site\/#website\"},\"primaryImageOfPage\":{\"@id\":\"https:\/\/www.oidossucios.com\/site\/maracaibo-gozara-de-un-fin-de-semana-de-arte-y-musica-con-la-expo-tattoo-y-el-maracaibo-alterno-fest-2013\/#primaryimage\"},\"datePublished\":\"2013-05-16T18:08:00+00:00\",\"dateModified\":\"2013-05-16T18:08:00+00:00\",\"author\":{\"@id\":\"https:\/\/www.oidossucios.com\/site\/#\/schema\/person\/24559eeb76bf83a63296fb072393a688\"},\"description\":\"Una vez m\\u00e1s Maracaibo ser\\u00e1 protagonista de un evento sin precedentes con la 4ta edici\\u00f3n del Maracaibo Alterno Fest que se celebrar\\u00e1 en conjunto con la 3ra edici\\u00f3n de la Expo Tattoo Maracaibo los d\\u00edas 12, 13 y 14 de julio.\",\"inLanguage\":\"es\",\"potentialAction\":[{\"@type\":\"ReadAction\",\"target\":[\"https:\/\/www.oidossucios.com\/site\/maracaibo-gozara-de-un-fin-de-semana-de-arte-y-musica-con-la-expo-tattoo-y-el-maracaibo-alterno-fest-2013\/\"]}]},{\"@type\":[\"Person\"],\"@id\":\"https:\/\/www.oidossucios.com\/site\/#\/schema\/person\/24559eeb76bf83a63296fb072393a688\",\"name\":\"Oidossucios\",\"image\":{\"@type\":\"ImageObject\",\"@id\":\"https:\/\/www.oidossucios.com\/site\/#personlogo\",\"inLanguage\":\"es\",\"url\":\"https:\/\/secure.gravatar.com\/avatar\/74fcb480f42f1a33e50a0b6e6369a3f907be2e43dc84fa5f76c66e9c22b4a5ab?s=96&d=mm&r=g\",\"caption\":\"Oidossucios\"},\"sameAs\":[\"https:\/\/twitter.com\/oidossucios\"]}]}<\/script>\n<!-- \/ Yoast SEO plugin. -->","jetpack_sharing_enabled":true,"_links":{"self":[{"href":"https:\/\/www.oidossucios.com\/site\/wp-json\/wp\/v2\/posts\/7262","targetHints":{"allow":["GET"]}}],"collection":[{"href":"https:\/\/www.oidossucios.com\/site\/wp-json\/wp\/v2\/posts"}],"about":[{"href":"https:\/\/www.oidossucios.com\/site\/wp-json\/wp\/v2\/types\/post"}],"author":[{"embeddable":true,"href":"https:\/\/www.oidossucios.com\/site\/wp-json\/wp\/v2\/users\/4"}],"replies":[{"embeddable":true,"href":"https:\/\/www.oidossucios.com\/site\/wp-json\/wp\/v2\/comments?post=7262"}],"version-history":[{"count":0,"href":"https:\/\/www.oidossucios.com\/site\/wp-json\/wp\/v2\/posts\/7262\/revisions"}],"wp:featuredmedia":[{"embeddable":true,"href":"https:\/\/www.oidossucios.com\/site\/wp-json\/wp\/v2\/media\/100007262"}],"wp:attachment":[{"href":"https:\/\/www.oidossucios.com\/site\/wp-json\/wp\/v2\/media?parent=7262"}],"wp:term":[{"taxonomy":"category","embeddable":true,"href":"https:\/\/www.oidossucios.com\/site\/wp-json\/wp\/v2\/categories?post=7262"},{"taxonomy":"post_tag","embeddable":true,"href":"https:\/\/www.oidossucios.com\/site\/wp-json\/wp\/v2\/tags?post=7262"}],"curies":[{"name":"wp","href":"https:\/\/api.w.org\/{rel}","templated":true}]}}