{"id":7267,"date":"2013-05-16T19:35:00","date_gmt":"2013-05-16T19:35:00","guid":{"rendered":"https:\/\/www.oidossucios.com\/site\/2013\/05\/16\/el-intercolegial-nuevas-bandas-2013-llega-al-teatro-del-centro-cultural-chacao-2\/"},"modified":"2013-05-16T19:35:00","modified_gmt":"2013-05-16T19:35:00","slug":"el-intercolegial-nuevas-bandas-2013-llega-al-teatro-del-centro-cultural-chacao-2","status":"publish","type":"post","link":"https:\/\/www.oidossucios.com\/site\/el-intercolegial-nuevas-bandas-2013-llega-al-teatro-del-centro-cultural-chacao-2\/","title":{"rendered":"El Intercolegial Nuevas Bandas 2013 llega al Teatro del Centro Cultural Chacao"},"content":{"rendered":"<p>El proceso de inscripciones al&nbsp;Intercolegial&nbsp;2013&nbsp;se encuentra oficialmente abierto en la p\u00e1gina de la fundaci\u00f3n&nbsp;<a target=\"_blank\" href=\"http:\/\/www.nuevasbandas.com.ve\/\" rel=\"noopener noreferrer\">www.nuevasbandas.com.ve<\/a>.<\/p>\n<p>La Fundaci\u00f3n Nuevas Bandas y EBG Entertainment Business Group anuncian la realizaci\u00f3n del&nbsp;Intercolegial&nbsp;NB&nbsp;2013&nbsp;para los d\u00edas 14, 15 y 16 de junio en el Teatro del Centro Cultural Chacao.<\/p>\n<p>El&nbsp;Intercolegial&nbsp; es un evento con m\u00e1s de 16 a\u00f1os de historia, donde los grupos noveles o en plena formaci\u00f3n tienen la oportunidad de compartir con bandas de otros colegios y exhibir su talento musical, vivir la experiencia \u00fanica de dar sus primeros pasos tocando en un escenario con sonido y producci\u00f3n profesional como lo es el Teatro Chacao. El&nbsp;Intercolegial, se ha convertido en un evento de gran envergadura debido a la gran asistencia de p\u00fablico de todos los colegios y liceos, llegando a convocar un promedio de seis mil personas, cabe destacar que grupos reconocidos en la actualidad como The Asbestos, Los Mesoneros o Americania, solo por nombrar algunos, fueron participantes de dicho festival.<\/p>\n<p>El proceso de inscripci\u00f3n para el&nbsp;Intercolegial&nbsp;Nuevas Bandas&nbsp;2013, se encuentra oficialmente abierto y se har\u00e1 exclusivamente a trav\u00e9s de la p\u00e1gina web de la fundaci\u00f3n <a target=\"_blank\" href=\"http:\/\/www.nuevasbandas.com.ve\/\" rel=\"noopener noreferrer\">www.nuevasbandas.com.ve<\/a>&nbsp;, donde encontrar\u00e1n la planilla de inscripci\u00f3n descargable junto a los requisitos obligatorios para la formalizaci\u00f3n de la misma.<\/p>\n<p>Para mayor informaci\u00f3n sobre el&nbsp;Intercolegial&nbsp;y la Fundaci\u00f3n Nuevas Bandas, visitar<a target=\"_blank\" href=\"http:\/\/www.nuevasbandas.com.ve\/\" rel=\"noopener noreferrer\">www.nuevasbandas.com.ve<\/a>&nbsp;o escribir a&nbsp;<a target=\"_blank\" href=\"mailto:nuevasbandas@ebgpro.com\" rel=\"noopener noreferrer\">nuevasbandas@ebgpro.com<\/a><![endif]--><!--[if gte mso 10]> <\/style>\n\n <![endif]--><\/p>\n","protected":false},"excerpt":{"rendered":"<p>El proceso de inscripciones al Intercolegial 2013 se encuentra oficialmente abierto hasta el 24 de mayo en la p\u00e1gina de la fundaci\u00f3n www.nuevasbandas.com.ve.<\/p>\n","protected":false},"author":4,"featured_media":100007267,"comment_status":"open","ping_status":"open","sticky":false,"template":"","format":"standard","meta":{"_jetpack_memberships_contains_paid_content":false,"footnotes":""},"categories":[250],"tags":[],"class_list":["post-7267","post","type-post","status-publish","format-standard","has-post-thumbnail","hentry","category-noticias"],"jetpack_featured_media_url":"https:\/\/www.oidossucios.com\/site\/wp-content\/uploads\/2013\/05\/7267.jpg","yoast_head":"<!-- This site is optimized with the Yoast SEO plugin v14.0.4 - https:\/\/yoast.com\/wordpress\/plugins\/seo\/ -->\n<title>El Intercolegial Nuevas Bandas 2013 llega al Teatro del Centro Cultural Chacao - OidosSucios.Com<\/title>\n<meta name=\"description\" content=\"El proceso de inscripciones al Intercolegial 2013 se encuentra oficialmente abierto hasta el 24 de mayo en la p\u00e1gina de la fundaci\u00f3n www.nuevasbandas.com.ve.\" \/>\n<meta name=\"robots\" content=\"index, follow\" \/>\n<meta name=\"googlebot\" content=\"index, follow, max-snippet:-1, max-image-preview:large, max-video-preview:-1\" \/>\n<meta name=\"bingbot\" content=\"index, follow, max-snippet:-1, max-image-preview:large, max-video-preview:-1\" \/>\n<link rel=\"canonical\" href=\"https:\/\/www.oidossucios.com\/site\/el-intercolegial-nuevas-bandas-2013-llega-al-teatro-del-centro-cultural-chacao-2\/\" \/>\n<meta property=\"og:locale\" content=\"es_ES\" \/>\n<meta property=\"og:type\" content=\"article\" \/>\n<meta property=\"og:title\" content=\"El Intercolegial Nuevas Bandas 2013 llega al Teatro del Centro Cultural Chacao - OidosSucios.Com\" \/>\n<meta property=\"og:description\" content=\"El proceso de inscripciones al Intercolegial 2013 se encuentra oficialmente abierto hasta el 24 de mayo en la p\u00e1gina de la fundaci\u00f3n www.nuevasbandas.com.ve.\" \/>\n<meta property=\"og:url\" content=\"https:\/\/www.oidossucios.com\/site\/el-intercolegial-nuevas-bandas-2013-llega-al-teatro-del-centro-cultural-chacao-2\/\" \/>\n<meta property=\"og:site_name\" content=\"OidosSucios.Com\" \/>\n<meta property=\"article:published_time\" content=\"2013-05-16T19:35:00+00:00\" \/>\n<meta property=\"og:image\" content=\"https:\/\/www.oidossucios.com\/site\/wp-content\/uploads\/2013\/05\/7267.jpg\" \/>\n\t<meta property=\"og:image:width\" content=\"350\" \/>\n\t<meta property=\"og:image:height\" content=\"300\" \/>\n<meta name=\"twitter:card\" content=\"summary_large_image\" \/>\n<meta name=\"twitter:creator\" content=\"@oidossucios\" \/>\n<script type=\"application\/ld+json\" class=\"yoast-schema-graph\">{\"@context\":\"https:\/\/schema.org\",\"@graph\":[{\"@type\":\"WebSite\",\"@id\":\"https:\/\/www.oidossucios.com\/site\/#website\",\"url\":\"https:\/\/www.oidossucios.com\/site\/\",\"name\":\"OidosSucios.Com\",\"description\":\"M\\u00fasica, conciertos, discos\",\"potentialAction\":[{\"@type\":\"SearchAction\",\"target\":\"https:\/\/www.oidossucios.com\/site\/?s={search_term_string}\",\"query-input\":\"required name=search_term_string\"}],\"inLanguage\":\"es\"},{\"@type\":\"ImageObject\",\"@id\":\"https:\/\/www.oidossucios.com\/site\/el-intercolegial-nuevas-bandas-2013-llega-al-teatro-del-centro-cultural-chacao-2\/#primaryimage\",\"inLanguage\":\"es\",\"url\":\"https:\/\/www.oidossucios.com\/site\/wp-content\/uploads\/2013\/05\/7267.jpg\",\"width\":350,\"height\":300},{\"@type\":\"WebPage\",\"@id\":\"https:\/\/www.oidossucios.com\/site\/el-intercolegial-nuevas-bandas-2013-llega-al-teatro-del-centro-cultural-chacao-2\/#webpage\",\"url\":\"https:\/\/www.oidossucios.com\/site\/el-intercolegial-nuevas-bandas-2013-llega-al-teatro-del-centro-cultural-chacao-2\/\",\"name\":\"El Intercolegial Nuevas Bandas 2013 llega al Teatro del Centro Cultural Chacao - OidosSucios.Com\",\"isPartOf\":{\"@id\":\"https:\/\/www.oidossucios.com\/site\/#website\"},\"primaryImageOfPage\":{\"@id\":\"https:\/\/www.oidossucios.com\/site\/el-intercolegial-nuevas-bandas-2013-llega-al-teatro-del-centro-cultural-chacao-2\/#primaryimage\"},\"datePublished\":\"2013-05-16T19:35:00+00:00\",\"dateModified\":\"2013-05-16T19:35:00+00:00\",\"author\":{\"@id\":\"https:\/\/www.oidossucios.com\/site\/#\/schema\/person\/24559eeb76bf83a63296fb072393a688\"},\"description\":\"El proceso de inscripciones al Intercolegial 2013 se encuentra oficialmente abierto hasta el 24 de mayo en la p\\u00e1gina de la fundaci\\u00f3n www.nuevasbandas.com.ve.\",\"inLanguage\":\"es\",\"potentialAction\":[{\"@type\":\"ReadAction\",\"target\":[\"https:\/\/www.oidossucios.com\/site\/el-intercolegial-nuevas-bandas-2013-llega-al-teatro-del-centro-cultural-chacao-2\/\"]}]},{\"@type\":[\"Person\"],\"@id\":\"https:\/\/www.oidossucios.com\/site\/#\/schema\/person\/24559eeb76bf83a63296fb072393a688\",\"name\":\"Oidossucios\",\"image\":{\"@type\":\"ImageObject\",\"@id\":\"https:\/\/www.oidossucios.com\/site\/#personlogo\",\"inLanguage\":\"es\",\"url\":\"https:\/\/secure.gravatar.com\/avatar\/74fcb480f42f1a33e50a0b6e6369a3f907be2e43dc84fa5f76c66e9c22b4a5ab?s=96&d=mm&r=g\",\"caption\":\"Oidossucios\"},\"sameAs\":[\"https:\/\/twitter.com\/oidossucios\"]}]}<\/script>\n<!-- \/ Yoast SEO plugin. -->","jetpack_sharing_enabled":true,"_links":{"self":[{"href":"https:\/\/www.oidossucios.com\/site\/wp-json\/wp\/v2\/posts\/7267","targetHints":{"allow":["GET"]}}],"collection":[{"href":"https:\/\/www.oidossucios.com\/site\/wp-json\/wp\/v2\/posts"}],"about":[{"href":"https:\/\/www.oidossucios.com\/site\/wp-json\/wp\/v2\/types\/post"}],"author":[{"embeddable":true,"href":"https:\/\/www.oidossucios.com\/site\/wp-json\/wp\/v2\/users\/4"}],"replies":[{"embeddable":true,"href":"https:\/\/www.oidossucios.com\/site\/wp-json\/wp\/v2\/comments?post=7267"}],"version-history":[{"count":0,"href":"https:\/\/www.oidossucios.com\/site\/wp-json\/wp\/v2\/posts\/7267\/revisions"}],"wp:featuredmedia":[{"embeddable":true,"href":"https:\/\/www.oidossucios.com\/site\/wp-json\/wp\/v2\/media\/100007267"}],"wp:attachment":[{"href":"https:\/\/www.oidossucios.com\/site\/wp-json\/wp\/v2\/media?parent=7267"}],"wp:term":[{"taxonomy":"category","embeddable":true,"href":"https:\/\/www.oidossucios.com\/site\/wp-json\/wp\/v2\/categories?post=7267"},{"taxonomy":"post_tag","embeddable":true,"href":"https:\/\/www.oidossucios.com\/site\/wp-json\/wp\/v2\/tags?post=7267"}],"curies":[{"name":"wp","href":"https:\/\/api.w.org\/{rel}","templated":true}]}}