{"id":7271,"date":"2013-05-17T16:27:00","date_gmt":"2013-05-17T16:27:00","guid":{"rendered":"https:\/\/www.oidossucios.com\/site\/2013\/05\/17\/my-morning-jacket-empezara-a-grabar-nuevo-disco-en-octubre\/"},"modified":"2013-05-17T16:27:00","modified_gmt":"2013-05-17T16:27:00","slug":"my-morning-jacket-empezara-a-grabar-nuevo-disco-en-octubre","status":"publish","type":"post","link":"https:\/\/www.oidossucios.com\/site\/my-morning-jacket-empezara-a-grabar-nuevo-disco-en-octubre\/","title":{"rendered":"My Morning Jacket empezar\u00e1 a grabar nuevo disco en octubre"},"content":{"rendered":"<p>&#8220;Empezaremos en octubre&#8221;. As\u00ed de definitoria fue la respuesta de Jim James respecto al inicio del proceso creativo para el pr\u00f3ximo \u00e1lbum de My Morning Jacket, en entrevista con Rolling Stone.<\/p>\n<p>Aunque actualmente contin\u00faa promocionando su debut solista <i>Regions Of Light and Sound Of God<\/i>, el l\u00edder y vocalista de la banda originaria de Kentucky asegur\u00f3 que se encuentran en proceso de establecer un estudio, luego de haber grabado su disco anterior, <i>Circuital<\/i>, en el gimnasio de una iglesia: &#8220;Tenemos un par de lugares encabezando (pero) estamos en el proceso de decidir cu\u00e1l funcionar\u00eda mejor.&#8221;<\/p>\n<p>Finalmente, el m\u00fasico adelant\u00f3 que \u00e9l ya tiene ideas para algunas canciones nuevas, sin estar claro si funcionar\u00e1n para el nuevo disco: &#8220;Tengo muchos lugares por donde empezar, podr\u00eda decirse.&#8221;<\/p>\n<p>Fuente: www.warp.la<![endif]--><!--[if gte mso 10]> <\/style>\n\n <![endif]--><\/p>\n","protected":false},"excerpt":{"rendered":"<p>&#8220;Empezaremos en octubre&#8221;. As\u00ed de definitoria fue la respuesta de Jim James respecto al inicio del proceso creativo para el pr\u00f3ximo \u00e1lbum de My Morning Jacket, en entrevista con Rolling Stone. Aunque actualmente contin\u00faa promocionando su debut solista Regions Of Light and Sound Of God, el l\u00edder y vocalista de la banda originaria de Kentucky [&hellip;]<\/p>\n","protected":false},"author":4,"featured_media":100007271,"comment_status":"open","ping_status":"open","sticky":false,"template":"","format":"standard","meta":{"_jetpack_memberships_contains_paid_content":false,"footnotes":""},"categories":[142],"tags":[],"class_list":["post-7271","post","type-post","status-publish","format-standard","has-post-thumbnail","hentry","category-buzznews"],"jetpack_featured_media_url":"https:\/\/www.oidossucios.com\/site\/wp-content\/uploads\/2013\/05\/7271.jpg","yoast_head":"<!-- This site is optimized with the Yoast SEO plugin v14.0.4 - https:\/\/yoast.com\/wordpress\/plugins\/seo\/ -->\n<title>My Morning Jacket empezar\u00e1 a grabar nuevo disco en octubre - OidosSucios.Com<\/title>\n<meta name=\"robots\" content=\"index, follow\" \/>\n<meta name=\"googlebot\" content=\"index, follow, max-snippet:-1, max-image-preview:large, max-video-preview:-1\" \/>\n<meta name=\"bingbot\" content=\"index, follow, max-snippet:-1, max-image-preview:large, max-video-preview:-1\" \/>\n<link rel=\"canonical\" href=\"https:\/\/www.oidossucios.com\/site\/my-morning-jacket-empezara-a-grabar-nuevo-disco-en-octubre\/\" \/>\n<meta property=\"og:locale\" content=\"es_ES\" \/>\n<meta property=\"og:type\" content=\"article\" \/>\n<meta property=\"og:title\" content=\"My Morning Jacket empezar\u00e1 a grabar nuevo disco en octubre - OidosSucios.Com\" \/>\n<meta property=\"og:description\" content=\"&#8220;Empezaremos en octubre&#8221;. As\u00ed de definitoria fue la respuesta de Jim James respecto al inicio del proceso creativo para el pr\u00f3ximo \u00e1lbum de My Morning Jacket, en entrevista con Rolling Stone. Aunque actualmente contin\u00faa promocionando su debut solista Regions Of Light and Sound Of God, el l\u00edder y vocalista de la banda originaria de Kentucky [&hellip;]\" \/>\n<meta property=\"og:url\" content=\"https:\/\/www.oidossucios.com\/site\/my-morning-jacket-empezara-a-grabar-nuevo-disco-en-octubre\/\" \/>\n<meta property=\"og:site_name\" content=\"OidosSucios.Com\" \/>\n<meta property=\"article:published_time\" content=\"2013-05-17T16:27:00+00:00\" \/>\n<meta property=\"og:image\" content=\"https:\/\/www.oidossucios.com\/site\/wp-content\/uploads\/2013\/05\/7271.jpg\" \/>\n\t<meta property=\"og:image:width\" content=\"350\" \/>\n\t<meta property=\"og:image:height\" content=\"300\" \/>\n<meta name=\"twitter:card\" content=\"summary_large_image\" \/>\n<meta name=\"twitter:creator\" content=\"@oidossucios\" \/>\n<script type=\"application\/ld+json\" class=\"yoast-schema-graph\">{\"@context\":\"https:\/\/schema.org\",\"@graph\":[{\"@type\":\"WebSite\",\"@id\":\"https:\/\/www.oidossucios.com\/site\/#website\",\"url\":\"https:\/\/www.oidossucios.com\/site\/\",\"name\":\"OidosSucios.Com\",\"description\":\"M\\u00fasica, conciertos, discos\",\"potentialAction\":[{\"@type\":\"SearchAction\",\"target\":\"https:\/\/www.oidossucios.com\/site\/?s={search_term_string}\",\"query-input\":\"required name=search_term_string\"}],\"inLanguage\":\"es\"},{\"@type\":\"ImageObject\",\"@id\":\"https:\/\/www.oidossucios.com\/site\/my-morning-jacket-empezara-a-grabar-nuevo-disco-en-octubre\/#primaryimage\",\"inLanguage\":\"es\",\"url\":\"https:\/\/www.oidossucios.com\/site\/wp-content\/uploads\/2013\/05\/7271.jpg\",\"width\":350,\"height\":300},{\"@type\":\"WebPage\",\"@id\":\"https:\/\/www.oidossucios.com\/site\/my-morning-jacket-empezara-a-grabar-nuevo-disco-en-octubre\/#webpage\",\"url\":\"https:\/\/www.oidossucios.com\/site\/my-morning-jacket-empezara-a-grabar-nuevo-disco-en-octubre\/\",\"name\":\"My Morning Jacket empezar\\u00e1 a grabar nuevo disco en octubre - OidosSucios.Com\",\"isPartOf\":{\"@id\":\"https:\/\/www.oidossucios.com\/site\/#website\"},\"primaryImageOfPage\":{\"@id\":\"https:\/\/www.oidossucios.com\/site\/my-morning-jacket-empezara-a-grabar-nuevo-disco-en-octubre\/#primaryimage\"},\"datePublished\":\"2013-05-17T16:27:00+00:00\",\"dateModified\":\"2013-05-17T16:27:00+00:00\",\"author\":{\"@id\":\"https:\/\/www.oidossucios.com\/site\/#\/schema\/person\/24559eeb76bf83a63296fb072393a688\"},\"inLanguage\":\"es\",\"potentialAction\":[{\"@type\":\"ReadAction\",\"target\":[\"https:\/\/www.oidossucios.com\/site\/my-morning-jacket-empezara-a-grabar-nuevo-disco-en-octubre\/\"]}]},{\"@type\":[\"Person\"],\"@id\":\"https:\/\/www.oidossucios.com\/site\/#\/schema\/person\/24559eeb76bf83a63296fb072393a688\",\"name\":\"Oidossucios\",\"image\":{\"@type\":\"ImageObject\",\"@id\":\"https:\/\/www.oidossucios.com\/site\/#personlogo\",\"inLanguage\":\"es\",\"url\":\"https:\/\/secure.gravatar.com\/avatar\/74fcb480f42f1a33e50a0b6e6369a3f907be2e43dc84fa5f76c66e9c22b4a5ab?s=96&d=mm&r=g\",\"caption\":\"Oidossucios\"},\"sameAs\":[\"https:\/\/twitter.com\/oidossucios\"]}]}<\/script>\n<!-- \/ Yoast SEO plugin. -->","jetpack_sharing_enabled":true,"_links":{"self":[{"href":"https:\/\/www.oidossucios.com\/site\/wp-json\/wp\/v2\/posts\/7271","targetHints":{"allow":["GET"]}}],"collection":[{"href":"https:\/\/www.oidossucios.com\/site\/wp-json\/wp\/v2\/posts"}],"about":[{"href":"https:\/\/www.oidossucios.com\/site\/wp-json\/wp\/v2\/types\/post"}],"author":[{"embeddable":true,"href":"https:\/\/www.oidossucios.com\/site\/wp-json\/wp\/v2\/users\/4"}],"replies":[{"embeddable":true,"href":"https:\/\/www.oidossucios.com\/site\/wp-json\/wp\/v2\/comments?post=7271"}],"version-history":[{"count":0,"href":"https:\/\/www.oidossucios.com\/site\/wp-json\/wp\/v2\/posts\/7271\/revisions"}],"wp:featuredmedia":[{"embeddable":true,"href":"https:\/\/www.oidossucios.com\/site\/wp-json\/wp\/v2\/media\/100007271"}],"wp:attachment":[{"href":"https:\/\/www.oidossucios.com\/site\/wp-json\/wp\/v2\/media?parent=7271"}],"wp:term":[{"taxonomy":"category","embeddable":true,"href":"https:\/\/www.oidossucios.com\/site\/wp-json\/wp\/v2\/categories?post=7271"},{"taxonomy":"post_tag","embeddable":true,"href":"https:\/\/www.oidossucios.com\/site\/wp-json\/wp\/v2\/tags?post=7271"}],"curies":[{"name":"wp","href":"https:\/\/api.w.org\/{rel}","templated":true}]}}