{"id":7283,"date":"2013-05-20T18:36:00","date_gmt":"2013-05-20T18:36:00","guid":{"rendered":"https:\/\/www.oidossucios.com\/site\/2013\/05\/20\/kanye-west-revela-portada-y-fecha-de-salida-de-su-nuevo-album-yeezus\/"},"modified":"2013-05-20T18:36:00","modified_gmt":"2013-05-20T18:36:00","slug":"kanye-west-revela-portada-y-fecha-de-salida-de-su-nuevo-album-yeezus","status":"publish","type":"post","link":"https:\/\/www.oidossucios.com\/site\/kanye-west-revela-portada-y-fecha-de-salida-de-su-nuevo-album-yeezus\/","title":{"rendered":"Kanye West revela portada y fecha de salida de su nuevo \u00e1lbum: &#8220;Yeezus&#8221;"},"content":{"rendered":"<p><![endif]--><i>Yeezus<\/i> es el nombre del disco sucesor de <i>My Beautiful Dark Twisted Fantasy<\/i> de 2010 del rapero Kanye West.<\/p>\n<p>Dicho \u00e1lbum ser\u00e1 el sexto en la carrera del se\u00f1or West y ha sido grabado en Par\u00eds y tendr\u00e1 la participaci\u00f3n de artistas como: Daft Punk, TNGHT, Frank Ocean, Chief Keef y Azealia Banks.<\/p>\n<p>El disco ver\u00e1 la luz el pr\u00f3ximo 18 de junio y gracias a la novia de Kanye West, Kim Kardashian, quien subi\u00f3 ayer una fotograf\u00eda a su cuenta de Instagram con una caja de un disco acompa\u00f1ado de una nota con el nombre del mismo, ya pudimos conocer el arte oficial de <i>Yeezus<\/i>, el cual ha sido confirmado de manera oficial en el sitio web de Kanye West. Puedes ver la foto en la galer\u00eda.<\/p>\n<p>Pues ah\u00ed lo tienen, aparten ese d\u00eda (18 de junio) porque seguramente el se\u00f1or Kanye nos tiene varias sorpresas como lo hace con cada disco que edita.<\/p>\n<p>Fuente: www.warp.la<!--[if gte mso 10]> <\/style>\n\n <![endif]--><!--nextpage--><img decoding=\"async\" class=\"aligncenter size-medium wp-image-111116713\" src=\"https:\/\/www.oidossucios.com\/site\/wp-content\/uploads\/2020\/02\/6713.jpg\" alt=\"Kanye West revela portada y fecha de salida de su nuevo \u00e1lbum: \"Yeezus\" \"  \/><a href='https:\/\/www.oidossucios.com\/site\/kanye-west-revela-portada-y-fecha-de-salida-de-su-nuevo-album-yeezus\/2\/'\n                        onclick='if (tpsInstance) { tpsInstance.setNext(); return false; }'\n                        rel='next'\n                        style=''\n                        class=''>Ver galer\u00eda<\/a>]]><\/p>\n","protected":false},"excerpt":{"rendered":"<p>Yeezus es el nombre del disco sucesor de My Beautiful Dark Twisted Fantasy de 2010 del rapero Kanye West. Dicho \u00e1lbum ser\u00e1 el sexto en la carrera del se\u00f1or West y ha sido grabado en Par\u00eds y tendr\u00e1 la participaci\u00f3n de artistas como: Daft Punk, TNGHT, Frank Ocean, Chief Keef y Azealia Banks. El disco [&hellip;]<\/p>\n","protected":false},"author":4,"featured_media":100007283,"comment_status":"open","ping_status":"open","sticky":false,"template":"","format":"standard","meta":{"_jetpack_memberships_contains_paid_content":false,"footnotes":""},"categories":[142],"tags":[],"class_list":["post-7283","post","type-post","status-publish","format-standard","has-post-thumbnail","hentry","category-buzznews"],"jetpack_featured_media_url":"https:\/\/www.oidossucios.com\/site\/wp-content\/uploads\/2013\/05\/7283.jpg","yoast_head":"<!-- This site is optimized with the Yoast SEO plugin v14.0.4 - https:\/\/yoast.com\/wordpress\/plugins\/seo\/ -->\n<title>Kanye West revela portada y fecha de salida de su nuevo \u00e1lbum: &quot;Yeezus&quot; - OidosSucios.Com<\/title>\n<meta name=\"robots\" content=\"index, follow\" \/>\n<meta name=\"googlebot\" content=\"index, follow, max-snippet:-1, max-image-preview:large, max-video-preview:-1\" \/>\n<meta name=\"bingbot\" content=\"index, follow, max-snippet:-1, max-image-preview:large, max-video-preview:-1\" \/>\n<link rel=\"canonical\" href=\"https:\/\/www.oidossucios.com\/site\/kanye-west-revela-portada-y-fecha-de-salida-de-su-nuevo-album-yeezus\/\" \/>\n<link rel=\"next\" href=\"https:\/\/www.oidossucios.com\/site\/kanye-west-revela-portada-y-fecha-de-salida-de-su-nuevo-album-yeezus\/2\/\" \/>\n<meta property=\"og:locale\" content=\"es_ES\" \/>\n<meta property=\"og:type\" content=\"article\" \/>\n<meta property=\"og:title\" content=\"Kanye West revela portada y fecha de salida de su nuevo \u00e1lbum: &quot;Yeezus&quot; - OidosSucios.Com\" \/>\n<meta property=\"og:description\" content=\"Yeezus es el nombre del disco sucesor de My Beautiful Dark Twisted Fantasy de 2010 del rapero Kanye West. Dicho \u00e1lbum ser\u00e1 el sexto en la carrera del se\u00f1or West y ha sido grabado en Par\u00eds y tendr\u00e1 la participaci\u00f3n de artistas como: Daft Punk, TNGHT, Frank Ocean, Chief Keef y Azealia Banks. El disco [&hellip;]\" \/>\n<meta property=\"og:url\" content=\"https:\/\/www.oidossucios.com\/site\/kanye-west-revela-portada-y-fecha-de-salida-de-su-nuevo-album-yeezus\/\" \/>\n<meta property=\"og:site_name\" content=\"OidosSucios.Com\" \/>\n<meta property=\"article:published_time\" content=\"2013-05-20T18:36:00+00:00\" \/>\n<meta property=\"og:image\" content=\"https:\/\/www.oidossucios.com\/site\/wp-content\/uploads\/2013\/05\/7283.jpg\" \/>\n\t<meta property=\"og:image:width\" content=\"350\" \/>\n\t<meta property=\"og:image:height\" content=\"300\" \/>\n<meta name=\"twitter:card\" content=\"summary_large_image\" \/>\n<meta name=\"twitter:creator\" content=\"@oidossucios\" \/>\n<script type=\"application\/ld+json\" class=\"yoast-schema-graph\">{\"@context\":\"https:\/\/schema.org\",\"@graph\":[{\"@type\":\"WebSite\",\"@id\":\"https:\/\/www.oidossucios.com\/site\/#website\",\"url\":\"https:\/\/www.oidossucios.com\/site\/\",\"name\":\"OidosSucios.Com\",\"description\":\"M\\u00fasica, conciertos, discos\",\"potentialAction\":[{\"@type\":\"SearchAction\",\"target\":\"https:\/\/www.oidossucios.com\/site\/?s={search_term_string}\",\"query-input\":\"required name=search_term_string\"}],\"inLanguage\":\"es\"},{\"@type\":\"ImageObject\",\"@id\":\"https:\/\/www.oidossucios.com\/site\/kanye-west-revela-portada-y-fecha-de-salida-de-su-nuevo-album-yeezus\/#primaryimage\",\"inLanguage\":\"es\",\"url\":\"https:\/\/www.oidossucios.com\/site\/wp-content\/uploads\/2013\/05\/7283.jpg\",\"width\":350,\"height\":300},{\"@type\":\"WebPage\",\"@id\":\"https:\/\/www.oidossucios.com\/site\/kanye-west-revela-portada-y-fecha-de-salida-de-su-nuevo-album-yeezus\/#webpage\",\"url\":\"https:\/\/www.oidossucios.com\/site\/kanye-west-revela-portada-y-fecha-de-salida-de-su-nuevo-album-yeezus\/\",\"name\":\"Kanye West revela portada y fecha de salida de su nuevo \\u00e1lbum: \\\"Yeezus\\\" - OidosSucios.Com\",\"isPartOf\":{\"@id\":\"https:\/\/www.oidossucios.com\/site\/#website\"},\"primaryImageOfPage\":{\"@id\":\"https:\/\/www.oidossucios.com\/site\/kanye-west-revela-portada-y-fecha-de-salida-de-su-nuevo-album-yeezus\/#primaryimage\"},\"datePublished\":\"2013-05-20T18:36:00+00:00\",\"dateModified\":\"2013-05-20T18:36:00+00:00\",\"author\":{\"@id\":\"https:\/\/www.oidossucios.com\/site\/#\/schema\/person\/24559eeb76bf83a63296fb072393a688\"},\"inLanguage\":\"es\",\"potentialAction\":[{\"@type\":\"ReadAction\",\"target\":[\"https:\/\/www.oidossucios.com\/site\/kanye-west-revela-portada-y-fecha-de-salida-de-su-nuevo-album-yeezus\/\"]}]},{\"@type\":[\"Person\"],\"@id\":\"https:\/\/www.oidossucios.com\/site\/#\/schema\/person\/24559eeb76bf83a63296fb072393a688\",\"name\":\"Oidossucios\",\"image\":{\"@type\":\"ImageObject\",\"@id\":\"https:\/\/www.oidossucios.com\/site\/#personlogo\",\"inLanguage\":\"es\",\"url\":\"https:\/\/secure.gravatar.com\/avatar\/74fcb480f42f1a33e50a0b6e6369a3f907be2e43dc84fa5f76c66e9c22b4a5ab?s=96&d=mm&r=g\",\"caption\":\"Oidossucios\"},\"sameAs\":[\"https:\/\/twitter.com\/oidossucios\"]}]}<\/script>\n<!-- \/ Yoast SEO plugin. -->","jetpack_sharing_enabled":true,"_links":{"self":[{"href":"https:\/\/www.oidossucios.com\/site\/wp-json\/wp\/v2\/posts\/7283","targetHints":{"allow":["GET"]}}],"collection":[{"href":"https:\/\/www.oidossucios.com\/site\/wp-json\/wp\/v2\/posts"}],"about":[{"href":"https:\/\/www.oidossucios.com\/site\/wp-json\/wp\/v2\/types\/post"}],"author":[{"embeddable":true,"href":"https:\/\/www.oidossucios.com\/site\/wp-json\/wp\/v2\/users\/4"}],"replies":[{"embeddable":true,"href":"https:\/\/www.oidossucios.com\/site\/wp-json\/wp\/v2\/comments?post=7283"}],"version-history":[{"count":0,"href":"https:\/\/www.oidossucios.com\/site\/wp-json\/wp\/v2\/posts\/7283\/revisions"}],"wp:featuredmedia":[{"embeddable":true,"href":"https:\/\/www.oidossucios.com\/site\/wp-json\/wp\/v2\/media\/100007283"}],"wp:attachment":[{"href":"https:\/\/www.oidossucios.com\/site\/wp-json\/wp\/v2\/media?parent=7283"}],"wp:term":[{"taxonomy":"category","embeddable":true,"href":"https:\/\/www.oidossucios.com\/site\/wp-json\/wp\/v2\/categories?post=7283"},{"taxonomy":"post_tag","embeddable":true,"href":"https:\/\/www.oidossucios.com\/site\/wp-json\/wp\/v2\/tags?post=7283"}],"curies":[{"name":"wp","href":"https:\/\/api.w.org\/{rel}","templated":true}]}}