{"id":7287,"date":"2013-05-21T18:19:00","date_gmt":"2013-05-21T18:19:00","guid":{"rendered":"https:\/\/www.oidossucios.com\/site\/2013\/05\/21\/jack-bundy-se-presenta-este-sabado-en-la-quinta-bar\/"},"modified":"2013-05-21T18:19:00","modified_gmt":"2013-05-21T18:19:00","slug":"jack-bundy-se-presenta-este-sabado-en-la-quinta-bar","status":"publish","type":"post","link":"https:\/\/www.oidossucios.com\/site\/jack-bundy-se-presenta-este-sabado-en-la-quinta-bar\/","title":{"rendered":"Jack Bundy se presenta este s\u00e1bado en La Quinta Bar"},"content":{"rendered":"<p>El pr\u00f3ximo s\u00e1bado, 25 de mayo, la agrupaci\u00f3n Jack Bundy se presenta en la Quinta Bar, de Las Mercedes.<\/p>\n<p>Jack Bundy, agrupaci\u00f3n venezolana integrada por Marge (Voz), Alejandro Prieto (Bater\u00eda), Leonardo Molina (Bajo) y Ram\u00f3n Castro (Guitarra y Teclados) se estar\u00e1 presentando en La Quinta Bar este s\u00e1bado 25 de mayo, a las 8:00pm. La noche estar\u00e1 musicalizada por Fiesta On The Rocks.<\/p>\n<p>Si deseas m\u00e1s informaci\u00f3n, chequea su p\u00e1gina web&nbsp;<a target=\"_blank\" href=\"http:\/\/urbanmedia.us5.list-manage1.com\/track\/click?u=94aa1065eb2f6ae31db7f5f6c&amp;id=abc84afb36&amp;e=eb41c42ce2\" rel=\"noopener noreferrer\">www.jackbundy.com<\/a>&nbsp;o su twitter&nbsp;<a target=\"_blank\" href=\"http:\/\/urbanmedia.us5.list-manage.com\/track\/click?u=94aa1065eb2f6ae31db7f5f6c&amp;id=a510b2240f&amp;e=eb41c42ce2\" rel=\"noopener noreferrer\">@jackbundymusic<\/a><![endif]--><!--[if gte mso 10]> <\/style>\n\n <![endif]--><\/p>\n","protected":false},"excerpt":{"rendered":"<p>El pr\u00f3ximo s\u00e1bado, 25 de mayo, la agrupaci\u00f3n Jack Bundy se presenta en la Quinta Bar, de Las Mercedes. Jack Bundy, agrupaci\u00f3n venezolana integrada por Marge (Voz), Alejandro Prieto (Bater\u00eda), Leonardo Molina (Bajo) y Ram\u00f3n Castro (Guitarra y Teclados) se estar\u00e1 presentando en La Quinta Bar este s\u00e1bado 25 de mayo, a las 8:00pm. La [&hellip;]<\/p>\n","protected":false},"author":4,"featured_media":100007287,"comment_status":"open","ping_status":"open","sticky":false,"template":"","format":"standard","meta":{"_jetpack_memberships_contains_paid_content":false,"footnotes":""},"categories":[142],"tags":[],"class_list":["post-7287","post","type-post","status-publish","format-standard","has-post-thumbnail","hentry","category-buzznews"],"jetpack_featured_media_url":"https:\/\/www.oidossucios.com\/site\/wp-content\/uploads\/2013\/05\/7287.jpg","yoast_head":"<!-- This site is optimized with the Yoast SEO plugin v14.0.4 - https:\/\/yoast.com\/wordpress\/plugins\/seo\/ -->\n<title>Jack Bundy se presenta este s\u00e1bado en La Quinta Bar - OidosSucios.Com<\/title>\n<meta name=\"robots\" content=\"index, follow\" \/>\n<meta name=\"googlebot\" content=\"index, follow, max-snippet:-1, max-image-preview:large, max-video-preview:-1\" \/>\n<meta name=\"bingbot\" content=\"index, follow, max-snippet:-1, max-image-preview:large, max-video-preview:-1\" \/>\n<link rel=\"canonical\" href=\"https:\/\/www.oidossucios.com\/site\/jack-bundy-se-presenta-este-sabado-en-la-quinta-bar\/\" \/>\n<meta property=\"og:locale\" content=\"es_ES\" \/>\n<meta property=\"og:type\" content=\"article\" \/>\n<meta property=\"og:title\" content=\"Jack Bundy se presenta este s\u00e1bado en La Quinta Bar - OidosSucios.Com\" \/>\n<meta property=\"og:description\" content=\"El pr\u00f3ximo s\u00e1bado, 25 de mayo, la agrupaci\u00f3n Jack Bundy se presenta en la Quinta Bar, de Las Mercedes. Jack Bundy, agrupaci\u00f3n venezolana integrada por Marge (Voz), Alejandro Prieto (Bater\u00eda), Leonardo Molina (Bajo) y Ram\u00f3n Castro (Guitarra y Teclados) se estar\u00e1 presentando en La Quinta Bar este s\u00e1bado 25 de mayo, a las 8:00pm. La [&hellip;]\" \/>\n<meta property=\"og:url\" content=\"https:\/\/www.oidossucios.com\/site\/jack-bundy-se-presenta-este-sabado-en-la-quinta-bar\/\" \/>\n<meta property=\"og:site_name\" content=\"OidosSucios.Com\" \/>\n<meta property=\"article:published_time\" content=\"2013-05-21T18:19:00+00:00\" \/>\n<meta property=\"og:image\" content=\"https:\/\/www.oidossucios.com\/site\/wp-content\/uploads\/2013\/05\/7287.jpg\" \/>\n\t<meta property=\"og:image:width\" content=\"350\" \/>\n\t<meta property=\"og:image:height\" content=\"300\" \/>\n<meta name=\"twitter:card\" content=\"summary_large_image\" \/>\n<meta name=\"twitter:creator\" content=\"@oidossucios\" \/>\n<script type=\"application\/ld+json\" class=\"yoast-schema-graph\">{\"@context\":\"https:\/\/schema.org\",\"@graph\":[{\"@type\":\"WebSite\",\"@id\":\"https:\/\/www.oidossucios.com\/site\/#website\",\"url\":\"https:\/\/www.oidossucios.com\/site\/\",\"name\":\"OidosSucios.Com\",\"description\":\"M\\u00fasica, conciertos, discos\",\"potentialAction\":[{\"@type\":\"SearchAction\",\"target\":\"https:\/\/www.oidossucios.com\/site\/?s={search_term_string}\",\"query-input\":\"required name=search_term_string\"}],\"inLanguage\":\"es\"},{\"@type\":\"ImageObject\",\"@id\":\"https:\/\/www.oidossucios.com\/site\/jack-bundy-se-presenta-este-sabado-en-la-quinta-bar\/#primaryimage\",\"inLanguage\":\"es\",\"url\":\"https:\/\/www.oidossucios.com\/site\/wp-content\/uploads\/2013\/05\/7287.jpg\",\"width\":350,\"height\":300},{\"@type\":\"WebPage\",\"@id\":\"https:\/\/www.oidossucios.com\/site\/jack-bundy-se-presenta-este-sabado-en-la-quinta-bar\/#webpage\",\"url\":\"https:\/\/www.oidossucios.com\/site\/jack-bundy-se-presenta-este-sabado-en-la-quinta-bar\/\",\"name\":\"Jack Bundy se presenta este s\\u00e1bado en La Quinta Bar - OidosSucios.Com\",\"isPartOf\":{\"@id\":\"https:\/\/www.oidossucios.com\/site\/#website\"},\"primaryImageOfPage\":{\"@id\":\"https:\/\/www.oidossucios.com\/site\/jack-bundy-se-presenta-este-sabado-en-la-quinta-bar\/#primaryimage\"},\"datePublished\":\"2013-05-21T18:19:00+00:00\",\"dateModified\":\"2013-05-21T18:19:00+00:00\",\"author\":{\"@id\":\"https:\/\/www.oidossucios.com\/site\/#\/schema\/person\/24559eeb76bf83a63296fb072393a688\"},\"inLanguage\":\"es\",\"potentialAction\":[{\"@type\":\"ReadAction\",\"target\":[\"https:\/\/www.oidossucios.com\/site\/jack-bundy-se-presenta-este-sabado-en-la-quinta-bar\/\"]}]},{\"@type\":[\"Person\"],\"@id\":\"https:\/\/www.oidossucios.com\/site\/#\/schema\/person\/24559eeb76bf83a63296fb072393a688\",\"name\":\"Oidossucios\",\"image\":{\"@type\":\"ImageObject\",\"@id\":\"https:\/\/www.oidossucios.com\/site\/#personlogo\",\"inLanguage\":\"es\",\"url\":\"https:\/\/secure.gravatar.com\/avatar\/74fcb480f42f1a33e50a0b6e6369a3f907be2e43dc84fa5f76c66e9c22b4a5ab?s=96&d=mm&r=g\",\"caption\":\"Oidossucios\"},\"sameAs\":[\"https:\/\/twitter.com\/oidossucios\"]}]}<\/script>\n<!-- \/ Yoast SEO plugin. -->","jetpack_sharing_enabled":true,"_links":{"self":[{"href":"https:\/\/www.oidossucios.com\/site\/wp-json\/wp\/v2\/posts\/7287","targetHints":{"allow":["GET"]}}],"collection":[{"href":"https:\/\/www.oidossucios.com\/site\/wp-json\/wp\/v2\/posts"}],"about":[{"href":"https:\/\/www.oidossucios.com\/site\/wp-json\/wp\/v2\/types\/post"}],"author":[{"embeddable":true,"href":"https:\/\/www.oidossucios.com\/site\/wp-json\/wp\/v2\/users\/4"}],"replies":[{"embeddable":true,"href":"https:\/\/www.oidossucios.com\/site\/wp-json\/wp\/v2\/comments?post=7287"}],"version-history":[{"count":0,"href":"https:\/\/www.oidossucios.com\/site\/wp-json\/wp\/v2\/posts\/7287\/revisions"}],"wp:featuredmedia":[{"embeddable":true,"href":"https:\/\/www.oidossucios.com\/site\/wp-json\/wp\/v2\/media\/100007287"}],"wp:attachment":[{"href":"https:\/\/www.oidossucios.com\/site\/wp-json\/wp\/v2\/media?parent=7287"}],"wp:term":[{"taxonomy":"category","embeddable":true,"href":"https:\/\/www.oidossucios.com\/site\/wp-json\/wp\/v2\/categories?post=7287"},{"taxonomy":"post_tag","embeddable":true,"href":"https:\/\/www.oidossucios.com\/site\/wp-json\/wp\/v2\/tags?post=7287"}],"curies":[{"name":"wp","href":"https:\/\/api.w.org\/{rel}","templated":true}]}}