{"id":7300,"date":"2013-05-22T21:20:00","date_gmt":"2013-05-22T21:20:00","guid":{"rendered":"https:\/\/www.oidossucios.com\/site\/2013\/05\/22\/franz-ferdinand-confirma-que-en-su-nuevo-disco-participa-peter-bjorn-and-john\/"},"modified":"2013-05-22T21:20:00","modified_gmt":"2013-05-22T21:20:00","slug":"franz-ferdinand-confirma-que-en-su-nuevo-disco-participa-peter-bjorn-and-john","status":"publish","type":"post","link":"https:\/\/www.oidossucios.com\/site\/franz-ferdinand-confirma-que-en-su-nuevo-disco-participa-peter-bjorn-and-john\/","title":{"rendered":"Franz Ferdinand confirma que en su nuevo disco participa Peter, Bjorn And John"},"content":{"rendered":"<p><![endif]-->Como informamos previamente Franz Ferdinand lanzar\u00e1 el 26 de agosto su nuevo \u00e1lbum de estudio que llevar\u00e1 por nombre, <i>Right Thoughts, Right Words, Right Action<\/i>. Ahora, la banda confirm\u00f3 que dicho disco contar\u00e1 con las colaboraciones de Todd Terje y Bjorn Yttling de Peter, Bjorn And John.<\/p>\n<p>El cuarto LP de la agrupaci\u00f3n tambi\u00e9n contar\u00e1 con la participaci\u00f3n vocal de Roxanne Clifford de Veronica Falls.<\/p>\n<p>Respecto a las colaboraciones Alex Kapranos coment\u00f3 a NME:<\/p>\n<p>&#8220;Cuando est\u00e1bamos escribiendo el primer LP, me encontr\u00e9 con Bjorn en Newcastle. Est\u00e1bamos hablando de la grabaci\u00f3n del nuevo material y \u00e9l nos pregunt\u00f3 qu\u00e9 c\u00f3mo quer\u00edamos sonar, a lo que respond\u00ed: Queremos sonar como Franz Ferdinand, entonces \u00e9l dijo, &#8220;Oh, una mezcla entre Dr. Feelgood y Daft Punk?&#8221; Y yo pens\u00e9: &#8220;Me gusta este tipo que lo consiga. Debemos grabar con \u00e9l&#8221;.<\/p>\n<p>Fuente: www.warp.la<!--[if gte mso 10]> <\/style>\n\n <![endif]--><\/p>\n","protected":false},"excerpt":{"rendered":"<p>Como informamos previamente Franz Ferdinand lanzar\u00e1 el 26 de agosto su nuevo \u00e1lbum de estudio que llevar\u00e1 por nombre, Right Thoughts, Right Words, Right Action. Ahora, la banda confirm\u00f3 que dicho disco contar\u00e1 con las colaboraciones de Todd Terje y Bjorn Yttling de Peter, Bjorn And John. El cuarto LP de la agrupaci\u00f3n tambi\u00e9n contar\u00e1 [&hellip;]<\/p>\n","protected":false},"author":4,"featured_media":100007300,"comment_status":"open","ping_status":"open","sticky":false,"template":"","format":"standard","meta":{"_jetpack_memberships_contains_paid_content":false,"footnotes":""},"categories":[142],"tags":[],"class_list":["post-7300","post","type-post","status-publish","format-standard","has-post-thumbnail","hentry","category-buzznews"],"jetpack_featured_media_url":"https:\/\/www.oidossucios.com\/site\/wp-content\/uploads\/2013\/05\/7300.jpg","yoast_head":"<!-- This site is optimized with the Yoast SEO plugin v14.0.4 - https:\/\/yoast.com\/wordpress\/plugins\/seo\/ -->\n<title>Franz Ferdinand confirma que en su nuevo disco participa Peter, Bjorn And John - OidosSucios.Com<\/title>\n<meta name=\"robots\" content=\"index, follow\" \/>\n<meta name=\"googlebot\" content=\"index, follow, max-snippet:-1, max-image-preview:large, max-video-preview:-1\" \/>\n<meta name=\"bingbot\" content=\"index, follow, max-snippet:-1, max-image-preview:large, max-video-preview:-1\" \/>\n<link rel=\"canonical\" href=\"https:\/\/www.oidossucios.com\/site\/franz-ferdinand-confirma-que-en-su-nuevo-disco-participa-peter-bjorn-and-john\/\" \/>\n<meta property=\"og:locale\" content=\"es_ES\" \/>\n<meta property=\"og:type\" content=\"article\" \/>\n<meta property=\"og:title\" content=\"Franz Ferdinand confirma que en su nuevo disco participa Peter, Bjorn And John - OidosSucios.Com\" \/>\n<meta property=\"og:description\" content=\"Como informamos previamente Franz Ferdinand lanzar\u00e1 el 26 de agosto su nuevo \u00e1lbum de estudio que llevar\u00e1 por nombre, Right Thoughts, Right Words, Right Action. Ahora, la banda confirm\u00f3 que dicho disco contar\u00e1 con las colaboraciones de Todd Terje y Bjorn Yttling de Peter, Bjorn And John. El cuarto LP de la agrupaci\u00f3n tambi\u00e9n contar\u00e1 [&hellip;]\" \/>\n<meta property=\"og:url\" content=\"https:\/\/www.oidossucios.com\/site\/franz-ferdinand-confirma-que-en-su-nuevo-disco-participa-peter-bjorn-and-john\/\" \/>\n<meta property=\"og:site_name\" content=\"OidosSucios.Com\" \/>\n<meta property=\"article:published_time\" content=\"2013-05-22T21:20:00+00:00\" \/>\n<meta property=\"og:image\" content=\"https:\/\/www.oidossucios.com\/site\/wp-content\/uploads\/2013\/05\/7300.jpg\" \/>\n\t<meta property=\"og:image:width\" content=\"350\" \/>\n\t<meta property=\"og:image:height\" content=\"300\" \/>\n<meta name=\"twitter:card\" content=\"summary_large_image\" \/>\n<meta name=\"twitter:creator\" content=\"@oidossucios\" \/>\n<script type=\"application\/ld+json\" class=\"yoast-schema-graph\">{\"@context\":\"https:\/\/schema.org\",\"@graph\":[{\"@type\":\"WebSite\",\"@id\":\"https:\/\/www.oidossucios.com\/site\/#website\",\"url\":\"https:\/\/www.oidossucios.com\/site\/\",\"name\":\"OidosSucios.Com\",\"description\":\"M\\u00fasica, conciertos, discos\",\"potentialAction\":[{\"@type\":\"SearchAction\",\"target\":\"https:\/\/www.oidossucios.com\/site\/?s={search_term_string}\",\"query-input\":\"required name=search_term_string\"}],\"inLanguage\":\"es\"},{\"@type\":\"ImageObject\",\"@id\":\"https:\/\/www.oidossucios.com\/site\/franz-ferdinand-confirma-que-en-su-nuevo-disco-participa-peter-bjorn-and-john\/#primaryimage\",\"inLanguage\":\"es\",\"url\":\"https:\/\/www.oidossucios.com\/site\/wp-content\/uploads\/2013\/05\/7300.jpg\",\"width\":350,\"height\":300},{\"@type\":\"WebPage\",\"@id\":\"https:\/\/www.oidossucios.com\/site\/franz-ferdinand-confirma-que-en-su-nuevo-disco-participa-peter-bjorn-and-john\/#webpage\",\"url\":\"https:\/\/www.oidossucios.com\/site\/franz-ferdinand-confirma-que-en-su-nuevo-disco-participa-peter-bjorn-and-john\/\",\"name\":\"Franz Ferdinand confirma que en su nuevo disco participa Peter, Bjorn And John - OidosSucios.Com\",\"isPartOf\":{\"@id\":\"https:\/\/www.oidossucios.com\/site\/#website\"},\"primaryImageOfPage\":{\"@id\":\"https:\/\/www.oidossucios.com\/site\/franz-ferdinand-confirma-que-en-su-nuevo-disco-participa-peter-bjorn-and-john\/#primaryimage\"},\"datePublished\":\"2013-05-22T21:20:00+00:00\",\"dateModified\":\"2013-05-22T21:20:00+00:00\",\"author\":{\"@id\":\"https:\/\/www.oidossucios.com\/site\/#\/schema\/person\/24559eeb76bf83a63296fb072393a688\"},\"inLanguage\":\"es\",\"potentialAction\":[{\"@type\":\"ReadAction\",\"target\":[\"https:\/\/www.oidossucios.com\/site\/franz-ferdinand-confirma-que-en-su-nuevo-disco-participa-peter-bjorn-and-john\/\"]}]},{\"@type\":[\"Person\"],\"@id\":\"https:\/\/www.oidossucios.com\/site\/#\/schema\/person\/24559eeb76bf83a63296fb072393a688\",\"name\":\"Oidossucios\",\"image\":{\"@type\":\"ImageObject\",\"@id\":\"https:\/\/www.oidossucios.com\/site\/#personlogo\",\"inLanguage\":\"es\",\"url\":\"https:\/\/secure.gravatar.com\/avatar\/74fcb480f42f1a33e50a0b6e6369a3f907be2e43dc84fa5f76c66e9c22b4a5ab?s=96&d=mm&r=g\",\"caption\":\"Oidossucios\"},\"sameAs\":[\"https:\/\/twitter.com\/oidossucios\"]}]}<\/script>\n<!-- \/ Yoast SEO plugin. -->","jetpack_sharing_enabled":true,"_links":{"self":[{"href":"https:\/\/www.oidossucios.com\/site\/wp-json\/wp\/v2\/posts\/7300","targetHints":{"allow":["GET"]}}],"collection":[{"href":"https:\/\/www.oidossucios.com\/site\/wp-json\/wp\/v2\/posts"}],"about":[{"href":"https:\/\/www.oidossucios.com\/site\/wp-json\/wp\/v2\/types\/post"}],"author":[{"embeddable":true,"href":"https:\/\/www.oidossucios.com\/site\/wp-json\/wp\/v2\/users\/4"}],"replies":[{"embeddable":true,"href":"https:\/\/www.oidossucios.com\/site\/wp-json\/wp\/v2\/comments?post=7300"}],"version-history":[{"count":0,"href":"https:\/\/www.oidossucios.com\/site\/wp-json\/wp\/v2\/posts\/7300\/revisions"}],"wp:featuredmedia":[{"embeddable":true,"href":"https:\/\/www.oidossucios.com\/site\/wp-json\/wp\/v2\/media\/100007300"}],"wp:attachment":[{"href":"https:\/\/www.oidossucios.com\/site\/wp-json\/wp\/v2\/media?parent=7300"}],"wp:term":[{"taxonomy":"category","embeddable":true,"href":"https:\/\/www.oidossucios.com\/site\/wp-json\/wp\/v2\/categories?post=7300"},{"taxonomy":"post_tag","embeddable":true,"href":"https:\/\/www.oidossucios.com\/site\/wp-json\/wp\/v2\/tags?post=7300"}],"curies":[{"name":"wp","href":"https:\/\/api.w.org\/{rel}","templated":true}]}}