{"id":7314,"date":"2013-05-27T05:30:00","date_gmt":"2013-05-27T05:30:00","guid":{"rendered":"https:\/\/www.oidossucios.com\/site\/2013\/05\/27\/seleccionados-los-participantes-a-los-circuitos-nuevas-bandas-2013\/"},"modified":"2013-05-27T05:30:00","modified_gmt":"2013-05-27T05:30:00","slug":"seleccionados-los-participantes-a-los-circuitos-nuevas-bandas-2013","status":"publish","type":"post","link":"https:\/\/www.oidossucios.com\/site\/seleccionados-los-participantes-a-los-circuitos-nuevas-bandas-2013\/","title":{"rendered":"Seleccionados los participantes a los Circuitos Nuevas Bandas 2013"},"content":{"rendered":"<p><![endif]-->La Fundaci\u00f3n Nuevas Bandas y EBG Entertainment Business Group, anunciaron el inicio del Circuito Nacional Nuevas Bandas a partir del pr\u00f3ximo viernes 31 de mayo hasta el s\u00e1bado 15 de junio por diferentes ciudades del pa\u00eds.<\/p>\n<p>En esta vig\u00e9sima segunda edici\u00f3n del festival, se inscribieron m\u00e1s de 300 bandas de todo el territorio nacional, superando el record hist\u00f3rico alcanzado el a\u00f1o anterior, demostrando el crecimiento exponencial de la industria del VRock.<\/p>\n<p>De esta masiva inscripci\u00f3n fueron seleccionadas 54 bandas con gran variedad de propuestas musicales como el rock en sus diferentes vertientes, indie, metal, alternativo, as\u00ed como el hip hop, pop, stoner, psicodelia, electr\u00f3nica y m\u00e1s.<\/p>\n<p>Intentando tener representaci\u00f3n con agrupaciones de todo el pa\u00eds, los Circuitos se dividieron en cinco regiones:<b><\/p>\n<p>Oriental:<\/b>&nbsp;Anzo\u00e1tegui, Sucre, Monagas, Bol\u00edvar y Nueva Esparta.<b><br \/>Occidental:<\/b>&nbsp;Zulia, Falc\u00f3n, Cojedes y Portuguesa.<b><br \/>Andina:<\/b>&nbsp;M\u00e9rida, Trujillo, T\u00e1chira y Barinas.<b><br \/>Central:<\/b>&nbsp;Aragua, Lara, Carabobo, Gu\u00e1rico y Yaracuy.<b><br \/>Capital:<\/b> La Gran Caracas y Miranda.<\/p>\n<p>En el caso de la regi\u00f3n Capital, s\u00f3lo en Caracas se postularon m\u00e1s del 50% de las 300 bandas inscritas, por esto, se realizar\u00e1n dos circuitos de los cuales saldr\u00e1n dos ganadores en cada uno; en las dem\u00e1s regiones, se seleccionar\u00e1 una banda ganadora por Circuito.<\/p>\n<p>Esto nos da un n\u00famero de 11 bandas ganadoras que se presentar\u00e1n en la cita final: el Festival Nuevas Bandas 2013, a realizarse en el 13 y 1 de julio en el Estacionamiento de El Nacional (Los Cortijos, Caracas).<\/p>\n<p>Cada Circuito Nuevas Bandas tendr\u00e1 un jurado regional, conformado por m\u00fasicos, periodistas, locutores y dem\u00e1s personajes cercanos a la movida musical de la zona, m\u00e1s el equipo de la Fundaci\u00f3n Nuevas Bandas que estar\u00e1 viajando por todo el pa\u00eds.<\/p>\n<p>Lista de Circuitos:<b><\/p>\n<p>Regi\u00f3n Oriental \u0096 Viernes 31 de mayo \u0096 Cuman\u00e1- The Pub<\/b><br \/>Apix (Cuman\u00e1)&nbsp;&nbsp;&#8211; @Apix_Rock<br \/>Colectivo Bredas (Cuman\u00e1)&nbsp;&#8211; @Breddas<br \/>Desigualdad (Matur\u00edn)&nbsp;&#8211; @Desigualdad1<br \/>Trenos&nbsp; (Puerto Ordaz)&nbsp;&nbsp;&#8211; @_TRENOS<br \/>Shamans&nbsp; (Car\u00fapano)<br \/>Teleport (Cuman\u00e1)&nbsp;&nbsp;&#8211; @teleportbanda<b><\/p>\n<p>Regi\u00f3n Oriental- S\u00e1bado 1 de junio \u0096 Puerto La Cruz &#8211;&nbsp; Tibur\u00f3n Club<\/b><br \/>3SOM (Puerto La Cruz)&nbsp;&nbsp;&#8211; @3_som<br \/>Del Puerto (Puerto La Cruz)&nbsp;&nbsp;&#8211; @DelPuertoBanda<br \/>Jampska&nbsp; (Puerto La Cruz)&nbsp;&#8211; @Jampska<br \/>Lidelay (Anaco)&nbsp;&nbsp;&#8211; @Lidelay<br \/>Virtual Lakai (Barcelona)&nbsp;&nbsp;&#8211; @VirtualLakai<br \/>Pachamama&nbsp;(Margarita)<\/p>\n<p><b>Regi\u00f3n Capital &#8211; Caracas I \u0096 Viernes 7 de junio &#8211; La Quinta Bar<\/b><br \/>Del Pez (Caracas)&nbsp;&nbsp;&#8211; @delpezmusica<br \/>La \u00daltima Thule (Caracas)&nbsp;&nbsp;&nbsp;&nbsp;&#8211; @LaUltimaThule<br \/>Radio Cassette &nbsp;(Caracas)&nbsp;&nbsp;&nbsp;&#8211; @_radiocassette<br \/>Caracas Roots (Caracas)&nbsp;&nbsp;&nbsp;&nbsp;&#8211; @CcsRoots <br \/>Soires Naes &nbsp;(Caracas)&nbsp;&nbsp;&nbsp;&#8211; @soiresnaes<br \/>La Pipa Freak &nbsp;(Caracas)&nbsp;&nbsp;&nbsp;&#8211; @lapipafreak<b><\/p>\n<p>Regi\u00f3n Capital &#8211; Caracas II \u0096 S\u00e1bado 8 de junio &#8211; La Quinta Bar<\/b><br \/>Wannamaker &nbsp;(Caracas)&nbsp;&nbsp;&nbsp;&nbsp;&#8211; @Bandawannamaker<br \/>D\u00edas de Septiembre &nbsp;(Caracas)&nbsp;&nbsp; &#8211; @DiasDSeptiembre<br \/>Los Switches (Caracas)&nbsp;&nbsp;&nbsp;&nbsp;&#8211; @LOS_SWITCHES<br \/>Vltravioleta &nbsp;(Caracas)&nbsp;&nbsp; &#8211; @vltravioleta<br \/>Phonit&nbsp; (Caracas)&nbsp;&nbsp;&nbsp;&#8211; @PhonitCcs<br \/>B.I.D.A.I.A. (Caracas)&nbsp;&nbsp;&nbsp;&nbsp;&#8211; @bidaiave<b><\/p>\n<p>Regi\u00f3n Occidental \u0096 Viernes &nbsp;7 de junio \u0096 Coro &#8211; Boulevard Caf\u00e9 &amp; Lounge<\/b><br \/>Dot&nbsp; (Punto Fijo)&nbsp;&#8211; @DOToficial<br \/>In Rec&nbsp; (Punto Fijo)&nbsp;&nbsp;&#8211; @InRecRock<br \/>Mike Lemus&nbsp;(Punto Fijo)&nbsp;&nbsp;&#8211; @mikelemusica<br \/>Larga Espera &nbsp;(Punto Fijo)&nbsp;&nbsp;&#8211; @LargaEspera<br \/>Material T\u00f3xico (Coro)&nbsp;&nbsp;&#8211; @MaterialToxico <br \/>No Para \u00cddolos (Punto Fijo)&nbsp; &nbsp; &#8211; @NOPARAIDOLOS<b><\/p>\n<p>Regi\u00f3n Central\u0096 S\u00e1bado 8 de junio \u0096 Barquisimeto &#8211; El B\u00fanker del Este<\/b><br \/>THE (Barquisimeto)&nbsp;&#8211; @THE_Vzla<br \/>Apollinaire&nbsp;(Barquisimeto)&nbsp;&#8211; @Apollinaireband<br \/>Mcroder&nbsp;(Barquisimeto)<br \/> Caminant (Barquisimeto)&nbsp;&nbsp;&#8211; @CaminantMusic<br \/>Isla Sorda (Barquisimeto)&nbsp;&nbsp;&#8211; @IslaSorda<br \/>R\u00e9cipe Morado (San Felipe)&nbsp;&nbsp;&#8211; @RecipeMorado<b><\/p>\n<p>Regi\u00f3n Central \u0096 Mi\u00e9rcoles 12 de junio \u0096 Valencia &#8211;&nbsp; El Teatro Bar<\/b><br \/>Fighting Buffalo (Valencia)&nbsp;&nbsp;&#8211; @fbuffalo<br \/>Blush Magenta (Valencia)&nbsp;&nbsp;&#8211; @BlushMagenta<br \/>Cronovisor (Valencia) &nbsp;&nbsp;&#8211; @Cronovisor<br \/>Los Punky Brewsters (Valencia)&nbsp;&nbsp;&#8211; @Punky_Brewsters<br \/>Mind The Gap (Valencia)&nbsp;&nbsp;&#8211; @MTGvzla<br \/>Lost Cinema (Puerto Cabello)&nbsp;&nbsp;&#8211; @LostCinemaBanda<b><\/p>\n<p>Regi\u00f3n Occidental \u0096 Viernes 14 de junio \u0096 Maracaibo &#8211; &nbsp;Calle Club<\/b><br \/>Los Polaroid (Maracaibo)&nbsp;&nbsp;&#8211; @LosPolaroid<br \/>Hotel &nbsp;(Maracaibo)&nbsp;&nbsp;&nbsp;&#8211; @enunhotel<br \/>Betancourt (Maracaibo)&nbsp;&nbsp;&nbsp;&nbsp;&#8211; @Betncourt<br \/>Cocobeat &nbsp;(Maracaibo)&nbsp;&nbsp;&nbsp;&#8211; @coco_beat<br \/>Novarmada (Maracaibo)&nbsp;&nbsp;&nbsp;&nbsp;&#8211; @xNOVARMADAx<br \/>Non Grata (Maracaibo)&nbsp;&nbsp;&nbsp;&nbsp;&#8211; @BandaNonGrata<b><\/p>\n<p>Regi\u00f3n Andina \u0096 S\u00e1bado 15 de junio \u0096 San Crist\u00f3bal &#8211; La Muchachera<br \/><\/b>La Chica Parrilla (San Crist\u00f3bal) &#8211; @lachicaparrilla<br \/>La Yeska&nbsp;(M\u00e9rida)&nbsp;&#8211; @layeskamerida<br \/>LucilleBand (San Crist\u00f3bal)&nbsp;&nbsp;&#8211; @LucilleBnd<br \/>UberCaf\u00e9&nbsp; (M\u00e9rida)<br \/>Naturaleza Humana (San Crist\u00f3bal)&nbsp;&nbsp;&#8211; @naturalezahuma1<br \/>Trass\u00f3nico (M\u00e9rida)&nbsp;&nbsp;&#8211; @Trassonico<\/p>\n<p>Para mayor informaci\u00f3n de la Fundaci\u00f3n Nuevas Bandas, el Circuito Nacional NB 2013 y de las bandas participantes, visitar <a target=\"_blank\" href=\"http:\/\/www.nuevasbandas.com.ve\/\" rel=\"noopener noreferrer\">www.nuevasbandas.com.ve<\/a><!--[if gte mso 10]> <\/style>\n\n <![endif]--><!--nextpage--><img decoding=\"async\" class=\"aligncenter size-medium wp-image-111116718\" src=\"https:\/\/www.oidossucios.com\/site\/wp-content\/uploads\/2020\/02\/6718.jpg\" alt=\"Seleccionados los participantes a los Circuitos Nuevas Bandas 2013\"  \/><a href='https:\/\/www.oidossucios.com\/site\/seleccionados-los-participantes-a-los-circuitos-nuevas-bandas-2013\/2\/'\n                        onclick='if (tpsInstance) { tpsInstance.setNext(); return false; }'\n                        rel='next'\n                        style=''\n                        class=''>Ver galer\u00eda<\/a>]]><\/p>\n","protected":false},"excerpt":{"rendered":"<p>La Fundaci\u00f3n Nuevas Bandas y EBG Entertainment Business Group, anunciaron el inicio del Circuito Nacional Nuevas Bandas a partir del pr\u00f3ximo viernes 31 de mayo hasta el s\u00e1bado 15 de junio por diferentes ciudades del pa\u00eds.<\/p>\n","protected":false},"author":4,"featured_media":100007314,"comment_status":"open","ping_status":"open","sticky":false,"template":"","format":"standard","meta":{"_jetpack_memberships_contains_paid_content":false,"footnotes":""},"categories":[250],"tags":[],"class_list":["post-7314","post","type-post","status-publish","format-standard","has-post-thumbnail","hentry","category-noticias"],"jetpack_featured_media_url":"https:\/\/www.oidossucios.com\/site\/wp-content\/uploads\/2013\/05\/7314.jpg","yoast_head":"<!-- This site is optimized with the Yoast SEO plugin v14.0.4 - https:\/\/yoast.com\/wordpress\/plugins\/seo\/ -->\n<title>Seleccionados los participantes a los Circuitos Nuevas Bandas 2013 - OidosSucios.Com<\/title>\n<meta name=\"description\" content=\"La Fundaci\u00f3n Nuevas Bandas y EBG Entertainment Business Group, anunciaron el inicio del Circuito Nacional Nuevas Bandas a partir del pr\u00f3ximo viernes 31 de mayo hasta el s\u00e1bado 15 de junio por diferentes ciudades del pa\u00eds.\" \/>\n<meta name=\"robots\" content=\"index, follow\" \/>\n<meta name=\"googlebot\" content=\"index, follow, max-snippet:-1, max-image-preview:large, max-video-preview:-1\" \/>\n<meta name=\"bingbot\" content=\"index, follow, max-snippet:-1, max-image-preview:large, max-video-preview:-1\" \/>\n<link rel=\"canonical\" href=\"https:\/\/www.oidossucios.com\/site\/seleccionados-los-participantes-a-los-circuitos-nuevas-bandas-2013\/\" \/>\n<link rel=\"next\" href=\"https:\/\/www.oidossucios.com\/site\/seleccionados-los-participantes-a-los-circuitos-nuevas-bandas-2013\/2\/\" \/>\n<meta property=\"og:locale\" content=\"es_ES\" \/>\n<meta property=\"og:type\" content=\"article\" \/>\n<meta property=\"og:title\" content=\"Seleccionados los participantes a los Circuitos Nuevas Bandas 2013 - OidosSucios.Com\" \/>\n<meta property=\"og:description\" content=\"La Fundaci\u00f3n Nuevas Bandas y EBG Entertainment Business Group, anunciaron el inicio del Circuito Nacional Nuevas Bandas a partir del pr\u00f3ximo viernes 31 de mayo hasta el s\u00e1bado 15 de junio por diferentes ciudades del pa\u00eds.\" \/>\n<meta property=\"og:url\" content=\"https:\/\/www.oidossucios.com\/site\/seleccionados-los-participantes-a-los-circuitos-nuevas-bandas-2013\/\" \/>\n<meta property=\"og:site_name\" content=\"OidosSucios.Com\" \/>\n<meta property=\"article:published_time\" content=\"2013-05-27T05:30:00+00:00\" \/>\n<meta property=\"og:image\" content=\"https:\/\/www.oidossucios.com\/site\/wp-content\/uploads\/2013\/05\/7314.jpg\" \/>\n\t<meta property=\"og:image:width\" content=\"350\" \/>\n\t<meta property=\"og:image:height\" content=\"300\" \/>\n<meta name=\"twitter:card\" content=\"summary_large_image\" \/>\n<meta name=\"twitter:creator\" content=\"@oidossucios\" \/>\n<script type=\"application\/ld+json\" class=\"yoast-schema-graph\">{\"@context\":\"https:\/\/schema.org\",\"@graph\":[{\"@type\":\"WebSite\",\"@id\":\"https:\/\/www.oidossucios.com\/site\/#website\",\"url\":\"https:\/\/www.oidossucios.com\/site\/\",\"name\":\"OidosSucios.Com\",\"description\":\"M\\u00fasica, conciertos, discos\",\"potentialAction\":[{\"@type\":\"SearchAction\",\"target\":\"https:\/\/www.oidossucios.com\/site\/?s={search_term_string}\",\"query-input\":\"required name=search_term_string\"}],\"inLanguage\":\"es\"},{\"@type\":\"ImageObject\",\"@id\":\"https:\/\/www.oidossucios.com\/site\/seleccionados-los-participantes-a-los-circuitos-nuevas-bandas-2013\/#primaryimage\",\"inLanguage\":\"es\",\"url\":\"https:\/\/www.oidossucios.com\/site\/wp-content\/uploads\/2013\/05\/7314.jpg\",\"width\":350,\"height\":300},{\"@type\":\"WebPage\",\"@id\":\"https:\/\/www.oidossucios.com\/site\/seleccionados-los-participantes-a-los-circuitos-nuevas-bandas-2013\/#webpage\",\"url\":\"https:\/\/www.oidossucios.com\/site\/seleccionados-los-participantes-a-los-circuitos-nuevas-bandas-2013\/\",\"name\":\"Seleccionados los participantes a los Circuitos Nuevas Bandas 2013 - OidosSucios.Com\",\"isPartOf\":{\"@id\":\"https:\/\/www.oidossucios.com\/site\/#website\"},\"primaryImageOfPage\":{\"@id\":\"https:\/\/www.oidossucios.com\/site\/seleccionados-los-participantes-a-los-circuitos-nuevas-bandas-2013\/#primaryimage\"},\"datePublished\":\"2013-05-27T05:30:00+00:00\",\"dateModified\":\"2013-05-27T05:30:00+00:00\",\"author\":{\"@id\":\"https:\/\/www.oidossucios.com\/site\/#\/schema\/person\/24559eeb76bf83a63296fb072393a688\"},\"description\":\"La Fundaci\\u00f3n Nuevas Bandas y EBG Entertainment Business Group, anunciaron el inicio del Circuito Nacional Nuevas Bandas a partir del pr\\u00f3ximo viernes 31 de mayo hasta el s\\u00e1bado 15 de junio por diferentes ciudades del pa\\u00eds.\",\"inLanguage\":\"es\",\"potentialAction\":[{\"@type\":\"ReadAction\",\"target\":[\"https:\/\/www.oidossucios.com\/site\/seleccionados-los-participantes-a-los-circuitos-nuevas-bandas-2013\/\"]}]},{\"@type\":[\"Person\"],\"@id\":\"https:\/\/www.oidossucios.com\/site\/#\/schema\/person\/24559eeb76bf83a63296fb072393a688\",\"name\":\"Oidossucios\",\"image\":{\"@type\":\"ImageObject\",\"@id\":\"https:\/\/www.oidossucios.com\/site\/#personlogo\",\"inLanguage\":\"es\",\"url\":\"https:\/\/secure.gravatar.com\/avatar\/74fcb480f42f1a33e50a0b6e6369a3f907be2e43dc84fa5f76c66e9c22b4a5ab?s=96&d=mm&r=g\",\"caption\":\"Oidossucios\"},\"sameAs\":[\"https:\/\/twitter.com\/oidossucios\"]}]}<\/script>\n<!-- \/ Yoast SEO plugin. -->","jetpack_sharing_enabled":true,"_links":{"self":[{"href":"https:\/\/www.oidossucios.com\/site\/wp-json\/wp\/v2\/posts\/7314","targetHints":{"allow":["GET"]}}],"collection":[{"href":"https:\/\/www.oidossucios.com\/site\/wp-json\/wp\/v2\/posts"}],"about":[{"href":"https:\/\/www.oidossucios.com\/site\/wp-json\/wp\/v2\/types\/post"}],"author":[{"embeddable":true,"href":"https:\/\/www.oidossucios.com\/site\/wp-json\/wp\/v2\/users\/4"}],"replies":[{"embeddable":true,"href":"https:\/\/www.oidossucios.com\/site\/wp-json\/wp\/v2\/comments?post=7314"}],"version-history":[{"count":0,"href":"https:\/\/www.oidossucios.com\/site\/wp-json\/wp\/v2\/posts\/7314\/revisions"}],"wp:featuredmedia":[{"embeddable":true,"href":"https:\/\/www.oidossucios.com\/site\/wp-json\/wp\/v2\/media\/100007314"}],"wp:attachment":[{"href":"https:\/\/www.oidossucios.com\/site\/wp-json\/wp\/v2\/media?parent=7314"}],"wp:term":[{"taxonomy":"category","embeddable":true,"href":"https:\/\/www.oidossucios.com\/site\/wp-json\/wp\/v2\/categories?post=7314"},{"taxonomy":"post_tag","embeddable":true,"href":"https:\/\/www.oidossucios.com\/site\/wp-json\/wp\/v2\/tags?post=7314"}],"curies":[{"name":"wp","href":"https:\/\/api.w.org\/{rel}","templated":true}]}}