{"id":7315,"date":"2013-05-27T17:58:00","date_gmt":"2013-05-27T17:58:00","guid":{"rendered":"https:\/\/www.oidossucios.com\/site\/2013\/05\/27\/miembros-de-stone-temple-pilots-demandan-a-scott-weiland\/"},"modified":"2013-05-27T17:58:00","modified_gmt":"2013-05-27T17:58:00","slug":"miembros-de-stone-temple-pilots-demandan-a-scott-weiland","status":"publish","type":"post","link":"https:\/\/www.oidossucios.com\/site\/miembros-de-stone-temple-pilots-demandan-a-scott-weiland\/","title":{"rendered":"Miembros de Stone Temple Pilots demandan a Scott Weiland"},"content":{"rendered":"<p>Por <\/p>\n<p>Hoy, <a href=\"http:\/\/oidossucios.com\/noticias\/7277\/chester-bennington-de-linkin-park-es-el\/\">hace una semana<\/a>, Dean DeLeo, Robert DeLeo y Eric Kretz ofrecieron una presentaci\u00f3n para Weenie Roast, de la estaci\u00f3n KROQ, como Stone Temple Pilots, s\u00f3lo que sin Scott Weiland en las vocales, sino con Chester Bennington, miembro de Linkin Park. Acto seguido, el nuevo integrante de la banda confirm\u00f3 su adici\u00f3n permanente &#8220;para hacer m\u00e1s m\u00fasica, salir a tocar m\u00e1s shows y divertirse.&#8221;<\/p>\n<p>Como respuesta, el miembro fundador y frontman de la banda escribi\u00f3 una carta a sus fans, a trav\u00e9s de su p\u00e1gina en Facebook, en la que asegur\u00f3: &#8220;A decir verdad, me tom\u00f3 por sorpresa. Y me doli\u00f3. Sin embargo, la banda que toc\u00f3 la semana pasada no fue Stone Temple Pilots y fue un error de su parte presentarse a s\u00ed mismos como tal.&#8221;<\/p>\n<p>Ahora, los miembros del grupo han demandado a Weiland acus\u00e1ndolo de hacer &#8220;mal uso del nombre de la banda para seguir con su carrera solista&#8221;, toda vez que se establecieron acuerdos en 1996 y 2010 de que &#8220;ning\u00fan exmiembro puede utilizar el nombre de Stone Temple Pilots&#8221;, de acuerdo con Billboard. Otras de las acusaciones se\u00f1alan al cantante como el responsable de que la banda perdiera &#8220;oportunidades importantes&#8221; por sus adicciones y de interferir con la transmisi\u00f3n de su nuevo sencillo con Bennington, &#8220;Out Of Time&#8221;, en KROQ.<\/p>\n<p>Esta es el escrito completo que Scott Weiland public\u00f3, en espera de saber en qu\u00e9 termina este lamentable proceso legal:<i><\/p>\n<p>&#8220;Una carta a mis fans:<\/i><i><\/p>\n<p>Como todos all\u00e1 afuera, le\u00ed sobre mi banda, Stone Temple Pilots, y su reciente actuaci\u00f3n el pasado fin de semana con un nuevo cantante. A decir verdad, me tom\u00f3 por sorpresa. Y me doli\u00f3.<\/i><i><\/p>\n<p>Sin embargo, la banda que toc\u00f3 la semana pasada no fue Stone Temple Pilots y fue un error de su parte presentarse a s\u00ed mismos como tal.<\/i><i><\/p>\n<p>Primero que nada, ellos no tienen el derecho legal de llamarse STP, porque yo a\u00fan soy miembro de la banda. Y m\u00e1s importante, ellos no tienen el derecho \u00e9tico de llamarse Stone Temple Pilots porque es enga\u00f1oso y deshonesto para millones de fans que nos han seguido por tantos a\u00f1os.<\/i><i><\/p>\n<p>Cuando salgo de gira por mi cuenta nunca es como Stone Temple Pilots, es como Scott Weiland. Los fans merecen saber qu\u00e9 es lo que ver\u00e1n.<\/i><i><\/p>\n<p>Como cualquier otra banda que entiende la prueba del tiempo y hacer m\u00fasica por m\u00e1s de dos d\u00e9cadas, STP tiene una qu\u00edmica especial -los cuatro juntos somos m\u00e1s geniales que cualquiera de nosotros en individual-. As\u00ed que si mis excompa\u00f1eros quieren salir de gira con un nuevo cantante, est\u00e1n en su derecho.<\/i><i><\/p>\n<p>Me importa un carajo c\u00f3mo se llamen a s\u00ed mismos, pero no son Stone Temple Pilots. Y les digo a ustedes, nuestros fans: los ver\u00e9 en la gira este verano como yo &#8220;Scott Weiland&#8221;, con mi banda The Wildabouts, pero no renuncio a STP. S\u00e9 que no lo he hecho.<\/i><i><\/p>\n<p>~ Scot&#8221;<\/i><\/p>\n<p>Fuente: www.warp.la<![endif]--><!--[if gte mso 10]> <\/style>\n\n <![endif]--><!--nextpage--><img decoding=\"async\" class=\"aligncenter size-medium wp-image-111116719\" src=\"https:\/\/www.oidossucios.com\/site\/wp-content\/uploads\/2020\/02\/6719.jpg\" alt=\"Miembros de Stone Temple Pilots demandan a Scott Weiland\"  \/><a href='https:\/\/www.oidossucios.com\/site\/miembros-de-stone-temple-pilots-demandan-a-scott-weiland\/2\/'\n                        onclick='if (tpsInstance) { tpsInstance.setNext(); return false; }'\n                        rel='next'\n                        style=''\n                        class=''>Ver galer\u00eda<\/a>]]><\/p>\n","protected":false},"excerpt":{"rendered":"<p>Los miembros de la reformada banda han demandado a Weiland acus\u00e1ndolo de hacer &#8220;mal uso del nombre de la banda para seguir con su carrera solista&#8221;.<\/p>\n","protected":false},"author":4,"featured_media":100007315,"comment_status":"open","ping_status":"open","sticky":false,"template":"","format":"standard","meta":{"_jetpack_memberships_contains_paid_content":false,"footnotes":""},"categories":[685],"tags":[],"class_list":["post-7315","post","type-post","status-publish","format-standard","has-post-thumbnail","hentry","category-ultima"],"jetpack_featured_media_url":"https:\/\/www.oidossucios.com\/site\/wp-content\/uploads\/2013\/05\/7315.jpg","yoast_head":"<!-- This site is optimized with the Yoast SEO plugin v14.0.4 - https:\/\/yoast.com\/wordpress\/plugins\/seo\/ -->\n<title>Miembros de Stone Temple Pilots demandan a Scott Weiland - OidosSucios.Com<\/title>\n<meta name=\"description\" content=\"Los miembros de la reformada banda han demandado a Weiland acus\u00e1ndolo de hacer &quot;mal uso del nombre de la banda para seguir con su carrera solista&quot;.\" \/>\n<meta name=\"robots\" content=\"index, follow\" \/>\n<meta name=\"googlebot\" content=\"index, follow, max-snippet:-1, max-image-preview:large, max-video-preview:-1\" \/>\n<meta name=\"bingbot\" content=\"index, follow, max-snippet:-1, max-image-preview:large, max-video-preview:-1\" \/>\n<link rel=\"canonical\" href=\"https:\/\/www.oidossucios.com\/site\/miembros-de-stone-temple-pilots-demandan-a-scott-weiland\/\" \/>\n<link rel=\"next\" href=\"https:\/\/www.oidossucios.com\/site\/miembros-de-stone-temple-pilots-demandan-a-scott-weiland\/2\/\" \/>\n<meta property=\"og:locale\" content=\"es_ES\" \/>\n<meta property=\"og:type\" content=\"article\" \/>\n<meta property=\"og:title\" content=\"Miembros de Stone Temple Pilots demandan a Scott Weiland - OidosSucios.Com\" \/>\n<meta property=\"og:description\" content=\"Los miembros de la reformada banda han demandado a Weiland acus\u00e1ndolo de hacer &quot;mal uso del nombre de la banda para seguir con su carrera solista&quot;.\" \/>\n<meta property=\"og:url\" content=\"https:\/\/www.oidossucios.com\/site\/miembros-de-stone-temple-pilots-demandan-a-scott-weiland\/\" \/>\n<meta property=\"og:site_name\" content=\"OidosSucios.Com\" \/>\n<meta property=\"article:published_time\" content=\"2013-05-27T17:58:00+00:00\" \/>\n<meta property=\"og:image\" content=\"https:\/\/www.oidossucios.com\/site\/wp-content\/uploads\/2013\/05\/7315.jpg\" \/>\n\t<meta property=\"og:image:width\" content=\"350\" \/>\n\t<meta property=\"og:image:height\" content=\"300\" \/>\n<meta name=\"twitter:card\" content=\"summary_large_image\" \/>\n<meta name=\"twitter:creator\" content=\"@oidossucios\" \/>\n<script type=\"application\/ld+json\" class=\"yoast-schema-graph\">{\"@context\":\"https:\/\/schema.org\",\"@graph\":[{\"@type\":\"WebSite\",\"@id\":\"https:\/\/www.oidossucios.com\/site\/#website\",\"url\":\"https:\/\/www.oidossucios.com\/site\/\",\"name\":\"OidosSucios.Com\",\"description\":\"M\\u00fasica, conciertos, discos\",\"potentialAction\":[{\"@type\":\"SearchAction\",\"target\":\"https:\/\/www.oidossucios.com\/site\/?s={search_term_string}\",\"query-input\":\"required name=search_term_string\"}],\"inLanguage\":\"es\"},{\"@type\":\"ImageObject\",\"@id\":\"https:\/\/www.oidossucios.com\/site\/miembros-de-stone-temple-pilots-demandan-a-scott-weiland\/#primaryimage\",\"inLanguage\":\"es\",\"url\":\"https:\/\/www.oidossucios.com\/site\/wp-content\/uploads\/2013\/05\/7315.jpg\",\"width\":350,\"height\":300},{\"@type\":\"WebPage\",\"@id\":\"https:\/\/www.oidossucios.com\/site\/miembros-de-stone-temple-pilots-demandan-a-scott-weiland\/#webpage\",\"url\":\"https:\/\/www.oidossucios.com\/site\/miembros-de-stone-temple-pilots-demandan-a-scott-weiland\/\",\"name\":\"Miembros de Stone Temple Pilots demandan a Scott Weiland - OidosSucios.Com\",\"isPartOf\":{\"@id\":\"https:\/\/www.oidossucios.com\/site\/#website\"},\"primaryImageOfPage\":{\"@id\":\"https:\/\/www.oidossucios.com\/site\/miembros-de-stone-temple-pilots-demandan-a-scott-weiland\/#primaryimage\"},\"datePublished\":\"2013-05-27T17:58:00+00:00\",\"dateModified\":\"2013-05-27T17:58:00+00:00\",\"author\":{\"@id\":\"https:\/\/www.oidossucios.com\/site\/#\/schema\/person\/24559eeb76bf83a63296fb072393a688\"},\"description\":\"Los miembros de la reformada banda han demandado a Weiland acus\\u00e1ndolo de hacer \\\"mal uso del nombre de la banda para seguir con su carrera solista\\\".\",\"inLanguage\":\"es\",\"potentialAction\":[{\"@type\":\"ReadAction\",\"target\":[\"https:\/\/www.oidossucios.com\/site\/miembros-de-stone-temple-pilots-demandan-a-scott-weiland\/\"]}]},{\"@type\":[\"Person\"],\"@id\":\"https:\/\/www.oidossucios.com\/site\/#\/schema\/person\/24559eeb76bf83a63296fb072393a688\",\"name\":\"Oidossucios\",\"image\":{\"@type\":\"ImageObject\",\"@id\":\"https:\/\/www.oidossucios.com\/site\/#personlogo\",\"inLanguage\":\"es\",\"url\":\"https:\/\/secure.gravatar.com\/avatar\/74fcb480f42f1a33e50a0b6e6369a3f907be2e43dc84fa5f76c66e9c22b4a5ab?s=96&d=mm&r=g\",\"caption\":\"Oidossucios\"},\"sameAs\":[\"https:\/\/twitter.com\/oidossucios\"]}]}<\/script>\n<!-- \/ Yoast SEO plugin. -->","jetpack_sharing_enabled":true,"_links":{"self":[{"href":"https:\/\/www.oidossucios.com\/site\/wp-json\/wp\/v2\/posts\/7315","targetHints":{"allow":["GET"]}}],"collection":[{"href":"https:\/\/www.oidossucios.com\/site\/wp-json\/wp\/v2\/posts"}],"about":[{"href":"https:\/\/www.oidossucios.com\/site\/wp-json\/wp\/v2\/types\/post"}],"author":[{"embeddable":true,"href":"https:\/\/www.oidossucios.com\/site\/wp-json\/wp\/v2\/users\/4"}],"replies":[{"embeddable":true,"href":"https:\/\/www.oidossucios.com\/site\/wp-json\/wp\/v2\/comments?post=7315"}],"version-history":[{"count":0,"href":"https:\/\/www.oidossucios.com\/site\/wp-json\/wp\/v2\/posts\/7315\/revisions"}],"wp:featuredmedia":[{"embeddable":true,"href":"https:\/\/www.oidossucios.com\/site\/wp-json\/wp\/v2\/media\/100007315"}],"wp:attachment":[{"href":"https:\/\/www.oidossucios.com\/site\/wp-json\/wp\/v2\/media?parent=7315"}],"wp:term":[{"taxonomy":"category","embeddable":true,"href":"https:\/\/www.oidossucios.com\/site\/wp-json\/wp\/v2\/categories?post=7315"},{"taxonomy":"post_tag","embeddable":true,"href":"https:\/\/www.oidossucios.com\/site\/wp-json\/wp\/v2\/tags?post=7315"}],"curies":[{"name":"wp","href":"https:\/\/api.w.org\/{rel}","templated":true}]}}