{"id":7317,"date":"2013-05-27T18:28:00","date_gmt":"2013-05-27T18:28:00","guid":{"rendered":"https:\/\/www.oidossucios.com\/site\/2013\/05\/27\/doble-tanda-de-la-ultima-thule-en-la-quinta-bar\/"},"modified":"2013-05-27T18:28:00","modified_gmt":"2013-05-27T18:28:00","slug":"doble-tanda-de-la-ultima-thule-en-la-quinta-bar","status":"publish","type":"post","link":"https:\/\/www.oidossucios.com\/site\/doble-tanda-de-la-ultima-thule-en-la-quinta-bar\/","title":{"rendered":"Doble tanda de La \u00daltima Thule en La Quinta Bar"},"content":{"rendered":"<p><![endif]-->Cerrando el primer cap\u00edtulo de su recorrido musical, la agrupaci\u00f3n caraque\u00f1a La \u00daltima Thule se presenta el pr\u00f3ximo 06 de junio en La Quinta Bar para grabar su primer disco en vivo y&nbsp;filmaci\u00f3n&nbsp;de un DVD; mientras,&nbsp;el viernes 07 de junio vuelven a pisar las instalaciones del local pero esta vez como participantes del primer circuito del Festival Nuevas Bandas 2013 en la ciudad capital.<\/p>\n<p>El primer d\u00eda, la banda no solo dar\u00e1 un&nbsp;abrebocas&nbsp;de lo que ser\u00e1 su pr\u00f3xima&nbsp;producci\u00f3n discogr\u00e1fica,&nbsp;estrenando amplia gama de sus nuevos temas, sino que&nbsp;tambi\u00e9n&nbsp;tendr\u00e1n en tarima la compa\u00f1\u00eda de varios invitados especiales.<\/p>\n<p>Sergio Cabeza (voz\/guitarra), Gustavo Mujica (voz\/guitarra), Roberto Dell (guitarra\/coros), Alexis Gonz\u00e1lez (bajo), y David Molina (bater\u00eda) con su indie-rock fusionado con ritmos latinos tambi\u00e9n&nbsp; estar\u00e1n&nbsp;en las instalaciones del local el&nbsp;d\u00eda&nbsp;viernes 07 de junio. Esta vez, como concursantes del primer circuito de Caracas del&nbsp;Fundaci\u00f3n&nbsp;Nuevas Bandas, donde buscaran su&nbsp;clasificaci\u00f3n&nbsp;para la gran final a llevarse a cabo el&nbsp;pr\u00f3ximo&nbsp;13 y 14 de Julio en el estacionamiento de El Nacional.<\/p>\n<p>La cita es en La Quinta Bar en las Mercedes, el pr\u00f3ximo 06 de junio, a partir de las 9:00 p.m y con un cover de 50 bsf que incluye una casi segura aparici\u00f3n en el DVD que grabar\u00e1 la banda; y&nbsp; el viernes 07 de Junio, a las 9:00 p.m, para verlos nuevamente en uno de los festivales de mayor&nbsp;tradici\u00f3n&nbsp;en nuestro&nbsp;pa\u00eds&nbsp;como lo es el Festival Nuevas Bandas en su&nbsp;edici\u00f3n&nbsp;2013.<\/p>\n<p>M\u00e1s info:<br \/>Soundcloud:&nbsp;<a href=\"http:\/\/soundcloud.com\/laultimathule\">La \u00daltima Thule<\/a> <\/p>\n<p>Facebook: <a href=\"https:\/\/www.facebook.com\/LaUltimaThule\">La \u00daltima Thule<\/a><\/p>\n<p>Twitter: <a href=\"http:\/\/twitter.com\/laUltimaThule\">@LaUltimaThule<\/a><\/p>\n<p><!--[if gte mso 10]> <\/style>\n\n <![endif]--><\/p>\n","protected":false},"excerpt":{"rendered":"<p>Cerrando el primer cap\u00edtulo de su recorrido musical, la agrupaci\u00f3n caraque\u00f1a La \u00daltima Thule se presenta el pr\u00f3ximo 06 de junio en La Quinta Bar para grabar su primer disco en vivo y&nbsp;filmaci\u00f3n&nbsp;de un DVD; mientras,&nbsp;el viernes 07 de junio vuelven a pisar las instalaciones del local pero esta vez como participantes del primer circuito [&hellip;]<\/p>\n","protected":false},"author":4,"featured_media":100007317,"comment_status":"open","ping_status":"open","sticky":false,"template":"","format":"standard","meta":{"_jetpack_memberships_contains_paid_content":false,"footnotes":""},"categories":[142],"tags":[],"class_list":["post-7317","post","type-post","status-publish","format-standard","has-post-thumbnail","hentry","category-buzznews"],"jetpack_featured_media_url":"https:\/\/www.oidossucios.com\/site\/wp-content\/uploads\/2013\/05\/7317.jpg","yoast_head":"<!-- This site is optimized with the Yoast SEO plugin v14.0.4 - https:\/\/yoast.com\/wordpress\/plugins\/seo\/ -->\n<title>Doble tanda de La \u00daltima Thule en La Quinta Bar - OidosSucios.Com<\/title>\n<meta name=\"robots\" content=\"index, follow\" \/>\n<meta name=\"googlebot\" content=\"index, follow, max-snippet:-1, max-image-preview:large, max-video-preview:-1\" \/>\n<meta name=\"bingbot\" content=\"index, follow, max-snippet:-1, max-image-preview:large, max-video-preview:-1\" \/>\n<link rel=\"canonical\" href=\"https:\/\/www.oidossucios.com\/site\/doble-tanda-de-la-ultima-thule-en-la-quinta-bar\/\" \/>\n<meta property=\"og:locale\" content=\"es_ES\" \/>\n<meta property=\"og:type\" content=\"article\" \/>\n<meta property=\"og:title\" content=\"Doble tanda de La \u00daltima Thule en La Quinta Bar - OidosSucios.Com\" \/>\n<meta property=\"og:description\" content=\"Cerrando el primer cap\u00edtulo de su recorrido musical, la agrupaci\u00f3n caraque\u00f1a La \u00daltima Thule se presenta el pr\u00f3ximo 06 de junio en La Quinta Bar para grabar su primer disco en vivo y&nbsp;filmaci\u00f3n&nbsp;de un DVD; mientras,&nbsp;el viernes 07 de junio vuelven a pisar las instalaciones del local pero esta vez como participantes del primer circuito [&hellip;]\" \/>\n<meta property=\"og:url\" content=\"https:\/\/www.oidossucios.com\/site\/doble-tanda-de-la-ultima-thule-en-la-quinta-bar\/\" \/>\n<meta property=\"og:site_name\" content=\"OidosSucios.Com\" \/>\n<meta property=\"article:published_time\" content=\"2013-05-27T18:28:00+00:00\" \/>\n<meta property=\"og:image\" content=\"https:\/\/www.oidossucios.com\/site\/wp-content\/uploads\/2013\/05\/7317.jpg\" \/>\n\t<meta property=\"og:image:width\" content=\"350\" \/>\n\t<meta property=\"og:image:height\" content=\"300\" \/>\n<meta name=\"twitter:card\" content=\"summary_large_image\" \/>\n<meta name=\"twitter:creator\" content=\"@oidossucios\" \/>\n<script type=\"application\/ld+json\" class=\"yoast-schema-graph\">{\"@context\":\"https:\/\/schema.org\",\"@graph\":[{\"@type\":\"WebSite\",\"@id\":\"https:\/\/www.oidossucios.com\/site\/#website\",\"url\":\"https:\/\/www.oidossucios.com\/site\/\",\"name\":\"OidosSucios.Com\",\"description\":\"M\\u00fasica, conciertos, discos\",\"potentialAction\":[{\"@type\":\"SearchAction\",\"target\":\"https:\/\/www.oidossucios.com\/site\/?s={search_term_string}\",\"query-input\":\"required name=search_term_string\"}],\"inLanguage\":\"es\"},{\"@type\":\"ImageObject\",\"@id\":\"https:\/\/www.oidossucios.com\/site\/doble-tanda-de-la-ultima-thule-en-la-quinta-bar\/#primaryimage\",\"inLanguage\":\"es\",\"url\":\"https:\/\/www.oidossucios.com\/site\/wp-content\/uploads\/2013\/05\/7317.jpg\",\"width\":350,\"height\":300},{\"@type\":\"WebPage\",\"@id\":\"https:\/\/www.oidossucios.com\/site\/doble-tanda-de-la-ultima-thule-en-la-quinta-bar\/#webpage\",\"url\":\"https:\/\/www.oidossucios.com\/site\/doble-tanda-de-la-ultima-thule-en-la-quinta-bar\/\",\"name\":\"Doble tanda de La \\u00daltima Thule en La Quinta Bar - OidosSucios.Com\",\"isPartOf\":{\"@id\":\"https:\/\/www.oidossucios.com\/site\/#website\"},\"primaryImageOfPage\":{\"@id\":\"https:\/\/www.oidossucios.com\/site\/doble-tanda-de-la-ultima-thule-en-la-quinta-bar\/#primaryimage\"},\"datePublished\":\"2013-05-27T18:28:00+00:00\",\"dateModified\":\"2013-05-27T18:28:00+00:00\",\"author\":{\"@id\":\"https:\/\/www.oidossucios.com\/site\/#\/schema\/person\/24559eeb76bf83a63296fb072393a688\"},\"inLanguage\":\"es\",\"potentialAction\":[{\"@type\":\"ReadAction\",\"target\":[\"https:\/\/www.oidossucios.com\/site\/doble-tanda-de-la-ultima-thule-en-la-quinta-bar\/\"]}]},{\"@type\":[\"Person\"],\"@id\":\"https:\/\/www.oidossucios.com\/site\/#\/schema\/person\/24559eeb76bf83a63296fb072393a688\",\"name\":\"Oidossucios\",\"image\":{\"@type\":\"ImageObject\",\"@id\":\"https:\/\/www.oidossucios.com\/site\/#personlogo\",\"inLanguage\":\"es\",\"url\":\"https:\/\/secure.gravatar.com\/avatar\/74fcb480f42f1a33e50a0b6e6369a3f907be2e43dc84fa5f76c66e9c22b4a5ab?s=96&d=mm&r=g\",\"caption\":\"Oidossucios\"},\"sameAs\":[\"https:\/\/twitter.com\/oidossucios\"]}]}<\/script>\n<!-- \/ Yoast SEO plugin. -->","jetpack_sharing_enabled":true,"_links":{"self":[{"href":"https:\/\/www.oidossucios.com\/site\/wp-json\/wp\/v2\/posts\/7317","targetHints":{"allow":["GET"]}}],"collection":[{"href":"https:\/\/www.oidossucios.com\/site\/wp-json\/wp\/v2\/posts"}],"about":[{"href":"https:\/\/www.oidossucios.com\/site\/wp-json\/wp\/v2\/types\/post"}],"author":[{"embeddable":true,"href":"https:\/\/www.oidossucios.com\/site\/wp-json\/wp\/v2\/users\/4"}],"replies":[{"embeddable":true,"href":"https:\/\/www.oidossucios.com\/site\/wp-json\/wp\/v2\/comments?post=7317"}],"version-history":[{"count":0,"href":"https:\/\/www.oidossucios.com\/site\/wp-json\/wp\/v2\/posts\/7317\/revisions"}],"wp:featuredmedia":[{"embeddable":true,"href":"https:\/\/www.oidossucios.com\/site\/wp-json\/wp\/v2\/media\/100007317"}],"wp:attachment":[{"href":"https:\/\/www.oidossucios.com\/site\/wp-json\/wp\/v2\/media?parent=7317"}],"wp:term":[{"taxonomy":"category","embeddable":true,"href":"https:\/\/www.oidossucios.com\/site\/wp-json\/wp\/v2\/categories?post=7317"},{"taxonomy":"post_tag","embeddable":true,"href":"https:\/\/www.oidossucios.com\/site\/wp-json\/wp\/v2\/tags?post=7317"}],"curies":[{"name":"wp","href":"https:\/\/api.w.org\/{rel}","templated":true}]}}