{"id":7318,"date":"2013-05-27T18:55:00","date_gmt":"2013-05-27T18:55:00","guid":{"rendered":"https:\/\/www.oidossucios.com\/site\/2013\/05\/27\/iggy-pop-no-soy-fanatico-del-punk\/"},"modified":"2013-05-27T18:55:00","modified_gmt":"2013-05-27T18:55:00","slug":"iggy-pop-no-soy-fanatico-del-punk","status":"publish","type":"post","link":"https:\/\/www.oidossucios.com\/site\/iggy-pop-no-soy-fanatico-del-punk\/","title":{"rendered":"Iggy Pop: &#8220;No soy fan\u00e1tico del punk&#8221;"},"content":{"rendered":"<p>&#8220;No soy fan\u00e1tico del punk&#8221;. \u00bfQui\u00e9n dijo esto? Nada m\u00e1s y nada menos que Iggy Pop, uno de los padres del g\u00e9nero que en los 70 explot\u00f3 de la mano de los Sex Pistols, The Clash y los Ramones. Al parecer el l\u00edder de los Stooges no se siente c\u00f3modo con ese mote y cree que se torna un poco tedioso tener que responder siempre a ese cat\u00e1logo.<\/p>\n<p>&#8220;Tuvieron que buscar un lugar donde ponerme como referencia y despu\u00e9s tienen que andar explic\u00e1ndole a la gente porqu\u00e9 es que estoy en esa posici\u00f3n. Entonces el resultado es \u00e9se\u0085 Est\u00e1 bien, pero se pone algo tedioso&#8221; explic\u00f3 el legendario m\u00fasico en una entrevista con la revista Classic Rock.<\/p>\n<p>El problema de la Iguana empez\u00f3 cuando en una radio estadounidense se le pregunt\u00f3 por sus 5 canciones punks preferidas. Iggy Pop reaccion\u00f3 de una manera impensada: &#8220;No lo s\u00e9 porque no soy fan\u00e1tico del punk&#8221;.<\/p>\n<p>No sabemos realmente si el gran Iggy Pop es o no un amante del punk. Lo que es seguro es que si lo cruzamos en alg\u00fan lado es mejor no desatar su ira y no presentarlo como el padre del g\u00e9nero.<\/p>\n<p>Fuente: www.fmrockandpop.com<![endif]--><!--[if gte mso 10]> <\/style>\n\n <![endif]--><\/p>\n","protected":false},"excerpt":{"rendered":"<p>&#8220;No soy fan\u00e1tico del punk&#8221;. \u00bfQui\u00e9n dijo esto? Nada m\u00e1s y nada menos que Iggy Pop, uno de los padres del g\u00e9nero que en los 70 explot\u00f3 de la mano de los Sex Pistols, The Clash y los Ramones. Al parecer el l\u00edder de los Stooges no se siente c\u00f3modo con ese mote y cree [&hellip;]<\/p>\n","protected":false},"author":4,"featured_media":100007318,"comment_status":"open","ping_status":"open","sticky":false,"template":"","format":"standard","meta":{"_jetpack_memberships_contains_paid_content":false,"footnotes":""},"categories":[142],"tags":[],"class_list":["post-7318","post","type-post","status-publish","format-standard","has-post-thumbnail","hentry","category-buzznews"],"jetpack_featured_media_url":"https:\/\/www.oidossucios.com\/site\/wp-content\/uploads\/2013\/05\/7318.jpg","yoast_head":"<!-- This site is optimized with the Yoast SEO plugin v14.0.4 - https:\/\/yoast.com\/wordpress\/plugins\/seo\/ -->\n<title>Iggy Pop: &quot;No soy fan\u00e1tico del punk&quot; - OidosSucios.Com<\/title>\n<meta name=\"robots\" content=\"index, follow\" \/>\n<meta name=\"googlebot\" content=\"index, follow, max-snippet:-1, max-image-preview:large, max-video-preview:-1\" \/>\n<meta name=\"bingbot\" content=\"index, follow, max-snippet:-1, max-image-preview:large, max-video-preview:-1\" \/>\n<link rel=\"canonical\" href=\"https:\/\/www.oidossucios.com\/site\/iggy-pop-no-soy-fanatico-del-punk\/\" \/>\n<meta property=\"og:locale\" content=\"es_ES\" \/>\n<meta property=\"og:type\" content=\"article\" \/>\n<meta property=\"og:title\" content=\"Iggy Pop: &quot;No soy fan\u00e1tico del punk&quot; - OidosSucios.Com\" \/>\n<meta property=\"og:description\" content=\"&#8220;No soy fan\u00e1tico del punk&#8221;. \u00bfQui\u00e9n dijo esto? Nada m\u00e1s y nada menos que Iggy Pop, uno de los padres del g\u00e9nero que en los 70 explot\u00f3 de la mano de los Sex Pistols, The Clash y los Ramones. Al parecer el l\u00edder de los Stooges no se siente c\u00f3modo con ese mote y cree [&hellip;]\" \/>\n<meta property=\"og:url\" content=\"https:\/\/www.oidossucios.com\/site\/iggy-pop-no-soy-fanatico-del-punk\/\" \/>\n<meta property=\"og:site_name\" content=\"OidosSucios.Com\" \/>\n<meta property=\"article:published_time\" content=\"2013-05-27T18:55:00+00:00\" \/>\n<meta property=\"og:image\" content=\"https:\/\/www.oidossucios.com\/site\/wp-content\/uploads\/2013\/05\/7318.jpg\" \/>\n\t<meta property=\"og:image:width\" content=\"350\" \/>\n\t<meta property=\"og:image:height\" content=\"300\" \/>\n<meta name=\"twitter:card\" content=\"summary_large_image\" \/>\n<meta name=\"twitter:creator\" content=\"@oidossucios\" \/>\n<script type=\"application\/ld+json\" class=\"yoast-schema-graph\">{\"@context\":\"https:\/\/schema.org\",\"@graph\":[{\"@type\":\"WebSite\",\"@id\":\"https:\/\/www.oidossucios.com\/site\/#website\",\"url\":\"https:\/\/www.oidossucios.com\/site\/\",\"name\":\"OidosSucios.Com\",\"description\":\"M\\u00fasica, conciertos, discos\",\"potentialAction\":[{\"@type\":\"SearchAction\",\"target\":\"https:\/\/www.oidossucios.com\/site\/?s={search_term_string}\",\"query-input\":\"required name=search_term_string\"}],\"inLanguage\":\"es\"},{\"@type\":\"ImageObject\",\"@id\":\"https:\/\/www.oidossucios.com\/site\/iggy-pop-no-soy-fanatico-del-punk\/#primaryimage\",\"inLanguage\":\"es\",\"url\":\"https:\/\/www.oidossucios.com\/site\/wp-content\/uploads\/2013\/05\/7318.jpg\",\"width\":350,\"height\":300},{\"@type\":\"WebPage\",\"@id\":\"https:\/\/www.oidossucios.com\/site\/iggy-pop-no-soy-fanatico-del-punk\/#webpage\",\"url\":\"https:\/\/www.oidossucios.com\/site\/iggy-pop-no-soy-fanatico-del-punk\/\",\"name\":\"Iggy Pop: \\\"No soy fan\\u00e1tico del punk\\\" - OidosSucios.Com\",\"isPartOf\":{\"@id\":\"https:\/\/www.oidossucios.com\/site\/#website\"},\"primaryImageOfPage\":{\"@id\":\"https:\/\/www.oidossucios.com\/site\/iggy-pop-no-soy-fanatico-del-punk\/#primaryimage\"},\"datePublished\":\"2013-05-27T18:55:00+00:00\",\"dateModified\":\"2013-05-27T18:55:00+00:00\",\"author\":{\"@id\":\"https:\/\/www.oidossucios.com\/site\/#\/schema\/person\/24559eeb76bf83a63296fb072393a688\"},\"inLanguage\":\"es\",\"potentialAction\":[{\"@type\":\"ReadAction\",\"target\":[\"https:\/\/www.oidossucios.com\/site\/iggy-pop-no-soy-fanatico-del-punk\/\"]}]},{\"@type\":[\"Person\"],\"@id\":\"https:\/\/www.oidossucios.com\/site\/#\/schema\/person\/24559eeb76bf83a63296fb072393a688\",\"name\":\"Oidossucios\",\"image\":{\"@type\":\"ImageObject\",\"@id\":\"https:\/\/www.oidossucios.com\/site\/#personlogo\",\"inLanguage\":\"es\",\"url\":\"https:\/\/secure.gravatar.com\/avatar\/74fcb480f42f1a33e50a0b6e6369a3f907be2e43dc84fa5f76c66e9c22b4a5ab?s=96&d=mm&r=g\",\"caption\":\"Oidossucios\"},\"sameAs\":[\"https:\/\/twitter.com\/oidossucios\"]}]}<\/script>\n<!-- \/ Yoast SEO plugin. -->","jetpack_sharing_enabled":true,"_links":{"self":[{"href":"https:\/\/www.oidossucios.com\/site\/wp-json\/wp\/v2\/posts\/7318","targetHints":{"allow":["GET"]}}],"collection":[{"href":"https:\/\/www.oidossucios.com\/site\/wp-json\/wp\/v2\/posts"}],"about":[{"href":"https:\/\/www.oidossucios.com\/site\/wp-json\/wp\/v2\/types\/post"}],"author":[{"embeddable":true,"href":"https:\/\/www.oidossucios.com\/site\/wp-json\/wp\/v2\/users\/4"}],"replies":[{"embeddable":true,"href":"https:\/\/www.oidossucios.com\/site\/wp-json\/wp\/v2\/comments?post=7318"}],"version-history":[{"count":0,"href":"https:\/\/www.oidossucios.com\/site\/wp-json\/wp\/v2\/posts\/7318\/revisions"}],"wp:featuredmedia":[{"embeddable":true,"href":"https:\/\/www.oidossucios.com\/site\/wp-json\/wp\/v2\/media\/100007318"}],"wp:attachment":[{"href":"https:\/\/www.oidossucios.com\/site\/wp-json\/wp\/v2\/media?parent=7318"}],"wp:term":[{"taxonomy":"category","embeddable":true,"href":"https:\/\/www.oidossucios.com\/site\/wp-json\/wp\/v2\/categories?post=7318"},{"taxonomy":"post_tag","embeddable":true,"href":"https:\/\/www.oidossucios.com\/site\/wp-json\/wp\/v2\/tags?post=7318"}],"curies":[{"name":"wp","href":"https:\/\/api.w.org\/{rel}","templated":true}]}}