{"id":7324,"date":"2013-05-28T18:12:00","date_gmt":"2013-05-28T18:12:00","guid":{"rendered":"https:\/\/www.oidossucios.com\/site\/2013\/05\/28\/damon-albarn-blur-gorillaz-etc-revela-que-lanzara-su-primer-album-solista\/"},"modified":"2013-05-28T18:12:00","modified_gmt":"2013-05-28T18:12:00","slug":"damon-albarn-blur-gorillaz-etc-revela-que-lanzara-su-primer-album-solista","status":"publish","type":"post","link":"https:\/\/www.oidossucios.com\/site\/damon-albarn-blur-gorillaz-etc-revela-que-lanzara-su-primer-album-solista\/","title":{"rendered":"Damon Albarn (Blur, Gorillaz, etc) revela que lanzar\u00e1 su primer \u00e1lbum solista"},"content":{"rendered":"<p>Previo a su presentaci\u00f3n en la edici\u00f3n 2013 de Coachella, Damon Albarn ofreci\u00f3 una entrevista a Rolling Stone que reci\u00e9n se public\u00f3; en ella Albarn revel\u00f3 c\u00f3mo fue trabajar con Bobby Womack, platic\u00f3 de su \u00f3pera, &#8220;Monkey: Journey to the West&#8221; y de su primer \u00e1lbum como solista que ser\u00e1 editado por XL Records, adem\u00e1s de que planea una gira por su cuenta para promocionar este material.<\/p>\n<p>Pero Albarn nos tiene acostumbrados a mantenerse activo en la mayor\u00eda de sus proyectos, as\u00ed que tambi\u00e9n podr\u00edamos esperar nueva m\u00fasica de Blur: &#8220;Tenemos un par de ocasiones que estaremos en medio de la nada, as\u00ed que podr\u00edamos hacer un nuevo \u00e1lbum en una semana. Si podemos, ser\u00eda grandioso&#8221;, dijo Albarn al referirse a la gira de Blur durante el verano.<\/p>\n<p>La entrevista se extiende, profundizando en el por qu\u00e9 Gorillaz es m\u00e1s exitoso que Blur en EE.UU. y ah\u00ed revela sus planes de una gira como solista: &#8220;Oh, m\u00e1s grande, s\u00ed. Ser\u00eda grandioso tocar &#8220;Clint Eastwood&#8221; y &#8220;Feel Good Inc.&#8221; con Blur pero no puedo. Los dem\u00e1s no la quieren tocar conmigo [risas]. Pero acabo de terminar un disco solo \u0096 cuando salga de gira por eso, tocar\u00e9 de todas mis diferentes bandas&#8221;. Adem\u00e1s revel\u00f3 que lo grab\u00f3 junto a Richard Russell, con quien trabaj\u00f3 en el \u00e1lbum de Bobby Womack.<\/p>\n<p>Fuente: www.warp.la<![endif]--><!--[if gte mso 10]> <\/style>\n\n <![endif]--><\/p>\n","protected":false},"excerpt":{"rendered":"<p>Previo a su presentaci\u00f3n en la edici\u00f3n 2013 de Coachella, Damon Albarn ofreci\u00f3 una entrevista a Rolling Stone que reci\u00e9n se public\u00f3; en ella Albarn revel\u00f3 c\u00f3mo fue trabajar con Bobby Womack, platic\u00f3 de su \u00f3pera, &#8220;Monkey: Journey to the West&#8221; y de su primer \u00e1lbum como solista que ser\u00e1 editado por XL Records, adem\u00e1s [&hellip;]<\/p>\n","protected":false},"author":4,"featured_media":100007324,"comment_status":"open","ping_status":"open","sticky":false,"template":"","format":"standard","meta":{"_jetpack_memberships_contains_paid_content":false,"footnotes":""},"categories":[142],"tags":[],"class_list":["post-7324","post","type-post","status-publish","format-standard","has-post-thumbnail","hentry","category-buzznews"],"jetpack_featured_media_url":"https:\/\/www.oidossucios.com\/site\/wp-content\/uploads\/2013\/05\/7324.jpg","yoast_head":"<!-- This site is optimized with the Yoast SEO plugin v14.0.4 - https:\/\/yoast.com\/wordpress\/plugins\/seo\/ -->\n<title>Damon Albarn (Blur, Gorillaz, etc) revela que lanzar\u00e1 su primer \u00e1lbum solista - OidosSucios.Com<\/title>\n<meta name=\"robots\" content=\"index, follow\" \/>\n<meta name=\"googlebot\" content=\"index, follow, max-snippet:-1, max-image-preview:large, max-video-preview:-1\" \/>\n<meta name=\"bingbot\" content=\"index, follow, max-snippet:-1, max-image-preview:large, max-video-preview:-1\" \/>\n<link rel=\"canonical\" href=\"https:\/\/www.oidossucios.com\/site\/damon-albarn-blur-gorillaz-etc-revela-que-lanzara-su-primer-album-solista\/\" \/>\n<meta property=\"og:locale\" content=\"es_ES\" \/>\n<meta property=\"og:type\" content=\"article\" \/>\n<meta property=\"og:title\" content=\"Damon Albarn (Blur, Gorillaz, etc) revela que lanzar\u00e1 su primer \u00e1lbum solista - OidosSucios.Com\" \/>\n<meta property=\"og:description\" content=\"Previo a su presentaci\u00f3n en la edici\u00f3n 2013 de Coachella, Damon Albarn ofreci\u00f3 una entrevista a Rolling Stone que reci\u00e9n se public\u00f3; en ella Albarn revel\u00f3 c\u00f3mo fue trabajar con Bobby Womack, platic\u00f3 de su \u00f3pera, &#8220;Monkey: Journey to the West&#8221; y de su primer \u00e1lbum como solista que ser\u00e1 editado por XL Records, adem\u00e1s [&hellip;]\" \/>\n<meta property=\"og:url\" content=\"https:\/\/www.oidossucios.com\/site\/damon-albarn-blur-gorillaz-etc-revela-que-lanzara-su-primer-album-solista\/\" \/>\n<meta property=\"og:site_name\" content=\"OidosSucios.Com\" \/>\n<meta property=\"article:published_time\" content=\"2013-05-28T18:12:00+00:00\" \/>\n<meta property=\"og:image\" content=\"https:\/\/www.oidossucios.com\/site\/wp-content\/uploads\/2013\/05\/7324.jpg\" \/>\n\t<meta property=\"og:image:width\" content=\"350\" \/>\n\t<meta property=\"og:image:height\" content=\"300\" \/>\n<meta name=\"twitter:card\" content=\"summary_large_image\" \/>\n<meta name=\"twitter:creator\" content=\"@oidossucios\" \/>\n<script type=\"application\/ld+json\" class=\"yoast-schema-graph\">{\"@context\":\"https:\/\/schema.org\",\"@graph\":[{\"@type\":\"WebSite\",\"@id\":\"https:\/\/www.oidossucios.com\/site\/#website\",\"url\":\"https:\/\/www.oidossucios.com\/site\/\",\"name\":\"OidosSucios.Com\",\"description\":\"M\\u00fasica, conciertos, discos\",\"potentialAction\":[{\"@type\":\"SearchAction\",\"target\":\"https:\/\/www.oidossucios.com\/site\/?s={search_term_string}\",\"query-input\":\"required name=search_term_string\"}],\"inLanguage\":\"es\"},{\"@type\":\"ImageObject\",\"@id\":\"https:\/\/www.oidossucios.com\/site\/damon-albarn-blur-gorillaz-etc-revela-que-lanzara-su-primer-album-solista\/#primaryimage\",\"inLanguage\":\"es\",\"url\":\"https:\/\/www.oidossucios.com\/site\/wp-content\/uploads\/2013\/05\/7324.jpg\",\"width\":350,\"height\":300},{\"@type\":\"WebPage\",\"@id\":\"https:\/\/www.oidossucios.com\/site\/damon-albarn-blur-gorillaz-etc-revela-que-lanzara-su-primer-album-solista\/#webpage\",\"url\":\"https:\/\/www.oidossucios.com\/site\/damon-albarn-blur-gorillaz-etc-revela-que-lanzara-su-primer-album-solista\/\",\"name\":\"Damon Albarn (Blur, Gorillaz, etc) revela que lanzar\\u00e1 su primer \\u00e1lbum solista - OidosSucios.Com\",\"isPartOf\":{\"@id\":\"https:\/\/www.oidossucios.com\/site\/#website\"},\"primaryImageOfPage\":{\"@id\":\"https:\/\/www.oidossucios.com\/site\/damon-albarn-blur-gorillaz-etc-revela-que-lanzara-su-primer-album-solista\/#primaryimage\"},\"datePublished\":\"2013-05-28T18:12:00+00:00\",\"dateModified\":\"2013-05-28T18:12:00+00:00\",\"author\":{\"@id\":\"https:\/\/www.oidossucios.com\/site\/#\/schema\/person\/24559eeb76bf83a63296fb072393a688\"},\"inLanguage\":\"es\",\"potentialAction\":[{\"@type\":\"ReadAction\",\"target\":[\"https:\/\/www.oidossucios.com\/site\/damon-albarn-blur-gorillaz-etc-revela-que-lanzara-su-primer-album-solista\/\"]}]},{\"@type\":[\"Person\"],\"@id\":\"https:\/\/www.oidossucios.com\/site\/#\/schema\/person\/24559eeb76bf83a63296fb072393a688\",\"name\":\"Oidossucios\",\"image\":{\"@type\":\"ImageObject\",\"@id\":\"https:\/\/www.oidossucios.com\/site\/#personlogo\",\"inLanguage\":\"es\",\"url\":\"https:\/\/secure.gravatar.com\/avatar\/74fcb480f42f1a33e50a0b6e6369a3f907be2e43dc84fa5f76c66e9c22b4a5ab?s=96&d=mm&r=g\",\"caption\":\"Oidossucios\"},\"sameAs\":[\"https:\/\/twitter.com\/oidossucios\"]}]}<\/script>\n<!-- \/ Yoast SEO plugin. -->","jetpack_sharing_enabled":true,"_links":{"self":[{"href":"https:\/\/www.oidossucios.com\/site\/wp-json\/wp\/v2\/posts\/7324","targetHints":{"allow":["GET"]}}],"collection":[{"href":"https:\/\/www.oidossucios.com\/site\/wp-json\/wp\/v2\/posts"}],"about":[{"href":"https:\/\/www.oidossucios.com\/site\/wp-json\/wp\/v2\/types\/post"}],"author":[{"embeddable":true,"href":"https:\/\/www.oidossucios.com\/site\/wp-json\/wp\/v2\/users\/4"}],"replies":[{"embeddable":true,"href":"https:\/\/www.oidossucios.com\/site\/wp-json\/wp\/v2\/comments?post=7324"}],"version-history":[{"count":0,"href":"https:\/\/www.oidossucios.com\/site\/wp-json\/wp\/v2\/posts\/7324\/revisions"}],"wp:featuredmedia":[{"embeddable":true,"href":"https:\/\/www.oidossucios.com\/site\/wp-json\/wp\/v2\/media\/100007324"}],"wp:attachment":[{"href":"https:\/\/www.oidossucios.com\/site\/wp-json\/wp\/v2\/media?parent=7324"}],"wp:term":[{"taxonomy":"category","embeddable":true,"href":"https:\/\/www.oidossucios.com\/site\/wp-json\/wp\/v2\/categories?post=7324"},{"taxonomy":"post_tag","embeddable":true,"href":"https:\/\/www.oidossucios.com\/site\/wp-json\/wp\/v2\/tags?post=7324"}],"curies":[{"name":"wp","href":"https:\/\/api.w.org\/{rel}","templated":true}]}}