{"id":7352,"date":"2013-06-03T00:27:00","date_gmt":"2013-06-03T00:27:00","guid":{"rendered":"https:\/\/www.oidossucios.com\/site\/2013\/06\/03\/fabricado-aca-hara-hoy-un-especial-sobre-los-20-anos-de-dermis-tatu\/"},"modified":"2013-06-03T00:27:00","modified_gmt":"2013-06-03T00:27:00","slug":"fabricado-aca-hara-hoy-un-especial-sobre-los-20-anos-de-dermis-tatu","status":"publish","type":"post","link":"https:\/\/www.oidossucios.com\/site\/fabricado-aca-hara-hoy-un-especial-sobre-los-20-anos-de-dermis-tatu\/","title":{"rendered":"Fabricado Ac\u00e1 har\u00e1 HOY un especial sobre los 20 a\u00f1os de Dermis Tat\u00fa"},"content":{"rendered":"<p><a href=\"http:\/\/twitter.com\/#!\/@FabricadoAca\"><\/a><![endif]--> <\/p>\n<p>El programa de la Fundaci\u00f3n Nuevas Bandas, conducido por F\u00e9lix Allueva, dedicar\u00e1 esta noche sus dos horas a la historia de la agrupaci\u00f3n venezolana Dermis Tat\u00fa. Esta iniciativa del presidente de la FNB surge por motivo de celebraci\u00f3n de los 20 a\u00f1os desde que el power tr\u00edo caraque\u00f1o se present\u00f3 en vivo por primera vez (Mayo 1993), tal como indic\u00f3 en su #MemoriaRockDeAca.<\/p>\n<p>Dermis Tat\u00fa, agrupaci\u00f3n integrada por el m\u00edtico Cayayo Troconis (Ex Sentimiento Muerto \/ P.A.N.), Sebasti\u00e1n Araujo (Bacalao Men \/ Ex Sentimiento Muerto) y H\u00e9ctor Castillo (Ex Sentimiento Muerto) quien tambi\u00e9n es productor musical destacado por trabajar con artistas de la talla de David Bowie, Bjork, Lou Reed, Beck, Cerati y Aterciopelados, es reconocida como una de las bandas m\u00e1s influyentes en el&nbsp;#VRock&nbsp;de los noventa, quedando para la historia su \u00fanico disco oficial &#8220;La Viol\u00f3, La Mat\u00f3, y La Pic\u00f3&#8221;. Esta es la raz\u00f3n por la que Don F\u00e9lix consider\u00f3 que se deb\u00eda dedicar un programa completo para repasar su biograf\u00eda y escuchar rarezas de la autor\u00eda de Dermis.<\/p>\n<p>Allueva har\u00e1 una selecci\u00f3n de m\u00fasica poco difundida de la banda: temas en vivo,&nbsp; in\u00e9ditos, grabaciones de colecci\u00f3n, primeras&nbsp; grabaciones, desenchufados, demos, etc. Adem\u00e1s, an\u00e9cdotas contadas en primera persona.&nbsp; Todo proveniente de los archivos secretos de la Fundaci\u00f3n Nuevas Bandas. Tambi\u00e9n se podr\u00e1 escuchar en exclusiva aquella primera grabaci\u00f3n, es decir, como son\u00f3 Dermis en su primer toque.<\/p>\n<p>La cita es este domingo 2 de junio entre 9:00 y 11:00 pm, por La Mega, a nivel nacional. Tambi\u00e9n pueden sintonizarlo a trav\u00e9s de:&nbsp;&nbsp;<a target=\"_blank\" href=\"http:\/\/www.unionradio.net\/lamega\" rel=\"noopener noreferrer\">www.unionradio.net\/lamega<\/a>&nbsp;y<a target=\"_blank\" href=\"http:\/\/www.lamegaestacion.com\/\" rel=\"noopener noreferrer\">www.lamegaestacion.com<\/a>&nbsp;. Facebook: Fabricado Ac\u00e1. Twitter:&nbsp;<a href=\"http:\/\/twitter.com\/#!\/@FabricadoAca\">@FabricadoAca<\/a>&nbsp;y<a href=\"http:\/\/twitter.com\/#!\/@FexAlluevaFNB\">@FexAlluevaFNB<\/a>.<\/p>\n<p><!--[if gte mso 10]> <\/style>\n\n <![endif]--><\/p>\n","protected":false},"excerpt":{"rendered":"<p>El programa de la Fundaci\u00f3n Nuevas Bandas, conducido por F\u00e9lix Allueva, dedicar\u00e1 esta noche sus dos horas a la historia de la agrupaci\u00f3n venezolana Dermis Tat\u00fa. Esta iniciativa del presidente de la FNB surge por motivo de celebraci\u00f3n de los 20 a\u00f1os desde que el power tr\u00edo caraque\u00f1o se present\u00f3 en vivo por primera vez [&hellip;]<\/p>\n","protected":false},"author":4,"featured_media":100007352,"comment_status":"open","ping_status":"open","sticky":false,"template":"","format":"standard","meta":{"_jetpack_memberships_contains_paid_content":false,"footnotes":""},"categories":[142],"tags":[],"class_list":["post-7352","post","type-post","status-publish","format-standard","has-post-thumbnail","hentry","category-buzznews"],"jetpack_featured_media_url":"https:\/\/www.oidossucios.com\/site\/wp-content\/uploads\/2013\/06\/7352.jpg","yoast_head":"<!-- This site is optimized with the Yoast SEO plugin v14.0.4 - https:\/\/yoast.com\/wordpress\/plugins\/seo\/ -->\n<title>Fabricado Ac\u00e1 har\u00e1 HOY un especial sobre los 20 a\u00f1os de Dermis Tat\u00fa - OidosSucios.Com<\/title>\n<meta name=\"robots\" content=\"index, follow\" \/>\n<meta name=\"googlebot\" content=\"index, follow, max-snippet:-1, max-image-preview:large, max-video-preview:-1\" \/>\n<meta name=\"bingbot\" content=\"index, follow, max-snippet:-1, max-image-preview:large, max-video-preview:-1\" \/>\n<link rel=\"canonical\" href=\"https:\/\/www.oidossucios.com\/site\/fabricado-aca-hara-hoy-un-especial-sobre-los-20-anos-de-dermis-tatu\/\" \/>\n<meta property=\"og:locale\" content=\"es_ES\" \/>\n<meta property=\"og:type\" content=\"article\" \/>\n<meta property=\"og:title\" content=\"Fabricado Ac\u00e1 har\u00e1 HOY un especial sobre los 20 a\u00f1os de Dermis Tat\u00fa - OidosSucios.Com\" \/>\n<meta property=\"og:description\" content=\"El programa de la Fundaci\u00f3n Nuevas Bandas, conducido por F\u00e9lix Allueva, dedicar\u00e1 esta noche sus dos horas a la historia de la agrupaci\u00f3n venezolana Dermis Tat\u00fa. Esta iniciativa del presidente de la FNB surge por motivo de celebraci\u00f3n de los 20 a\u00f1os desde que el power tr\u00edo caraque\u00f1o se present\u00f3 en vivo por primera vez [&hellip;]\" \/>\n<meta property=\"og:url\" content=\"https:\/\/www.oidossucios.com\/site\/fabricado-aca-hara-hoy-un-especial-sobre-los-20-anos-de-dermis-tatu\/\" \/>\n<meta property=\"og:site_name\" content=\"OidosSucios.Com\" \/>\n<meta property=\"article:published_time\" content=\"2013-06-03T00:27:00+00:00\" \/>\n<meta property=\"og:image\" content=\"https:\/\/www.oidossucios.com\/site\/wp-content\/uploads\/2013\/06\/7352.jpg\" \/>\n\t<meta property=\"og:image:width\" content=\"350\" \/>\n\t<meta property=\"og:image:height\" content=\"300\" \/>\n<meta name=\"twitter:card\" content=\"summary_large_image\" \/>\n<meta name=\"twitter:creator\" content=\"@oidossucios\" \/>\n<script type=\"application\/ld+json\" class=\"yoast-schema-graph\">{\"@context\":\"https:\/\/schema.org\",\"@graph\":[{\"@type\":\"WebSite\",\"@id\":\"https:\/\/www.oidossucios.com\/site\/#website\",\"url\":\"https:\/\/www.oidossucios.com\/site\/\",\"name\":\"OidosSucios.Com\",\"description\":\"M\\u00fasica, conciertos, discos\",\"potentialAction\":[{\"@type\":\"SearchAction\",\"target\":\"https:\/\/www.oidossucios.com\/site\/?s={search_term_string}\",\"query-input\":\"required name=search_term_string\"}],\"inLanguage\":\"es\"},{\"@type\":\"ImageObject\",\"@id\":\"https:\/\/www.oidossucios.com\/site\/fabricado-aca-hara-hoy-un-especial-sobre-los-20-anos-de-dermis-tatu\/#primaryimage\",\"inLanguage\":\"es\",\"url\":\"https:\/\/www.oidossucios.com\/site\/wp-content\/uploads\/2013\/06\/7352.jpg\",\"width\":350,\"height\":300},{\"@type\":\"WebPage\",\"@id\":\"https:\/\/www.oidossucios.com\/site\/fabricado-aca-hara-hoy-un-especial-sobre-los-20-anos-de-dermis-tatu\/#webpage\",\"url\":\"https:\/\/www.oidossucios.com\/site\/fabricado-aca-hara-hoy-un-especial-sobre-los-20-anos-de-dermis-tatu\/\",\"name\":\"Fabricado Ac\\u00e1 har\\u00e1 HOY un especial sobre los 20 a\\u00f1os de Dermis Tat\\u00fa - OidosSucios.Com\",\"isPartOf\":{\"@id\":\"https:\/\/www.oidossucios.com\/site\/#website\"},\"primaryImageOfPage\":{\"@id\":\"https:\/\/www.oidossucios.com\/site\/fabricado-aca-hara-hoy-un-especial-sobre-los-20-anos-de-dermis-tatu\/#primaryimage\"},\"datePublished\":\"2013-06-03T00:27:00+00:00\",\"dateModified\":\"2013-06-03T00:27:00+00:00\",\"author\":{\"@id\":\"https:\/\/www.oidossucios.com\/site\/#\/schema\/person\/24559eeb76bf83a63296fb072393a688\"},\"inLanguage\":\"es\",\"potentialAction\":[{\"@type\":\"ReadAction\",\"target\":[\"https:\/\/www.oidossucios.com\/site\/fabricado-aca-hara-hoy-un-especial-sobre-los-20-anos-de-dermis-tatu\/\"]}]},{\"@type\":[\"Person\"],\"@id\":\"https:\/\/www.oidossucios.com\/site\/#\/schema\/person\/24559eeb76bf83a63296fb072393a688\",\"name\":\"Oidossucios\",\"image\":{\"@type\":\"ImageObject\",\"@id\":\"https:\/\/www.oidossucios.com\/site\/#personlogo\",\"inLanguage\":\"es\",\"url\":\"https:\/\/secure.gravatar.com\/avatar\/74fcb480f42f1a33e50a0b6e6369a3f907be2e43dc84fa5f76c66e9c22b4a5ab?s=96&d=mm&r=g\",\"caption\":\"Oidossucios\"},\"sameAs\":[\"https:\/\/twitter.com\/oidossucios\"]}]}<\/script>\n<!-- \/ Yoast SEO plugin. -->","jetpack_sharing_enabled":true,"_links":{"self":[{"href":"https:\/\/www.oidossucios.com\/site\/wp-json\/wp\/v2\/posts\/7352","targetHints":{"allow":["GET"]}}],"collection":[{"href":"https:\/\/www.oidossucios.com\/site\/wp-json\/wp\/v2\/posts"}],"about":[{"href":"https:\/\/www.oidossucios.com\/site\/wp-json\/wp\/v2\/types\/post"}],"author":[{"embeddable":true,"href":"https:\/\/www.oidossucios.com\/site\/wp-json\/wp\/v2\/users\/4"}],"replies":[{"embeddable":true,"href":"https:\/\/www.oidossucios.com\/site\/wp-json\/wp\/v2\/comments?post=7352"}],"version-history":[{"count":0,"href":"https:\/\/www.oidossucios.com\/site\/wp-json\/wp\/v2\/posts\/7352\/revisions"}],"wp:featuredmedia":[{"embeddable":true,"href":"https:\/\/www.oidossucios.com\/site\/wp-json\/wp\/v2\/media\/100007352"}],"wp:attachment":[{"href":"https:\/\/www.oidossucios.com\/site\/wp-json\/wp\/v2\/media?parent=7352"}],"wp:term":[{"taxonomy":"category","embeddable":true,"href":"https:\/\/www.oidossucios.com\/site\/wp-json\/wp\/v2\/categories?post=7352"},{"taxonomy":"post_tag","embeddable":true,"href":"https:\/\/www.oidossucios.com\/site\/wp-json\/wp\/v2\/tags?post=7352"}],"curies":[{"name":"wp","href":"https:\/\/api.w.org\/{rel}","templated":true}]}}