{"id":7355,"date":"2013-06-03T18:47:00","date_gmt":"2013-06-03T18:47:00","guid":{"rendered":"https:\/\/www.oidossucios.com\/site\/2013\/06\/03\/los-que-rezan-en-concierto-en-el-puto-bar-el-sabado-08-de-junio\/"},"modified":"2013-06-03T18:47:00","modified_gmt":"2013-06-03T18:47:00","slug":"los-que-rezan-en-concierto-en-el-puto-bar-el-sabado-08-de-junio","status":"publish","type":"post","link":"https:\/\/www.oidossucios.com\/site\/los-que-rezan-en-concierto-en-el-puto-bar-el-sabado-08-de-junio\/","title":{"rendered":"Los Que Rezan en concierto en El Puto Bar el s\u00e1bado 08 de junio"},"content":{"rendered":"<p>Luego del lanzamiento online de <i>Cinco<\/i> su segundo \u00e1lbum, Los Que Rezan se presentan en concierto el pr\u00f3ximo s\u00e1bado 08 de junio en el local El Puto Bar.<\/p>\n<p>La banda formada por Anecto Paredes (voz y guitarra), Jos\u00e9 Antonio Varela (bajo), Luis Navas (guitarra l\u00edder) y Jos\u00e9 Juan Sanguinetti (bater\u00eda), rescata el sonido original y crudo de grupos como Led Zeppelin, Cerati, David Bowie,&nbsp; creando un sonido maduro y ejecuciones&nbsp; contundentes, con su performance en vivo como plato fuerte de la agrupaci\u00f3n.<\/p>\n<p>&#8220;Tu vida complicada me hace bien&#8221;, el primer corte promocional, es un tema rockero con sonido cl\u00e1sico, beats&nbsp; de bater\u00eda que recuerdan a los a\u00f1os 70, acompa\u00f1ados&nbsp; de guitarras distorsionadas, amalgamadas con melod\u00edas y armon\u00edas psicod\u00e9licas, que junto a la voz y&nbsp; letra inspirada en la contradicci\u00f3n diaria de la vida acelerada de la ciudad y la b\u00fasqueda de tranquilidad, es el abreboca ideal de su segundo disco <i>Cinco<\/i>, el cual&nbsp;&nbsp;fue grabado en Taurus Studio por Gabriel Delgado Petersen, mezclado y masterizado en Estudio Gal\u00e1ctica por Erik Aldrey.<i><\/p>\n<p>Cinco<\/i> el nuevo disco de Los Que Rezan se encuentra disponible para su descarga en&nbsp;<a target=\"_blank\" href=\"http:\/\/www.losquerezan.com\/\" rel=\"noopener noreferrer\">www.losquerezan.com<\/p>\n<p><\/a>Los Que Rezan en concierto este s\u00e1bado 08 de junio a las 10:00PM en EL Puto Bar, junto a Yayo Soundsystem y Dj Ismael Cabaret.<\/p>\n<p>M\u00e1s info:&nbsp;<a href=\"http:\/\/twitter.com\/#!\/@losquerezan\">@losquerezan<\/a>&nbsp;<![endif]--><!--[if gte mso 10]> <\/style>\n\n <![endif]--><\/p>\n","protected":false},"excerpt":{"rendered":"<p>Luego del lanzamiento online de Cinco su segundo \u00e1lbum, Los Que Rezan se presentan en concierto el pr\u00f3ximo s\u00e1bado 08 de junio en el local El Puto Bar. La banda formada por Anecto Paredes (voz y guitarra), Jos\u00e9 Antonio Varela (bajo), Luis Navas (guitarra l\u00edder) y Jos\u00e9 Juan Sanguinetti (bater\u00eda), rescata el sonido original y [&hellip;]<\/p>\n","protected":false},"author":4,"featured_media":100007355,"comment_status":"open","ping_status":"open","sticky":false,"template":"","format":"standard","meta":{"_jetpack_memberships_contains_paid_content":false,"footnotes":""},"categories":[142],"tags":[],"class_list":["post-7355","post","type-post","status-publish","format-standard","has-post-thumbnail","hentry","category-buzznews"],"jetpack_featured_media_url":"https:\/\/www.oidossucios.com\/site\/wp-content\/uploads\/2013\/06\/7355.jpg","yoast_head":"<!-- This site is optimized with the Yoast SEO plugin v14.0.4 - https:\/\/yoast.com\/wordpress\/plugins\/seo\/ -->\n<title>Los Que Rezan en concierto en El Puto Bar el s\u00e1bado 08 de junio - OidosSucios.Com<\/title>\n<meta name=\"robots\" content=\"index, follow\" \/>\n<meta name=\"googlebot\" content=\"index, follow, max-snippet:-1, max-image-preview:large, max-video-preview:-1\" \/>\n<meta name=\"bingbot\" content=\"index, follow, max-snippet:-1, max-image-preview:large, max-video-preview:-1\" \/>\n<link rel=\"canonical\" href=\"https:\/\/www.oidossucios.com\/site\/los-que-rezan-en-concierto-en-el-puto-bar-el-sabado-08-de-junio\/\" \/>\n<meta property=\"og:locale\" content=\"es_ES\" \/>\n<meta property=\"og:type\" content=\"article\" \/>\n<meta property=\"og:title\" content=\"Los Que Rezan en concierto en El Puto Bar el s\u00e1bado 08 de junio - OidosSucios.Com\" \/>\n<meta property=\"og:description\" content=\"Luego del lanzamiento online de Cinco su segundo \u00e1lbum, Los Que Rezan se presentan en concierto el pr\u00f3ximo s\u00e1bado 08 de junio en el local El Puto Bar. La banda formada por Anecto Paredes (voz y guitarra), Jos\u00e9 Antonio Varela (bajo), Luis Navas (guitarra l\u00edder) y Jos\u00e9 Juan Sanguinetti (bater\u00eda), rescata el sonido original y [&hellip;]\" \/>\n<meta property=\"og:url\" content=\"https:\/\/www.oidossucios.com\/site\/los-que-rezan-en-concierto-en-el-puto-bar-el-sabado-08-de-junio\/\" \/>\n<meta property=\"og:site_name\" content=\"OidosSucios.Com\" \/>\n<meta property=\"article:published_time\" content=\"2013-06-03T18:47:00+00:00\" \/>\n<meta property=\"og:image\" content=\"https:\/\/www.oidossucios.com\/site\/wp-content\/uploads\/2013\/06\/7355.jpg\" \/>\n\t<meta property=\"og:image:width\" content=\"350\" \/>\n\t<meta property=\"og:image:height\" content=\"300\" \/>\n<meta name=\"twitter:card\" content=\"summary_large_image\" \/>\n<meta name=\"twitter:creator\" content=\"@oidossucios\" \/>\n<script type=\"application\/ld+json\" class=\"yoast-schema-graph\">{\"@context\":\"https:\/\/schema.org\",\"@graph\":[{\"@type\":\"WebSite\",\"@id\":\"https:\/\/www.oidossucios.com\/site\/#website\",\"url\":\"https:\/\/www.oidossucios.com\/site\/\",\"name\":\"OidosSucios.Com\",\"description\":\"M\\u00fasica, conciertos, discos\",\"potentialAction\":[{\"@type\":\"SearchAction\",\"target\":\"https:\/\/www.oidossucios.com\/site\/?s={search_term_string}\",\"query-input\":\"required name=search_term_string\"}],\"inLanguage\":\"es\"},{\"@type\":\"ImageObject\",\"@id\":\"https:\/\/www.oidossucios.com\/site\/los-que-rezan-en-concierto-en-el-puto-bar-el-sabado-08-de-junio\/#primaryimage\",\"inLanguage\":\"es\",\"url\":\"https:\/\/www.oidossucios.com\/site\/wp-content\/uploads\/2013\/06\/7355.jpg\",\"width\":350,\"height\":300},{\"@type\":\"WebPage\",\"@id\":\"https:\/\/www.oidossucios.com\/site\/los-que-rezan-en-concierto-en-el-puto-bar-el-sabado-08-de-junio\/#webpage\",\"url\":\"https:\/\/www.oidossucios.com\/site\/los-que-rezan-en-concierto-en-el-puto-bar-el-sabado-08-de-junio\/\",\"name\":\"Los Que Rezan en concierto en El Puto Bar el s\\u00e1bado 08 de junio - OidosSucios.Com\",\"isPartOf\":{\"@id\":\"https:\/\/www.oidossucios.com\/site\/#website\"},\"primaryImageOfPage\":{\"@id\":\"https:\/\/www.oidossucios.com\/site\/los-que-rezan-en-concierto-en-el-puto-bar-el-sabado-08-de-junio\/#primaryimage\"},\"datePublished\":\"2013-06-03T18:47:00+00:00\",\"dateModified\":\"2013-06-03T18:47:00+00:00\",\"author\":{\"@id\":\"https:\/\/www.oidossucios.com\/site\/#\/schema\/person\/24559eeb76bf83a63296fb072393a688\"},\"inLanguage\":\"es\",\"potentialAction\":[{\"@type\":\"ReadAction\",\"target\":[\"https:\/\/www.oidossucios.com\/site\/los-que-rezan-en-concierto-en-el-puto-bar-el-sabado-08-de-junio\/\"]}]},{\"@type\":[\"Person\"],\"@id\":\"https:\/\/www.oidossucios.com\/site\/#\/schema\/person\/24559eeb76bf83a63296fb072393a688\",\"name\":\"Oidossucios\",\"image\":{\"@type\":\"ImageObject\",\"@id\":\"https:\/\/www.oidossucios.com\/site\/#personlogo\",\"inLanguage\":\"es\",\"url\":\"https:\/\/secure.gravatar.com\/avatar\/74fcb480f42f1a33e50a0b6e6369a3f907be2e43dc84fa5f76c66e9c22b4a5ab?s=96&d=mm&r=g\",\"caption\":\"Oidossucios\"},\"sameAs\":[\"https:\/\/twitter.com\/oidossucios\"]}]}<\/script>\n<!-- \/ Yoast SEO plugin. -->","jetpack_sharing_enabled":true,"_links":{"self":[{"href":"https:\/\/www.oidossucios.com\/site\/wp-json\/wp\/v2\/posts\/7355","targetHints":{"allow":["GET"]}}],"collection":[{"href":"https:\/\/www.oidossucios.com\/site\/wp-json\/wp\/v2\/posts"}],"about":[{"href":"https:\/\/www.oidossucios.com\/site\/wp-json\/wp\/v2\/types\/post"}],"author":[{"embeddable":true,"href":"https:\/\/www.oidossucios.com\/site\/wp-json\/wp\/v2\/users\/4"}],"replies":[{"embeddable":true,"href":"https:\/\/www.oidossucios.com\/site\/wp-json\/wp\/v2\/comments?post=7355"}],"version-history":[{"count":0,"href":"https:\/\/www.oidossucios.com\/site\/wp-json\/wp\/v2\/posts\/7355\/revisions"}],"wp:featuredmedia":[{"embeddable":true,"href":"https:\/\/www.oidossucios.com\/site\/wp-json\/wp\/v2\/media\/100007355"}],"wp:attachment":[{"href":"https:\/\/www.oidossucios.com\/site\/wp-json\/wp\/v2\/media?parent=7355"}],"wp:term":[{"taxonomy":"category","embeddable":true,"href":"https:\/\/www.oidossucios.com\/site\/wp-json\/wp\/v2\/categories?post=7355"},{"taxonomy":"post_tag","embeddable":true,"href":"https:\/\/www.oidossucios.com\/site\/wp-json\/wp\/v2\/tags?post=7355"}],"curies":[{"name":"wp","href":"https:\/\/api.w.org\/{rel}","templated":true}]}}