{"id":7356,"date":"2013-06-03T18:49:00","date_gmt":"2013-06-03T18:49:00","guid":{"rendered":"https:\/\/www.oidossucios.com\/site\/2013\/06\/03\/benito-cerati-estrena-el-primer-video-de-su-nuevo-proyecto-zero-kill\/"},"modified":"2013-06-03T18:49:00","modified_gmt":"2013-06-03T18:49:00","slug":"benito-cerati-estrena-el-primer-video-de-su-nuevo-proyecto-zero-kill","status":"publish","type":"post","link":"https:\/\/www.oidossucios.com\/site\/benito-cerati-estrena-el-primer-video-de-su-nuevo-proyecto-zero-kill\/","title":{"rendered":"Benito Cerati estrena el primer video de su nuevo proyecto Zero Kill"},"content":{"rendered":"<p>Benito Cerati, hijo del m\u00fasico argentino&nbsp;Gustavo Cerati, acaba de lanzar el videoclip de &#8220;Autom\u00e1tica Lun\u00e1tica&#8221;, la primera canci\u00f3n de su proyecto Zero Kill.<\/p>\n<p>El tema fue dado a conocer en abril y tal como el grupo define en su p\u00e1gina de Facebook, es un adelanto del disco debut.<\/p>\n<p>&#8220;Buen D\u00eda ! Autom\u00e1tica Lun\u00e1tica, es mi primer video clip, y aqu\u00ed lo comparto. Gracias a todos los que lo hicieron posible&#8221;, escribi\u00f3.<\/p>\n<p>Adem\u00e1s, en la descripci\u00f3n del video publicado en YouTube,&nbsp;agradece de manera especial &#8220;a mi pap\u00e1, a mi familia y amigos&#8221;.<\/p>\n<p>El video tiene una est\u00e9tica futurista y sonidos electr\u00f3nicos, adem\u00e1s de la colaboraci\u00f3n de grandes m\u00fasicos que son tambi\u00e9n amigos de su padre como Tweety Gonz\u00e1lez, Alejandro Ter\u00e1n, Mart\u00edn Carrizo y Fernando Nal\u00e9.<\/p>\n<p>Zero Kill no es el primer acercamiento de Benito a la m\u00fasica. Antes colabor\u00f3 con su pap\u00e1 en los discos <i>Ah\u00ed Vamos<\/i> y <i>Fuerza Natural<\/i>, para luego probar en solitario y con la banda Entre-par\u00e9ntesis.<\/p>\n<p>Fuente: www.rpp.com.pe<![endif]--><!--[if gte mso 10]> <\/style>\n\n <![endif]--><\/p>\n","protected":false},"excerpt":{"rendered":"<p>Benito Cerati, hijo del m\u00fasico argentino&nbsp;Gustavo Cerati, acaba de lanzar el videoclip de &#8220;Autom\u00e1tica Lun\u00e1tica&#8221;, la primera canci\u00f3n de su proyecto Zero Kill. El tema fue dado a conocer en abril y tal como el grupo define en su p\u00e1gina de Facebook, es un adelanto del disco debut. &#8220;Buen D\u00eda ! Autom\u00e1tica Lun\u00e1tica, es mi [&hellip;]<\/p>\n","protected":false},"author":4,"featured_media":0,"comment_status":"open","ping_status":"open","sticky":false,"template":"","format":"standard","meta":{"_jetpack_memberships_contains_paid_content":false,"footnotes":""},"categories":[142],"tags":[],"class_list":["post-7356","post","type-post","status-publish","format-standard","hentry","category-buzznews"],"jetpack_featured_media_url":"","yoast_head":"<!-- This site is optimized with the Yoast SEO plugin v14.0.4 - https:\/\/yoast.com\/wordpress\/plugins\/seo\/ -->\n<title>Benito Cerati estrena el primer video de su nuevo proyecto Zero Kill - OidosSucios.Com<\/title>\n<meta name=\"robots\" content=\"index, follow\" \/>\n<meta name=\"googlebot\" content=\"index, follow, max-snippet:-1, max-image-preview:large, max-video-preview:-1\" \/>\n<meta name=\"bingbot\" content=\"index, follow, max-snippet:-1, max-image-preview:large, max-video-preview:-1\" \/>\n<link rel=\"canonical\" href=\"https:\/\/www.oidossucios.com\/site\/benito-cerati-estrena-el-primer-video-de-su-nuevo-proyecto-zero-kill\/\" \/>\n<meta property=\"og:locale\" content=\"es_ES\" \/>\n<meta property=\"og:type\" content=\"article\" \/>\n<meta property=\"og:title\" content=\"Benito Cerati estrena el primer video de su nuevo proyecto Zero Kill - OidosSucios.Com\" \/>\n<meta property=\"og:description\" content=\"Benito Cerati, hijo del m\u00fasico argentino&nbsp;Gustavo Cerati, acaba de lanzar el videoclip de &#8220;Autom\u00e1tica Lun\u00e1tica&#8221;, la primera canci\u00f3n de su proyecto Zero Kill. El tema fue dado a conocer en abril y tal como el grupo define en su p\u00e1gina de Facebook, es un adelanto del disco debut. &#8220;Buen D\u00eda ! Autom\u00e1tica Lun\u00e1tica, es mi [&hellip;]\" \/>\n<meta property=\"og:url\" content=\"https:\/\/www.oidossucios.com\/site\/benito-cerati-estrena-el-primer-video-de-su-nuevo-proyecto-zero-kill\/\" \/>\n<meta property=\"og:site_name\" content=\"OidosSucios.Com\" \/>\n<meta property=\"article:published_time\" content=\"2013-06-03T18:49:00+00:00\" \/>\n<meta name=\"twitter:card\" content=\"summary_large_image\" \/>\n<meta name=\"twitter:creator\" content=\"@oidossucios\" \/>\n<script type=\"application\/ld+json\" class=\"yoast-schema-graph\">{\"@context\":\"https:\/\/schema.org\",\"@graph\":[{\"@type\":\"WebSite\",\"@id\":\"https:\/\/www.oidossucios.com\/site\/#website\",\"url\":\"https:\/\/www.oidossucios.com\/site\/\",\"name\":\"OidosSucios.Com\",\"description\":\"M\\u00fasica, conciertos, discos\",\"potentialAction\":[{\"@type\":\"SearchAction\",\"target\":\"https:\/\/www.oidossucios.com\/site\/?s={search_term_string}\",\"query-input\":\"required name=search_term_string\"}],\"inLanguage\":\"es\"},{\"@type\":\"WebPage\",\"@id\":\"https:\/\/www.oidossucios.com\/site\/benito-cerati-estrena-el-primer-video-de-su-nuevo-proyecto-zero-kill\/#webpage\",\"url\":\"https:\/\/www.oidossucios.com\/site\/benito-cerati-estrena-el-primer-video-de-su-nuevo-proyecto-zero-kill\/\",\"name\":\"Benito Cerati estrena el primer video de su nuevo proyecto Zero Kill - OidosSucios.Com\",\"isPartOf\":{\"@id\":\"https:\/\/www.oidossucios.com\/site\/#website\"},\"datePublished\":\"2013-06-03T18:49:00+00:00\",\"dateModified\":\"2013-06-03T18:49:00+00:00\",\"author\":{\"@id\":\"https:\/\/www.oidossucios.com\/site\/#\/schema\/person\/24559eeb76bf83a63296fb072393a688\"},\"inLanguage\":\"es\",\"potentialAction\":[{\"@type\":\"ReadAction\",\"target\":[\"https:\/\/www.oidossucios.com\/site\/benito-cerati-estrena-el-primer-video-de-su-nuevo-proyecto-zero-kill\/\"]}]},{\"@type\":[\"Person\"],\"@id\":\"https:\/\/www.oidossucios.com\/site\/#\/schema\/person\/24559eeb76bf83a63296fb072393a688\",\"name\":\"Oidossucios\",\"image\":{\"@type\":\"ImageObject\",\"@id\":\"https:\/\/www.oidossucios.com\/site\/#personlogo\",\"inLanguage\":\"es\",\"url\":\"https:\/\/secure.gravatar.com\/avatar\/74fcb480f42f1a33e50a0b6e6369a3f907be2e43dc84fa5f76c66e9c22b4a5ab?s=96&d=mm&r=g\",\"caption\":\"Oidossucios\"},\"sameAs\":[\"https:\/\/twitter.com\/oidossucios\"]}]}<\/script>\n<!-- \/ Yoast SEO plugin. -->","jetpack_sharing_enabled":true,"_links":{"self":[{"href":"https:\/\/www.oidossucios.com\/site\/wp-json\/wp\/v2\/posts\/7356","targetHints":{"allow":["GET"]}}],"collection":[{"href":"https:\/\/www.oidossucios.com\/site\/wp-json\/wp\/v2\/posts"}],"about":[{"href":"https:\/\/www.oidossucios.com\/site\/wp-json\/wp\/v2\/types\/post"}],"author":[{"embeddable":true,"href":"https:\/\/www.oidossucios.com\/site\/wp-json\/wp\/v2\/users\/4"}],"replies":[{"embeddable":true,"href":"https:\/\/www.oidossucios.com\/site\/wp-json\/wp\/v2\/comments?post=7356"}],"version-history":[{"count":0,"href":"https:\/\/www.oidossucios.com\/site\/wp-json\/wp\/v2\/posts\/7356\/revisions"}],"wp:attachment":[{"href":"https:\/\/www.oidossucios.com\/site\/wp-json\/wp\/v2\/media?parent=7356"}],"wp:term":[{"taxonomy":"category","embeddable":true,"href":"https:\/\/www.oidossucios.com\/site\/wp-json\/wp\/v2\/categories?post=7356"},{"taxonomy":"post_tag","embeddable":true,"href":"https:\/\/www.oidossucios.com\/site\/wp-json\/wp\/v2\/tags?post=7356"}],"curies":[{"name":"wp","href":"https:\/\/api.w.org\/{rel}","templated":true}]}}