{"id":7357,"date":"2013-06-03T19:11:00","date_gmt":"2013-06-03T19:11:00","guid":{"rendered":"https:\/\/www.oidossucios.com\/site\/2013\/06\/03\/medios-aseguran-que-the-rolling-stones-vendran-a-latinoamerica-en-2014\/"},"modified":"2013-06-03T19:11:00","modified_gmt":"2013-06-03T19:11:00","slug":"medios-aseguran-que-the-rolling-stones-vendran-a-latinoamerica-en-2014","status":"publish","type":"post","link":"https:\/\/www.oidossucios.com\/site\/medios-aseguran-que-the-rolling-stones-vendran-a-latinoamerica-en-2014\/","title":{"rendered":"Medios aseguran que The Rolling Stones vendr\u00e1n a Latinoam\u00e9rica en 2014"},"content":{"rendered":"<p>Por <\/p>\n<p><![endif]--> <\/p>\n<p>La p\u00e1gina web de la prestigiosa emisora de radio argentina, FM Rock &amp; Pop, public\u00f3 <a href=\"http:\/\/www.fmrockandpop.com\/2013\/06\/los-rolling-stones-vienen-a-argentina\/\">una nota<\/a> en la cual aseguran que The Rolling Stones estar\u00e1 aterrizando en Latinoam\u00e9rica el a\u00f1o pr\u00f3ximo.<\/p>\n<p>Seg\u00fan la p\u00e1gina, el concierto se llevar\u00e1 a cabo en el Estadio Ciudad de La Plata, show que abre las puertas para que los Stones ofrezcan m\u00e1s fechas en Latinoam\u00e9rica, como parte de su gira <i>50 and Counting Tour.<\/i><\/p>\n<p>La nota, a continuaci\u00f3n:<\/p>\n<p>Fuente: www.fmrockandpop.com<\/p>\n<p><b>LOS ROLLING STONES VIENEN A ARGENTINA<\/b><\/p>\n<p>Mientras todav\u00eda estamos a la espera de ver qu\u00e9 bandas internacionales tendremos el segundo semestre de 2013 en nuestro pa\u00eds, ya podemos anunciar que los Rolling Stones tocar\u00e1n ac\u00e1 en marzo del a\u00f1o pr\u00f3ximo. Ser\u00e1 en el marco del&nbsp;<i>50 and Counting Tour<\/i>, que los tiene actualmente girando por Estados Unidos.<\/p>\n<p>Seg\u00fan indic\u00f3 uno de los empresarios m\u00e1s importantes que organiza shows en su cuenta de Twitter, ya est\u00e1 todo cerrado para un nuevo arribo de los Stones al pa\u00eds. Recordemos que la \u00faltima vez que nos visitaron fue en el 2006 cuando presentaban el&nbsp;<i>Bigger Band Tour<\/i>.<\/p>\n<p>Si bien a\u00fan no est\u00e1 confirmada la fecha exacta (depender\u00e1 de las otras presentaciones que har\u00e1n en la regi\u00f3n), podemos asegurar que vendr\u00e1n en marzo y no ser\u00eda extra\u00f1o que el recital se realice a el Estadio Ciudad de La Plata.<\/p>\n<p>Seguramente en los pr\u00f3ximos d\u00edas tendremos m\u00e1s novedades al respecto.<\/p>\n<p><!--[if gte mso 10]> <\/style>\n\n <![endif]--><\/p>\n","protected":false},"excerpt":{"rendered":"<p>La p\u00e1gina web de la prestigiosa emisora de radio argentina, FM Rock &amp; Pop, public\u00f3 una nota en la cual aseguran que The Rolling Stones estar\u00e1 aterrizando en Latinoam\u00e9rica el a\u00f1o pr\u00f3ximo.<\/p>\n","protected":false},"author":4,"featured_media":100007357,"comment_status":"open","ping_status":"open","sticky":false,"template":"","format":"standard","meta":{"_jetpack_memberships_contains_paid_content":false,"footnotes":""},"categories":[640],"tags":[],"class_list":["post-7357","post","type-post","status-publish","format-standard","has-post-thumbnail","hentry","category-rumores"],"jetpack_featured_media_url":"https:\/\/www.oidossucios.com\/site\/wp-content\/uploads\/2013\/06\/7357.jpg","yoast_head":"<!-- This site is optimized with the Yoast SEO plugin v14.0.4 - https:\/\/yoast.com\/wordpress\/plugins\/seo\/ -->\n<title>Medios aseguran que The Rolling Stones vendr\u00e1n a Latinoam\u00e9rica en 2014 - OidosSucios.Com<\/title>\n<meta name=\"description\" content=\"La p\u00e1gina web de la prestigiosa emisora de radio argentina, FM Rock &amp; Pop, public\u00f3 una nota en la cual aseguran que The Rolling Stones estar\u00e1 aterrizando en Latinoam\u00e9rica el a\u00f1o pr\u00f3ximo.\" \/>\n<meta name=\"robots\" content=\"index, follow\" \/>\n<meta name=\"googlebot\" content=\"index, follow, max-snippet:-1, max-image-preview:large, max-video-preview:-1\" \/>\n<meta name=\"bingbot\" content=\"index, follow, max-snippet:-1, max-image-preview:large, max-video-preview:-1\" \/>\n<link rel=\"canonical\" href=\"https:\/\/www.oidossucios.com\/site\/medios-aseguran-que-the-rolling-stones-vendran-a-latinoamerica-en-2014\/\" \/>\n<meta property=\"og:locale\" content=\"es_ES\" \/>\n<meta property=\"og:type\" content=\"article\" \/>\n<meta property=\"og:title\" content=\"Medios aseguran que The Rolling Stones vendr\u00e1n a Latinoam\u00e9rica en 2014 - OidosSucios.Com\" \/>\n<meta property=\"og:description\" content=\"La p\u00e1gina web de la prestigiosa emisora de radio argentina, FM Rock &amp; Pop, public\u00f3 una nota en la cual aseguran que The Rolling Stones estar\u00e1 aterrizando en Latinoam\u00e9rica el a\u00f1o pr\u00f3ximo.\" \/>\n<meta property=\"og:url\" content=\"https:\/\/www.oidossucios.com\/site\/medios-aseguran-que-the-rolling-stones-vendran-a-latinoamerica-en-2014\/\" \/>\n<meta property=\"og:site_name\" content=\"OidosSucios.Com\" \/>\n<meta property=\"article:published_time\" content=\"2013-06-03T19:11:00+00:00\" \/>\n<meta property=\"og:image\" content=\"https:\/\/www.oidossucios.com\/site\/wp-content\/uploads\/2013\/06\/7357.jpg\" \/>\n\t<meta property=\"og:image:width\" content=\"350\" \/>\n\t<meta property=\"og:image:height\" content=\"300\" \/>\n<meta name=\"twitter:card\" content=\"summary_large_image\" \/>\n<meta name=\"twitter:creator\" content=\"@oidossucios\" \/>\n<script type=\"application\/ld+json\" class=\"yoast-schema-graph\">{\"@context\":\"https:\/\/schema.org\",\"@graph\":[{\"@type\":\"WebSite\",\"@id\":\"https:\/\/www.oidossucios.com\/site\/#website\",\"url\":\"https:\/\/www.oidossucios.com\/site\/\",\"name\":\"OidosSucios.Com\",\"description\":\"M\\u00fasica, conciertos, discos\",\"potentialAction\":[{\"@type\":\"SearchAction\",\"target\":\"https:\/\/www.oidossucios.com\/site\/?s={search_term_string}\",\"query-input\":\"required name=search_term_string\"}],\"inLanguage\":\"es\"},{\"@type\":\"ImageObject\",\"@id\":\"https:\/\/www.oidossucios.com\/site\/medios-aseguran-que-the-rolling-stones-vendran-a-latinoamerica-en-2014\/#primaryimage\",\"inLanguage\":\"es\",\"url\":\"https:\/\/www.oidossucios.com\/site\/wp-content\/uploads\/2013\/06\/7357.jpg\",\"width\":350,\"height\":300},{\"@type\":\"WebPage\",\"@id\":\"https:\/\/www.oidossucios.com\/site\/medios-aseguran-que-the-rolling-stones-vendran-a-latinoamerica-en-2014\/#webpage\",\"url\":\"https:\/\/www.oidossucios.com\/site\/medios-aseguran-que-the-rolling-stones-vendran-a-latinoamerica-en-2014\/\",\"name\":\"Medios aseguran que The Rolling Stones vendr\\u00e1n a Latinoam\\u00e9rica en 2014 - OidosSucios.Com\",\"isPartOf\":{\"@id\":\"https:\/\/www.oidossucios.com\/site\/#website\"},\"primaryImageOfPage\":{\"@id\":\"https:\/\/www.oidossucios.com\/site\/medios-aseguran-que-the-rolling-stones-vendran-a-latinoamerica-en-2014\/#primaryimage\"},\"datePublished\":\"2013-06-03T19:11:00+00:00\",\"dateModified\":\"2013-06-03T19:11:00+00:00\",\"author\":{\"@id\":\"https:\/\/www.oidossucios.com\/site\/#\/schema\/person\/24559eeb76bf83a63296fb072393a688\"},\"description\":\"La p\\u00e1gina web de la prestigiosa emisora de radio argentina, FM Rock &amp; Pop, public\\u00f3 una nota en la cual aseguran que The Rolling Stones estar\\u00e1 aterrizando en Latinoam\\u00e9rica el a\\u00f1o pr\\u00f3ximo.\",\"inLanguage\":\"es\",\"potentialAction\":[{\"@type\":\"ReadAction\",\"target\":[\"https:\/\/www.oidossucios.com\/site\/medios-aseguran-que-the-rolling-stones-vendran-a-latinoamerica-en-2014\/\"]}]},{\"@type\":[\"Person\"],\"@id\":\"https:\/\/www.oidossucios.com\/site\/#\/schema\/person\/24559eeb76bf83a63296fb072393a688\",\"name\":\"Oidossucios\",\"image\":{\"@type\":\"ImageObject\",\"@id\":\"https:\/\/www.oidossucios.com\/site\/#personlogo\",\"inLanguage\":\"es\",\"url\":\"https:\/\/secure.gravatar.com\/avatar\/74fcb480f42f1a33e50a0b6e6369a3f907be2e43dc84fa5f76c66e9c22b4a5ab?s=96&d=mm&r=g\",\"caption\":\"Oidossucios\"},\"sameAs\":[\"https:\/\/twitter.com\/oidossucios\"]}]}<\/script>\n<!-- \/ Yoast SEO plugin. -->","jetpack_sharing_enabled":true,"_links":{"self":[{"href":"https:\/\/www.oidossucios.com\/site\/wp-json\/wp\/v2\/posts\/7357","targetHints":{"allow":["GET"]}}],"collection":[{"href":"https:\/\/www.oidossucios.com\/site\/wp-json\/wp\/v2\/posts"}],"about":[{"href":"https:\/\/www.oidossucios.com\/site\/wp-json\/wp\/v2\/types\/post"}],"author":[{"embeddable":true,"href":"https:\/\/www.oidossucios.com\/site\/wp-json\/wp\/v2\/users\/4"}],"replies":[{"embeddable":true,"href":"https:\/\/www.oidossucios.com\/site\/wp-json\/wp\/v2\/comments?post=7357"}],"version-history":[{"count":0,"href":"https:\/\/www.oidossucios.com\/site\/wp-json\/wp\/v2\/posts\/7357\/revisions"}],"wp:featuredmedia":[{"embeddable":true,"href":"https:\/\/www.oidossucios.com\/site\/wp-json\/wp\/v2\/media\/100007357"}],"wp:attachment":[{"href":"https:\/\/www.oidossucios.com\/site\/wp-json\/wp\/v2\/media?parent=7357"}],"wp:term":[{"taxonomy":"category","embeddable":true,"href":"https:\/\/www.oidossucios.com\/site\/wp-json\/wp\/v2\/categories?post=7357"},{"taxonomy":"post_tag","embeddable":true,"href":"https:\/\/www.oidossucios.com\/site\/wp-json\/wp\/v2\/tags?post=7357"}],"curies":[{"name":"wp","href":"https:\/\/api.w.org\/{rel}","templated":true}]}}