{"id":7359,"date":"2013-06-03T19:34:00","date_gmt":"2013-06-03T19:34:00","guid":{"rendered":"https:\/\/www.oidossucios.com\/site\/2013\/06\/03\/la-pipa-freak-presenta-su-nuevo-sencillo-junto-a-javier-calamaro\/"},"modified":"2013-06-03T19:34:00","modified_gmt":"2013-06-03T19:34:00","slug":"la-pipa-freak-presenta-su-nuevo-sencillo-junto-a-javier-calamaro","status":"publish","type":"post","link":"https:\/\/www.oidossucios.com\/site\/la-pipa-freak-presenta-su-nuevo-sencillo-junto-a-javier-calamaro\/","title":{"rendered":"La Pipa Freak presenta su nuevo sencillo junto a Javier Calamaro"},"content":{"rendered":"<p>La agrupaci\u00f3n venezolana, La Pipa Freak, presenta el primer sencillo de su segundo disco <i>Ahora<\/i>, titulado &#8220;\u00bfY ahora qu\u00e9 voy a hacer?&#8221; con la participaci\u00f3n de Javier Calamaro.<\/p>\n<p>La Pipa Freak&nbsp; fue fundada en 2006 y est\u00e1 compuesta por Juan Carlos Ontiveros (voz y guitarra), Rom Rey (guitarra y coros), Alex Sainas (bajo), Humberto P\u00e9rez (guitarra) y Henry Infante (bater\u00eda). <\/p>\n<p>&#8220;\u00bfY ahora qu\u00e9 voy a hacer?&#8221; fue escrita por Juan Carlos Ontiveros y es un tema que habla de una vivencia personal, del dolor y la rabia llevada a una melod\u00eda. El tema es cantado, a d\u00fao, con Javier Calamaro.<\/p>\n<p>&#8220;\u00bfY ahora qu\u00e9 voy a hacer?! est\u00e1 disponible para su descarga, totalmente gratis, en el soundcloud de la banda: <\/p>\n<p><iframe loading=\"lazy\" width=\"100%\" scrolling=\"no\" height=\"166\" frameborder=\"no\" src=\"https:\/\/w.soundcloud.com\/player\/?url=http%3A%2F%2Fapi.soundcloud.com%2Ftracks%2F95241684\"><\/iframe> <br \/>&nbsp;<\/p>\n<p>Para mayor informaci\u00f3n cheque su p\u00e1gina web&nbsp;<a target=\"_blank\" href=\"http:\/\/urbanmedia.us5.list-manage.com\/track\/click?u=94aa1065eb2f6ae31db7f5f6c&amp;id=32b809c44d&amp;e=eb41c42ce2\" rel=\"noopener noreferrer\">www.lapipafreak.com<\/a>&nbsp;o s\u00edguelos en twitter: @lapipafreak.<\/p>\n<p><![endif]--><!--[if gte mso 10]> <\/style>\n\n <![endif]--><\/p>\n","protected":false},"excerpt":{"rendered":"<p>La agrupaci\u00f3n venezolana, La Pipa Freak, presenta el primer sencillo de su segundo disco &quot;Ahora&quot;, titulado &#8220;\u00bfY ahora qu\u00e9 voy a hacer?&#8221; con la participaci\u00f3n de Javier Calamaro.  <\/p>\n","protected":false},"author":4,"featured_media":100007359,"comment_status":"open","ping_status":"open","sticky":false,"template":"","format":"standard","meta":{"_jetpack_memberships_contains_paid_content":false,"footnotes":""},"categories":[250],"tags":[],"class_list":["post-7359","post","type-post","status-publish","format-standard","has-post-thumbnail","hentry","category-noticias"],"jetpack_featured_media_url":"https:\/\/www.oidossucios.com\/site\/wp-content\/uploads\/2013\/06\/7359.jpg","yoast_head":"<!-- This site is optimized with the Yoast SEO plugin v14.0.4 - https:\/\/yoast.com\/wordpress\/plugins\/seo\/ -->\n<title>La Pipa Freak presenta su nuevo sencillo junto a Javier Calamaro - OidosSucios.Com<\/title>\n<meta name=\"description\" content=\"La agrupaci\u00f3n venezolana, La Pipa Freak, presenta el primer sencillo de su segundo disco &quot;Ahora&quot;, titulado &quot;\u00bfY ahora qu\u00e9 voy a hacer?&quot; con la participaci\u00f3n de Javier Calamaro.\" \/>\n<meta name=\"robots\" content=\"index, follow\" \/>\n<meta name=\"googlebot\" content=\"index, follow, max-snippet:-1, max-image-preview:large, max-video-preview:-1\" \/>\n<meta name=\"bingbot\" content=\"index, follow, max-snippet:-1, max-image-preview:large, max-video-preview:-1\" \/>\n<link rel=\"canonical\" href=\"https:\/\/www.oidossucios.com\/site\/la-pipa-freak-presenta-su-nuevo-sencillo-junto-a-javier-calamaro\/\" \/>\n<meta property=\"og:locale\" content=\"es_ES\" \/>\n<meta property=\"og:type\" content=\"article\" \/>\n<meta property=\"og:title\" content=\"La Pipa Freak presenta su nuevo sencillo junto a Javier Calamaro - OidosSucios.Com\" \/>\n<meta property=\"og:description\" content=\"La agrupaci\u00f3n venezolana, La Pipa Freak, presenta el primer sencillo de su segundo disco &quot;Ahora&quot;, titulado &quot;\u00bfY ahora qu\u00e9 voy a hacer?&quot; con la participaci\u00f3n de Javier Calamaro.\" \/>\n<meta property=\"og:url\" content=\"https:\/\/www.oidossucios.com\/site\/la-pipa-freak-presenta-su-nuevo-sencillo-junto-a-javier-calamaro\/\" \/>\n<meta property=\"og:site_name\" content=\"OidosSucios.Com\" \/>\n<meta property=\"article:published_time\" content=\"2013-06-03T19:34:00+00:00\" \/>\n<meta property=\"og:image\" content=\"https:\/\/www.oidossucios.com\/site\/wp-content\/uploads\/2013\/06\/7359.jpg\" \/>\n\t<meta property=\"og:image:width\" content=\"350\" \/>\n\t<meta property=\"og:image:height\" content=\"300\" \/>\n<meta name=\"twitter:card\" content=\"summary_large_image\" \/>\n<meta name=\"twitter:creator\" content=\"@oidossucios\" \/>\n<script type=\"application\/ld+json\" class=\"yoast-schema-graph\">{\"@context\":\"https:\/\/schema.org\",\"@graph\":[{\"@type\":\"WebSite\",\"@id\":\"https:\/\/www.oidossucios.com\/site\/#website\",\"url\":\"https:\/\/www.oidossucios.com\/site\/\",\"name\":\"OidosSucios.Com\",\"description\":\"M\\u00fasica, conciertos, discos\",\"potentialAction\":[{\"@type\":\"SearchAction\",\"target\":\"https:\/\/www.oidossucios.com\/site\/?s={search_term_string}\",\"query-input\":\"required name=search_term_string\"}],\"inLanguage\":\"es\"},{\"@type\":\"ImageObject\",\"@id\":\"https:\/\/www.oidossucios.com\/site\/la-pipa-freak-presenta-su-nuevo-sencillo-junto-a-javier-calamaro\/#primaryimage\",\"inLanguage\":\"es\",\"url\":\"https:\/\/www.oidossucios.com\/site\/wp-content\/uploads\/2013\/06\/7359.jpg\",\"width\":350,\"height\":300},{\"@type\":\"WebPage\",\"@id\":\"https:\/\/www.oidossucios.com\/site\/la-pipa-freak-presenta-su-nuevo-sencillo-junto-a-javier-calamaro\/#webpage\",\"url\":\"https:\/\/www.oidossucios.com\/site\/la-pipa-freak-presenta-su-nuevo-sencillo-junto-a-javier-calamaro\/\",\"name\":\"La Pipa Freak presenta su nuevo sencillo junto a Javier Calamaro - OidosSucios.Com\",\"isPartOf\":{\"@id\":\"https:\/\/www.oidossucios.com\/site\/#website\"},\"primaryImageOfPage\":{\"@id\":\"https:\/\/www.oidossucios.com\/site\/la-pipa-freak-presenta-su-nuevo-sencillo-junto-a-javier-calamaro\/#primaryimage\"},\"datePublished\":\"2013-06-03T19:34:00+00:00\",\"dateModified\":\"2013-06-03T19:34:00+00:00\",\"author\":{\"@id\":\"https:\/\/www.oidossucios.com\/site\/#\/schema\/person\/24559eeb76bf83a63296fb072393a688\"},\"description\":\"La agrupaci\\u00f3n venezolana, La Pipa Freak, presenta el primer sencillo de su segundo disco &quot;Ahora&quot;, titulado \\\"\\u00bfY ahora qu\\u00e9 voy a hacer?\\\" con la participaci\\u00f3n de Javier Calamaro.\",\"inLanguage\":\"es\",\"potentialAction\":[{\"@type\":\"ReadAction\",\"target\":[\"https:\/\/www.oidossucios.com\/site\/la-pipa-freak-presenta-su-nuevo-sencillo-junto-a-javier-calamaro\/\"]}]},{\"@type\":[\"Person\"],\"@id\":\"https:\/\/www.oidossucios.com\/site\/#\/schema\/person\/24559eeb76bf83a63296fb072393a688\",\"name\":\"Oidossucios\",\"image\":{\"@type\":\"ImageObject\",\"@id\":\"https:\/\/www.oidossucios.com\/site\/#personlogo\",\"inLanguage\":\"es\",\"url\":\"https:\/\/secure.gravatar.com\/avatar\/74fcb480f42f1a33e50a0b6e6369a3f907be2e43dc84fa5f76c66e9c22b4a5ab?s=96&d=mm&r=g\",\"caption\":\"Oidossucios\"},\"sameAs\":[\"https:\/\/twitter.com\/oidossucios\"]}]}<\/script>\n<!-- \/ Yoast SEO plugin. -->","jetpack_sharing_enabled":true,"_links":{"self":[{"href":"https:\/\/www.oidossucios.com\/site\/wp-json\/wp\/v2\/posts\/7359","targetHints":{"allow":["GET"]}}],"collection":[{"href":"https:\/\/www.oidossucios.com\/site\/wp-json\/wp\/v2\/posts"}],"about":[{"href":"https:\/\/www.oidossucios.com\/site\/wp-json\/wp\/v2\/types\/post"}],"author":[{"embeddable":true,"href":"https:\/\/www.oidossucios.com\/site\/wp-json\/wp\/v2\/users\/4"}],"replies":[{"embeddable":true,"href":"https:\/\/www.oidossucios.com\/site\/wp-json\/wp\/v2\/comments?post=7359"}],"version-history":[{"count":0,"href":"https:\/\/www.oidossucios.com\/site\/wp-json\/wp\/v2\/posts\/7359\/revisions"}],"wp:featuredmedia":[{"embeddable":true,"href":"https:\/\/www.oidossucios.com\/site\/wp-json\/wp\/v2\/media\/100007359"}],"wp:attachment":[{"href":"https:\/\/www.oidossucios.com\/site\/wp-json\/wp\/v2\/media?parent=7359"}],"wp:term":[{"taxonomy":"category","embeddable":true,"href":"https:\/\/www.oidossucios.com\/site\/wp-json\/wp\/v2\/categories?post=7359"},{"taxonomy":"post_tag","embeddable":true,"href":"https:\/\/www.oidossucios.com\/site\/wp-json\/wp\/v2\/tags?post=7359"}],"curies":[{"name":"wp","href":"https:\/\/api.w.org\/{rel}","templated":true}]}}