{"id":7362,"date":"2013-06-04T05:20:00","date_gmt":"2013-06-04T05:20:00","guid":{"rendered":"https:\/\/www.oidossucios.com\/site\/2013\/06\/04\/1era-carrera-ecologica-de-montana-parque-zoologico-de-caricuao-2013\/"},"modified":"2013-06-04T05:20:00","modified_gmt":"2013-06-04T05:20:00","slug":"1era-carrera-ecologica-de-montana-parque-zoologico-de-caricuao-2013","status":"publish","type":"post","link":"https:\/\/www.oidossucios.com\/site\/1era-carrera-ecologica-de-montana-parque-zoologico-de-caricuao-2013\/","title":{"rendered":"1era Carrera Ecol\u00f3gica de Monta\u00f1a Parque Zool\u00f3gico de Caricuao 2013"},"content":{"rendered":"<p>Este pr\u00f3ximo domingo 9 de junio a partir de las 7 de la ma\u00f1ana, se estar\u00e1 realizando la&nbsp;1era Carrera Ecol\u00f3gica de Monta\u00f1a Parque Zool\u00f3gico Caricuao 2013, la cual contar\u00e1 con diversas actividades recreativas, deportivas y cultural con la participaci\u00f3n especial de la banda Sur M\u00e1rtires.<\/p>\n<p>Como parte de un trabajo en equipo de quienes hacen vida en el&nbsp;Parque Zool\u00f3gico de Caricuao &#8220;Territorio de paz y vida&#8221;&nbsp;en Caracas, la 1era Carrera Ecol\u00f3gica de Monta\u00f1a Parque Zool\u00f3gico Caricuao 2013, tiene preparada para todos los asistentes un cronograma integral para&nbsp; ese d\u00eda, comenzando bien temprano con un recorrido de 6.5 Km. en las monta\u00f1as de Caricuao, 2do pulm\u00f3n natural de la ciudad, despu\u00e9s del Waraira Repano (Cerro El \u00c1vila), y continuando con una amplia actividad recreativa, deportiva y cultural dirigida a toda la familia. Dando espacio y promoviendo en todo momento la ecolog\u00eda, la conservaci\u00f3n de la naturaleza y el respeto por los animales, valores promovidos por la constancia y el trabajo del&nbsp;Colectivo Katafos.<\/p>\n<p>Por su parte la agrupaci\u00f3n&nbsp;Sur M\u00e1rtires,&nbsp;nacidos en la parroquia de Caricuao en 2006 y pioneros del&nbsp;Reggae Real&nbsp;cantado en voz de mujer, mostrar\u00e1n parte de su primer disco, el cual se encuentra en fase de grabaci\u00f3n y nos deleitar\u00e1n con su buena vibra y energ\u00eda positiva como cierre de este domingo diferente.<\/p>\n<p>Cronograma:<\/p>\n<p>7:30 AM: Salida de la carrera a la monta\u00f1a.<br \/>10:00 AM: Muestra de Capoeira, Grupo &#8220;Muzenza&#8221;.<br \/>11:00 AM: S\u00faper Clase de Bailoterapia, Mortal Kombat, Glutab.<br \/>2:00 PM: Concierto de Sur M\u00e1rtires<\/p>\n<p>Direcci\u00f3n del Zool\u00f3gico de Caricuao:&nbsp;Av. Principal de La Hacienda, Sector UD-5. Caracas.<a target=\"_blank\" href=\"http:\/\/www.facebook.com\/SurMartires.Reggae\" rel=\"noopener noreferrer\"><\/p>\n<p>www.facebook.com\/SurMartires.Reggae<\/a> <\/p>\n<p><a href=\"http:\/\/twitter.com\/#!\/@SurMartires\">@SurMartires<\/a><\/p>\n<p><![endif]--><!--[if gte mso 10]> <\/style>\n\n <![endif]--><\/p>\n","protected":false},"excerpt":{"rendered":"<p>Este pr\u00f3ximo domingo 9 de junio a partir de las 7 de la ma\u00f1ana, se estar\u00e1 realizando la&nbsp;1era Carrera Ecol\u00f3gica de Monta\u00f1a Parque Zool\u00f3gico Caricuao 2013, la cual contar\u00e1 con diversas actividades recreativas, deportivas y cultural con la participaci\u00f3n especial de la banda Sur M\u00e1rtires. Como parte de un trabajo en equipo de quienes hacen [&hellip;]<\/p>\n","protected":false},"author":4,"featured_media":100007362,"comment_status":"open","ping_status":"open","sticky":false,"template":"","format":"standard","meta":{"_jetpack_memberships_contains_paid_content":false,"footnotes":""},"categories":[142],"tags":[],"class_list":["post-7362","post","type-post","status-publish","format-standard","has-post-thumbnail","hentry","category-buzznews"],"jetpack_featured_media_url":"https:\/\/www.oidossucios.com\/site\/wp-content\/uploads\/2013\/06\/7362.jpg","yoast_head":"<!-- This site is optimized with the Yoast SEO plugin v14.0.4 - https:\/\/yoast.com\/wordpress\/plugins\/seo\/ -->\n<title>1era Carrera Ecol\u00f3gica de Monta\u00f1a Parque Zool\u00f3gico de Caricuao 2013 - OidosSucios.Com<\/title>\n<meta name=\"robots\" content=\"index, follow\" \/>\n<meta name=\"googlebot\" content=\"index, follow, max-snippet:-1, max-image-preview:large, max-video-preview:-1\" \/>\n<meta name=\"bingbot\" content=\"index, follow, max-snippet:-1, max-image-preview:large, max-video-preview:-1\" \/>\n<link rel=\"canonical\" href=\"https:\/\/www.oidossucios.com\/site\/1era-carrera-ecologica-de-montana-parque-zoologico-de-caricuao-2013\/\" \/>\n<meta property=\"og:locale\" content=\"es_ES\" \/>\n<meta property=\"og:type\" content=\"article\" \/>\n<meta property=\"og:title\" content=\"1era Carrera Ecol\u00f3gica de Monta\u00f1a Parque Zool\u00f3gico de Caricuao 2013 - OidosSucios.Com\" \/>\n<meta property=\"og:description\" content=\"Este pr\u00f3ximo domingo 9 de junio a partir de las 7 de la ma\u00f1ana, se estar\u00e1 realizando la&nbsp;1era Carrera Ecol\u00f3gica de Monta\u00f1a Parque Zool\u00f3gico Caricuao 2013, la cual contar\u00e1 con diversas actividades recreativas, deportivas y cultural con la participaci\u00f3n especial de la banda Sur M\u00e1rtires. Como parte de un trabajo en equipo de quienes hacen [&hellip;]\" \/>\n<meta property=\"og:url\" content=\"https:\/\/www.oidossucios.com\/site\/1era-carrera-ecologica-de-montana-parque-zoologico-de-caricuao-2013\/\" \/>\n<meta property=\"og:site_name\" content=\"OidosSucios.Com\" \/>\n<meta property=\"article:published_time\" content=\"2013-06-04T05:20:00+00:00\" \/>\n<meta property=\"og:image\" content=\"https:\/\/www.oidossucios.com\/site\/wp-content\/uploads\/2013\/06\/7362.jpg\" \/>\n\t<meta property=\"og:image:width\" content=\"350\" \/>\n\t<meta property=\"og:image:height\" content=\"300\" \/>\n<meta name=\"twitter:card\" content=\"summary_large_image\" \/>\n<meta name=\"twitter:creator\" content=\"@oidossucios\" \/>\n<script type=\"application\/ld+json\" class=\"yoast-schema-graph\">{\"@context\":\"https:\/\/schema.org\",\"@graph\":[{\"@type\":\"WebSite\",\"@id\":\"https:\/\/www.oidossucios.com\/site\/#website\",\"url\":\"https:\/\/www.oidossucios.com\/site\/\",\"name\":\"OidosSucios.Com\",\"description\":\"M\\u00fasica, conciertos, discos\",\"potentialAction\":[{\"@type\":\"SearchAction\",\"target\":\"https:\/\/www.oidossucios.com\/site\/?s={search_term_string}\",\"query-input\":\"required name=search_term_string\"}],\"inLanguage\":\"es\"},{\"@type\":\"ImageObject\",\"@id\":\"https:\/\/www.oidossucios.com\/site\/1era-carrera-ecologica-de-montana-parque-zoologico-de-caricuao-2013\/#primaryimage\",\"inLanguage\":\"es\",\"url\":\"https:\/\/www.oidossucios.com\/site\/wp-content\/uploads\/2013\/06\/7362.jpg\",\"width\":350,\"height\":300},{\"@type\":\"WebPage\",\"@id\":\"https:\/\/www.oidossucios.com\/site\/1era-carrera-ecologica-de-montana-parque-zoologico-de-caricuao-2013\/#webpage\",\"url\":\"https:\/\/www.oidossucios.com\/site\/1era-carrera-ecologica-de-montana-parque-zoologico-de-caricuao-2013\/\",\"name\":\"1era Carrera Ecol\\u00f3gica de Monta\\u00f1a Parque Zool\\u00f3gico de Caricuao 2013 - OidosSucios.Com\",\"isPartOf\":{\"@id\":\"https:\/\/www.oidossucios.com\/site\/#website\"},\"primaryImageOfPage\":{\"@id\":\"https:\/\/www.oidossucios.com\/site\/1era-carrera-ecologica-de-montana-parque-zoologico-de-caricuao-2013\/#primaryimage\"},\"datePublished\":\"2013-06-04T05:20:00+00:00\",\"dateModified\":\"2013-06-04T05:20:00+00:00\",\"author\":{\"@id\":\"https:\/\/www.oidossucios.com\/site\/#\/schema\/person\/24559eeb76bf83a63296fb072393a688\"},\"inLanguage\":\"es\",\"potentialAction\":[{\"@type\":\"ReadAction\",\"target\":[\"https:\/\/www.oidossucios.com\/site\/1era-carrera-ecologica-de-montana-parque-zoologico-de-caricuao-2013\/\"]}]},{\"@type\":[\"Person\"],\"@id\":\"https:\/\/www.oidossucios.com\/site\/#\/schema\/person\/24559eeb76bf83a63296fb072393a688\",\"name\":\"Oidossucios\",\"image\":{\"@type\":\"ImageObject\",\"@id\":\"https:\/\/www.oidossucios.com\/site\/#personlogo\",\"inLanguage\":\"es\",\"url\":\"https:\/\/secure.gravatar.com\/avatar\/74fcb480f42f1a33e50a0b6e6369a3f907be2e43dc84fa5f76c66e9c22b4a5ab?s=96&d=mm&r=g\",\"caption\":\"Oidossucios\"},\"sameAs\":[\"https:\/\/twitter.com\/oidossucios\"]}]}<\/script>\n<!-- \/ Yoast SEO plugin. -->","jetpack_sharing_enabled":true,"_links":{"self":[{"href":"https:\/\/www.oidossucios.com\/site\/wp-json\/wp\/v2\/posts\/7362","targetHints":{"allow":["GET"]}}],"collection":[{"href":"https:\/\/www.oidossucios.com\/site\/wp-json\/wp\/v2\/posts"}],"about":[{"href":"https:\/\/www.oidossucios.com\/site\/wp-json\/wp\/v2\/types\/post"}],"author":[{"embeddable":true,"href":"https:\/\/www.oidossucios.com\/site\/wp-json\/wp\/v2\/users\/4"}],"replies":[{"embeddable":true,"href":"https:\/\/www.oidossucios.com\/site\/wp-json\/wp\/v2\/comments?post=7362"}],"version-history":[{"count":0,"href":"https:\/\/www.oidossucios.com\/site\/wp-json\/wp\/v2\/posts\/7362\/revisions"}],"wp:featuredmedia":[{"embeddable":true,"href":"https:\/\/www.oidossucios.com\/site\/wp-json\/wp\/v2\/media\/100007362"}],"wp:attachment":[{"href":"https:\/\/www.oidossucios.com\/site\/wp-json\/wp\/v2\/media?parent=7362"}],"wp:term":[{"taxonomy":"category","embeddable":true,"href":"https:\/\/www.oidossucios.com\/site\/wp-json\/wp\/v2\/categories?post=7362"},{"taxonomy":"post_tag","embeddable":true,"href":"https:\/\/www.oidossucios.com\/site\/wp-json\/wp\/v2\/tags?post=7362"}],"curies":[{"name":"wp","href":"https:\/\/api.w.org\/{rel}","templated":true}]}}