{"id":7369,"date":"2013-06-05T11:23:00","date_gmt":"2013-06-05T11:23:00","guid":{"rendered":"https:\/\/www.oidossucios.com\/site\/2013\/06\/05\/suspendido-concierto-de-jorge-drexler-en-valencia\/"},"modified":"2013-06-05T11:23:00","modified_gmt":"2013-06-05T11:23:00","slug":"suspendido-concierto-de-jorge-drexler-en-valencia","status":"publish","type":"post","link":"https:\/\/www.oidossucios.com\/site\/suspendido-concierto-de-jorge-drexler-en-valencia\/","title":{"rendered":"Suspendido concierto de Jorge Drexler en Valencia"},"content":{"rendered":"<p>La empresa Aguacate Producciones anunci\u00f3 mediante un comunicado la cancelaci\u00f3n del concierto de Jorge Drexler en la ciudad de Valencia, show que se llevar\u00eda a cabo el el&nbsp;21 de junio en el Hotel Venetur. Las razones apuntan a la baja venta de entradas, recordemos tambi\u00e9n que la gira ya hab\u00eda sido reprogramada.<\/p>\n<p>Este ha sido un a\u00f1o duro para las promotoras nacionales debido a la situaci\u00f3n econ\u00f3mica del pa\u00eds: se han cancelado los conciertos de Miguel Bos\u00e9, Alejandro Sanz, Ricardo Arjona, Chayanne, Luis Fonsi y Deadmau5. Adem\u00e1s, se han postergado los shows de Natalia Lafourcade y la gira del cantautor uruguayo.<\/p>\n<p>A continuaci\u00f3n el comunicado:<\/p>\n<p><i>Aguacate Producciones hace de conocimiento p\u00fablico que la presentaci\u00f3n pautada para el&nbsp;21 de junio en el Hotel Venetur de Valencia se suspende por motivos ajenos al artista.<\/p>\n<p>La empresa productora toma la responsabilidad de la cancelaci\u00f3n del concierto de Jorge Drexler en la ciudad de Valencia. Los motivos fundamentales son ya conocidos por el pa\u00eds en cuanto a la situaci\u00f3n econ\u00f3mica. En virtud de no cancelar las dem\u00e1s ciudades y mantener en pie la gira del cantautor uruguayo en Venezuela, se ha decidido suspender esta \u00fanica fecha, dejando las presentaciones de Caracas y Maracaibo como ya est\u00e1n programadas.<\/p>\n<p>Las personas que adquirieron las entradas para Valencia, pueden cancelar la diferencia y disfrutar a Jorge Drexler con toda su banda en el Teatro Teresa Carre\u00f1o en Caracas el 20 de junio. Quien desee el reembolso del dinero, Ticketmundo lo realizar\u00e1 a partir del 1 de julio.<\/p>\n<p>Aguacate Producciones pide disculpas al p\u00fablico del Estado Carabobo por los inconvenientes ocasionados. Para m\u00e1s informaci\u00f3n comunicarse a trav\u00e9s de la cuenta oficial en Twitter&nbsp;<a href=\"http:\/\/twitter.com\/#!\/@AguacateProd\">@AguacateProd<\/a>&nbsp;y la p\u00e1gina web&nbsp;<a target=\"_blank\" href=\"http:\/\/www.aguacateproducciones.com\/\" rel=\"noopener noreferrer\">www.aguacateproducciones.com<\/p>\n<p><\/a>Las entradas para Caracas siguen a la venta en la taquilla del Teatro Teresa Carre\u00f1o y en Maracaibo Librer\u00eda Europa Lago Mall y C.C Costa Verde o a trav\u00e9s de la p\u00e1gina&nbsp;www.ticketmundo.com.<\/p>\n<p>Precios entradas Caracas:&#8232;Banco Central: Bs. 850&#8232;Banco Lateral: Bs. 780&#8232;Patio Central Bs. 1.290&#8232;Patio Central bajo: Bs. 1.680&#8232;Patio Lateral: Bs. 1.480&#8232;Foso orquesta: Bs. 2.490<\/p>\n<p>Precio entradas Maracaibo:&#8232;VIP Diamond Central: Bs. 2.650&#8232;VIP Diamond Lateral: 2.290&#8232;Glod Central: Bs. 1.780&#8232;Gold Lateral: Bs. 1.490&#8232;General: Bs. 970<\/i><![endif]--><!--[if gte mso 10]> <\/style>\n\n <![endif]--><\/p>\n","protected":false},"excerpt":{"rendered":"<p>Aguacate Producciones hace de conocimiento p\u00fablico que la presentaci\u00f3n pautada para el 21 de junio en el Hotel Venetur de Valencia se suspende por motivos ajenos al artista.<\/p>\n","protected":false},"author":4,"featured_media":100007369,"comment_status":"open","ping_status":"open","sticky":false,"template":"","format":"standard","meta":{"_jetpack_memberships_contains_paid_content":false,"footnotes":""},"categories":[250],"tags":[],"class_list":["post-7369","post","type-post","status-publish","format-standard","has-post-thumbnail","hentry","category-noticias"],"jetpack_featured_media_url":"https:\/\/www.oidossucios.com\/site\/wp-content\/uploads\/2013\/06\/7369.jpg","yoast_head":"<!-- This site is optimized with the Yoast SEO plugin v14.0.4 - https:\/\/yoast.com\/wordpress\/plugins\/seo\/ -->\n<title>Suspendido concierto de Jorge Drexler en Valencia - OidosSucios.Com<\/title>\n<meta name=\"description\" content=\"Aguacate Producciones hace de conocimiento p\u00fablico que la presentaci\u00f3n pautada para el 21 de junio en el Hotel Venetur de Valencia se suspende por motivos ajenos al artista.\" \/>\n<meta name=\"robots\" content=\"index, follow\" \/>\n<meta name=\"googlebot\" content=\"index, follow, max-snippet:-1, max-image-preview:large, max-video-preview:-1\" \/>\n<meta name=\"bingbot\" content=\"index, follow, max-snippet:-1, max-image-preview:large, max-video-preview:-1\" \/>\n<link rel=\"canonical\" href=\"https:\/\/www.oidossucios.com\/site\/suspendido-concierto-de-jorge-drexler-en-valencia\/\" \/>\n<meta property=\"og:locale\" content=\"es_ES\" \/>\n<meta property=\"og:type\" content=\"article\" \/>\n<meta property=\"og:title\" content=\"Suspendido concierto de Jorge Drexler en Valencia - OidosSucios.Com\" \/>\n<meta property=\"og:description\" content=\"Aguacate Producciones hace de conocimiento p\u00fablico que la presentaci\u00f3n pautada para el 21 de junio en el Hotel Venetur de Valencia se suspende por motivos ajenos al artista.\" \/>\n<meta property=\"og:url\" content=\"https:\/\/www.oidossucios.com\/site\/suspendido-concierto-de-jorge-drexler-en-valencia\/\" \/>\n<meta property=\"og:site_name\" content=\"OidosSucios.Com\" \/>\n<meta property=\"article:published_time\" content=\"2013-06-05T11:23:00+00:00\" \/>\n<meta property=\"og:image\" content=\"https:\/\/www.oidossucios.com\/site\/wp-content\/uploads\/2013\/06\/7369.jpg\" \/>\n\t<meta property=\"og:image:width\" content=\"350\" \/>\n\t<meta property=\"og:image:height\" content=\"300\" \/>\n<meta name=\"twitter:card\" content=\"summary_large_image\" \/>\n<meta name=\"twitter:creator\" content=\"@oidossucios\" \/>\n<script type=\"application\/ld+json\" class=\"yoast-schema-graph\">{\"@context\":\"https:\/\/schema.org\",\"@graph\":[{\"@type\":\"WebSite\",\"@id\":\"https:\/\/www.oidossucios.com\/site\/#website\",\"url\":\"https:\/\/www.oidossucios.com\/site\/\",\"name\":\"OidosSucios.Com\",\"description\":\"M\\u00fasica, conciertos, discos\",\"potentialAction\":[{\"@type\":\"SearchAction\",\"target\":\"https:\/\/www.oidossucios.com\/site\/?s={search_term_string}\",\"query-input\":\"required name=search_term_string\"}],\"inLanguage\":\"es\"},{\"@type\":\"ImageObject\",\"@id\":\"https:\/\/www.oidossucios.com\/site\/suspendido-concierto-de-jorge-drexler-en-valencia\/#primaryimage\",\"inLanguage\":\"es\",\"url\":\"https:\/\/www.oidossucios.com\/site\/wp-content\/uploads\/2013\/06\/7369.jpg\",\"width\":350,\"height\":300},{\"@type\":\"WebPage\",\"@id\":\"https:\/\/www.oidossucios.com\/site\/suspendido-concierto-de-jorge-drexler-en-valencia\/#webpage\",\"url\":\"https:\/\/www.oidossucios.com\/site\/suspendido-concierto-de-jorge-drexler-en-valencia\/\",\"name\":\"Suspendido concierto de Jorge Drexler en Valencia - OidosSucios.Com\",\"isPartOf\":{\"@id\":\"https:\/\/www.oidossucios.com\/site\/#website\"},\"primaryImageOfPage\":{\"@id\":\"https:\/\/www.oidossucios.com\/site\/suspendido-concierto-de-jorge-drexler-en-valencia\/#primaryimage\"},\"datePublished\":\"2013-06-05T11:23:00+00:00\",\"dateModified\":\"2013-06-05T11:23:00+00:00\",\"author\":{\"@id\":\"https:\/\/www.oidossucios.com\/site\/#\/schema\/person\/24559eeb76bf83a63296fb072393a688\"},\"description\":\"Aguacate Producciones hace de conocimiento p\\u00fablico que la presentaci\\u00f3n pautada para el 21 de junio en el Hotel Venetur de Valencia se suspende por motivos ajenos al artista.\",\"inLanguage\":\"es\",\"potentialAction\":[{\"@type\":\"ReadAction\",\"target\":[\"https:\/\/www.oidossucios.com\/site\/suspendido-concierto-de-jorge-drexler-en-valencia\/\"]}]},{\"@type\":[\"Person\"],\"@id\":\"https:\/\/www.oidossucios.com\/site\/#\/schema\/person\/24559eeb76bf83a63296fb072393a688\",\"name\":\"Oidossucios\",\"image\":{\"@type\":\"ImageObject\",\"@id\":\"https:\/\/www.oidossucios.com\/site\/#personlogo\",\"inLanguage\":\"es\",\"url\":\"https:\/\/secure.gravatar.com\/avatar\/74fcb480f42f1a33e50a0b6e6369a3f907be2e43dc84fa5f76c66e9c22b4a5ab?s=96&d=mm&r=g\",\"caption\":\"Oidossucios\"},\"sameAs\":[\"https:\/\/twitter.com\/oidossucios\"]}]}<\/script>\n<!-- \/ Yoast SEO plugin. -->","jetpack_sharing_enabled":true,"_links":{"self":[{"href":"https:\/\/www.oidossucios.com\/site\/wp-json\/wp\/v2\/posts\/7369","targetHints":{"allow":["GET"]}}],"collection":[{"href":"https:\/\/www.oidossucios.com\/site\/wp-json\/wp\/v2\/posts"}],"about":[{"href":"https:\/\/www.oidossucios.com\/site\/wp-json\/wp\/v2\/types\/post"}],"author":[{"embeddable":true,"href":"https:\/\/www.oidossucios.com\/site\/wp-json\/wp\/v2\/users\/4"}],"replies":[{"embeddable":true,"href":"https:\/\/www.oidossucios.com\/site\/wp-json\/wp\/v2\/comments?post=7369"}],"version-history":[{"count":0,"href":"https:\/\/www.oidossucios.com\/site\/wp-json\/wp\/v2\/posts\/7369\/revisions"}],"wp:featuredmedia":[{"embeddable":true,"href":"https:\/\/www.oidossucios.com\/site\/wp-json\/wp\/v2\/media\/100007369"}],"wp:attachment":[{"href":"https:\/\/www.oidossucios.com\/site\/wp-json\/wp\/v2\/media?parent=7369"}],"wp:term":[{"taxonomy":"category","embeddable":true,"href":"https:\/\/www.oidossucios.com\/site\/wp-json\/wp\/v2\/categories?post=7369"},{"taxonomy":"post_tag","embeddable":true,"href":"https:\/\/www.oidossucios.com\/site\/wp-json\/wp\/v2\/tags?post=7369"}],"curies":[{"name":"wp","href":"https:\/\/api.w.org\/{rel}","templated":true}]}}