{"id":7373,"date":"2013-06-05T18:39:00","date_gmt":"2013-06-05T18:39:00","guid":{"rendered":"https:\/\/www.oidossucios.com\/site\/2013\/06\/05\/luz-verde-confirma-su-gira-en-venezuela-y-anade-fecha-en-barquisimeto\/"},"modified":"2013-06-05T18:39:00","modified_gmt":"2013-06-05T18:39:00","slug":"luz-verde-confirma-su-gira-en-venezuela-y-anade-fecha-en-barquisimeto","status":"publish","type":"post","link":"https:\/\/www.oidossucios.com\/site\/luz-verde-confirma-su-gira-en-venezuela-y-anade-fecha-en-barquisimeto\/","title":{"rendered":"Luz Verde confirma su gira en Venezuela y a\u00f1ade fecha en Barquisimeto"},"content":{"rendered":"<p>Luz Verde regresa luego de ocho meses de ausencia de los escenarios venezolanos, para presentar la segunda parte de la gira de su disco <i>El Final del Mundo vol.1<\/i>, la cual se llevar\u00e1 a cabo en el mes de junio.<\/p>\n<p>En esta oportunidad, Luz Verde visitar\u00e1 Puerto La Cruz, la isla de Margarita, Cuman\u00e1, Barquisimeto y Caracas. La banda de rock cuenta con cinco discos en su haber <i>Cinema Cero<\/i>,<i>Rocanrol<\/i>, <i>Manual de Buenas Costumbres<\/i>, <i>En Llamas<\/i> y <i>El Final del Mundo vol.1<\/i>.<\/p>\n<p>Para esta, su primera visita del 2013, Luz Verde contar\u00e1 con la participaci\u00f3n del m\u00fasico y amigo de la banda Lu\u00eds S\u00e1nchez en el bajo, como sustituto de Pedro Misle, debido a su ausencia de la banda durante un a\u00f1o por motivos personales.<\/p>\n<p>Fechas de la gira de Luz Verde en Venezuela:<\/p>\n<p>Jueves 13 de junio Tibur\u00f3n Club Puerto La Cruz<br \/>Viernes 14 de junio Hard Rock Caf\u00e9 Margarita<br \/>S\u00e1bado 15 de junio The Pub Bar Cumana<br \/> Jueves 20 de junio&nbsp;&nbsp; Barquisimeto El Bunker del Este<br \/>Viernes 21 de junio Caracas Discovery Bar<br \/>S\u00e1bado 22 de junio Caracas Discovery Bar<\/p>\n<p>M\u00e1s info:<\/p>\n<p><a target=\"_blank\" href=\"http:\/\/www.luz-verde.com\/\" rel=\"noopener noreferrer\">www.luz-verde.com<\/a>&nbsp; <\/p>\n<p><a href=\"http:\/\/twitter.com\/#!\/@luzverdebcn\">@luzverdebcn<\/a>&nbsp;<\/p>\n<p><![endif]--><!--[if gte mso 10]> <\/style>\n\n <![endif]--><\/p>\n","protected":false},"excerpt":{"rendered":"<p>Luz Verde regresa luego de ocho meses de ausencia de los escenarios venezolanos, para presentar la segunda parte de la gira de su disco El Final del Mundo vol.1, la cual se llevar\u00e1 a cabo en el mes de junio. En esta oportunidad, Luz Verde visitar\u00e1 Puerto La Cruz, la isla de Margarita, Cuman\u00e1, Barquisimeto [&hellip;]<\/p>\n","protected":false},"author":4,"featured_media":100007373,"comment_status":"open","ping_status":"open","sticky":false,"template":"","format":"standard","meta":{"_jetpack_memberships_contains_paid_content":false,"footnotes":""},"categories":[142],"tags":[],"class_list":["post-7373","post","type-post","status-publish","format-standard","has-post-thumbnail","hentry","category-buzznews"],"jetpack_featured_media_url":"https:\/\/www.oidossucios.com\/site\/wp-content\/uploads\/2013\/06\/7373.jpg","yoast_head":"<!-- This site is optimized with the Yoast SEO plugin v14.0.4 - https:\/\/yoast.com\/wordpress\/plugins\/seo\/ -->\n<title>Luz Verde confirma su gira en Venezuela y a\u00f1ade fecha en Barquisimeto - OidosSucios.Com<\/title>\n<meta name=\"robots\" content=\"index, follow\" \/>\n<meta name=\"googlebot\" content=\"index, follow, max-snippet:-1, max-image-preview:large, max-video-preview:-1\" \/>\n<meta name=\"bingbot\" content=\"index, follow, max-snippet:-1, max-image-preview:large, max-video-preview:-1\" \/>\n<link rel=\"canonical\" href=\"https:\/\/www.oidossucios.com\/site\/luz-verde-confirma-su-gira-en-venezuela-y-anade-fecha-en-barquisimeto\/\" \/>\n<meta property=\"og:locale\" content=\"es_ES\" \/>\n<meta property=\"og:type\" content=\"article\" \/>\n<meta property=\"og:title\" content=\"Luz Verde confirma su gira en Venezuela y a\u00f1ade fecha en Barquisimeto - OidosSucios.Com\" \/>\n<meta property=\"og:description\" content=\"Luz Verde regresa luego de ocho meses de ausencia de los escenarios venezolanos, para presentar la segunda parte de la gira de su disco El Final del Mundo vol.1, la cual se llevar\u00e1 a cabo en el mes de junio. En esta oportunidad, Luz Verde visitar\u00e1 Puerto La Cruz, la isla de Margarita, Cuman\u00e1, Barquisimeto [&hellip;]\" \/>\n<meta property=\"og:url\" content=\"https:\/\/www.oidossucios.com\/site\/luz-verde-confirma-su-gira-en-venezuela-y-anade-fecha-en-barquisimeto\/\" \/>\n<meta property=\"og:site_name\" content=\"OidosSucios.Com\" \/>\n<meta property=\"article:published_time\" content=\"2013-06-05T18:39:00+00:00\" \/>\n<meta property=\"og:image\" content=\"https:\/\/www.oidossucios.com\/site\/wp-content\/uploads\/2013\/06\/7373.jpg\" \/>\n\t<meta property=\"og:image:width\" content=\"350\" \/>\n\t<meta property=\"og:image:height\" content=\"300\" \/>\n<meta name=\"twitter:card\" content=\"summary_large_image\" \/>\n<meta name=\"twitter:creator\" content=\"@oidossucios\" \/>\n<script type=\"application\/ld+json\" class=\"yoast-schema-graph\">{\"@context\":\"https:\/\/schema.org\",\"@graph\":[{\"@type\":\"WebSite\",\"@id\":\"https:\/\/www.oidossucios.com\/site\/#website\",\"url\":\"https:\/\/www.oidossucios.com\/site\/\",\"name\":\"OidosSucios.Com\",\"description\":\"M\\u00fasica, conciertos, discos\",\"potentialAction\":[{\"@type\":\"SearchAction\",\"target\":\"https:\/\/www.oidossucios.com\/site\/?s={search_term_string}\",\"query-input\":\"required name=search_term_string\"}],\"inLanguage\":\"es\"},{\"@type\":\"ImageObject\",\"@id\":\"https:\/\/www.oidossucios.com\/site\/luz-verde-confirma-su-gira-en-venezuela-y-anade-fecha-en-barquisimeto\/#primaryimage\",\"inLanguage\":\"es\",\"url\":\"https:\/\/www.oidossucios.com\/site\/wp-content\/uploads\/2013\/06\/7373.jpg\",\"width\":350,\"height\":300},{\"@type\":\"WebPage\",\"@id\":\"https:\/\/www.oidossucios.com\/site\/luz-verde-confirma-su-gira-en-venezuela-y-anade-fecha-en-barquisimeto\/#webpage\",\"url\":\"https:\/\/www.oidossucios.com\/site\/luz-verde-confirma-su-gira-en-venezuela-y-anade-fecha-en-barquisimeto\/\",\"name\":\"Luz Verde confirma su gira en Venezuela y a\\u00f1ade fecha en Barquisimeto - OidosSucios.Com\",\"isPartOf\":{\"@id\":\"https:\/\/www.oidossucios.com\/site\/#website\"},\"primaryImageOfPage\":{\"@id\":\"https:\/\/www.oidossucios.com\/site\/luz-verde-confirma-su-gira-en-venezuela-y-anade-fecha-en-barquisimeto\/#primaryimage\"},\"datePublished\":\"2013-06-05T18:39:00+00:00\",\"dateModified\":\"2013-06-05T18:39:00+00:00\",\"author\":{\"@id\":\"https:\/\/www.oidossucios.com\/site\/#\/schema\/person\/24559eeb76bf83a63296fb072393a688\"},\"inLanguage\":\"es\",\"potentialAction\":[{\"@type\":\"ReadAction\",\"target\":[\"https:\/\/www.oidossucios.com\/site\/luz-verde-confirma-su-gira-en-venezuela-y-anade-fecha-en-barquisimeto\/\"]}]},{\"@type\":[\"Person\"],\"@id\":\"https:\/\/www.oidossucios.com\/site\/#\/schema\/person\/24559eeb76bf83a63296fb072393a688\",\"name\":\"Oidossucios\",\"image\":{\"@type\":\"ImageObject\",\"@id\":\"https:\/\/www.oidossucios.com\/site\/#personlogo\",\"inLanguage\":\"es\",\"url\":\"https:\/\/secure.gravatar.com\/avatar\/74fcb480f42f1a33e50a0b6e6369a3f907be2e43dc84fa5f76c66e9c22b4a5ab?s=96&d=mm&r=g\",\"caption\":\"Oidossucios\"},\"sameAs\":[\"https:\/\/twitter.com\/oidossucios\"]}]}<\/script>\n<!-- \/ Yoast SEO plugin. -->","jetpack_sharing_enabled":true,"_links":{"self":[{"href":"https:\/\/www.oidossucios.com\/site\/wp-json\/wp\/v2\/posts\/7373","targetHints":{"allow":["GET"]}}],"collection":[{"href":"https:\/\/www.oidossucios.com\/site\/wp-json\/wp\/v2\/posts"}],"about":[{"href":"https:\/\/www.oidossucios.com\/site\/wp-json\/wp\/v2\/types\/post"}],"author":[{"embeddable":true,"href":"https:\/\/www.oidossucios.com\/site\/wp-json\/wp\/v2\/users\/4"}],"replies":[{"embeddable":true,"href":"https:\/\/www.oidossucios.com\/site\/wp-json\/wp\/v2\/comments?post=7373"}],"version-history":[{"count":0,"href":"https:\/\/www.oidossucios.com\/site\/wp-json\/wp\/v2\/posts\/7373\/revisions"}],"wp:featuredmedia":[{"embeddable":true,"href":"https:\/\/www.oidossucios.com\/site\/wp-json\/wp\/v2\/media\/100007373"}],"wp:attachment":[{"href":"https:\/\/www.oidossucios.com\/site\/wp-json\/wp\/v2\/media?parent=7373"}],"wp:term":[{"taxonomy":"category","embeddable":true,"href":"https:\/\/www.oidossucios.com\/site\/wp-json\/wp\/v2\/categories?post=7373"},{"taxonomy":"post_tag","embeddable":true,"href":"https:\/\/www.oidossucios.com\/site\/wp-json\/wp\/v2\/tags?post=7373"}],"curies":[{"name":"wp","href":"https:\/\/api.w.org\/{rel}","templated":true}]}}