{"id":7374,"date":"2013-06-05T18:43:00","date_gmt":"2013-06-05T18:43:00","guid":{"rendered":"https:\/\/www.oidossucios.com\/site\/2013\/06\/05\/los-mentas-celebran-en-caracas-sus-15-anos-con-un-concierto-para-todas-las-edades-en-el-teatro-nacional\/"},"modified":"2013-06-05T18:43:00","modified_gmt":"2013-06-05T18:43:00","slug":"los-mentas-celebran-en-caracas-sus-15-anos-con-un-concierto-para-todas-las-edades-en-el-teatro-nacional","status":"publish","type":"post","link":"https:\/\/www.oidossucios.com\/site\/los-mentas-celebran-en-caracas-sus-15-anos-con-un-concierto-para-todas-las-edades-en-el-teatro-nacional\/","title":{"rendered":"Los Mentas celebran en Caracas sus 15 a\u00f1os con un concierto para todas las edades en el Teatro Nacional"},"content":{"rendered":"<p>Los Mentas finalmente se presentan en la ciudad de Caracas para celebrar junto a su p\u00fablico los 15 a\u00f1os de la agrupaci\u00f3n, en un evento donde hasta los menores de edad podr\u00e1n deleitarse con los 10 mil vatios de potencia en tarima.<\/p>\n<p>El evento se llevar\u00e1 a cabo en el Teatro Nacional de Caracas este viernes 7 de junio a las 7:00 PM. La entrada tiene un valor de 30 bol\u00edvares y podr\u00e1 ser adquirida en las taquillas del recinto ese mismo d\u00eda. <i><\/p>\n<p>Arriba Carajo<\/i> es el nombre de la gira de una de las bandas de rock m\u00e1s queridas por el p\u00fablico y su disco en vivo est\u00e1 disponible en descarga gratuita a trav\u00e9s de <a href=\"http:\/\/bit.ly\/arribacarajodescarga\">http:\/\/bit.ly\/arribacarajodescarga<\/a><\/p>\n<p>El resto de las fechas confirmadas por la banda son:<\/p>\n<p>29 de junio \u0096 Caracas.<br \/>05 de julio \u0096 Valencia.<br \/>12 de julio \u0096 San Crist\u00f3bal.<br \/>13 de julio \u0096 M\u00e9rida.<br \/>20 de julio \u0096 Maracaibo.<br \/>27 de julio \u0096 Margarita.<br \/>16 de agosto \u0096 Puerto Ordaz.<br \/>17 de agosto \u0096 Ciudad Bol\u00edvar.<br \/>30 de agosto \u0096 Caracas.<br \/>31 de agosto &#8211; Valencia.<\/p>\n<p>Para m\u00e1s informaci\u00f3n ingresa en: <\/p>\n<p><a target=\"_blank\" href=\"http:\/\/losmentas.net\/\" rel=\"noopener noreferrer\">http:\/\/losmentas.net<\/a><\/p>\n<p><a target=\"_blank\" href=\"http:\/\/twitter.com\/losmentas\" rel=\"noopener noreferrer\">http:\/\/twitter.com\/losmentas<\/a><\/p>\n<p><a target=\"_blank\" href=\"http:\/\/facebook.com\/LosMentasVzla\" rel=\"noopener noreferrer\">http:\/\/facebook.com\/LosMentasVzla<\/a><\/p>\n<p><a target=\"_blank\" href=\"http:\/\/facebook.com\/LosMentasVzla\" rel=\"noopener noreferrer\">http:\/\/soundcloud.com\/LosMentasVzla<\/a><\/p>\n<p><![endif]--><!--[if gte mso 10]> <\/style>\n\n <![endif]--><!--nextpage--><img decoding=\"async\" class=\"aligncenter size-medium wp-image-111116815\" src=\"https:\/\/www.oidossucios.com\/site\/wp-content\/uploads\/2020\/02\/6815.jpg\" alt=\"Los Mentas celebran en Caracas sus 15 a\u00f1os con un concierto para todas las edades en el Teatro Nacional\"  \/><a href='https:\/\/www.oidossucios.com\/site\/los-mentas-celebran-en-caracas-sus-15-anos-con-un-concierto-para-todas-las-edades-en-el-teatro-nacional\/2\/'\n                        onclick='if (tpsInstance) { tpsInstance.setNext(); return false; }'\n                        rel='next'\n                        style=''\n                        class=''>Ver galer\u00eda<\/a>]]><\/p>\n","protected":false},"excerpt":{"rendered":"<p>Los Mentas finalmente se presentan en la ciudad de Caracas para celebrar junto a su p\u00fablico los 15 a\u00f1os de la agrupaci\u00f3n, en un evento donde hasta los menores de edad podr\u00e1n deleitarse con los 10 mil vatios de potencia en tarima. El evento se llevar\u00e1 a cabo en el Teatro Nacional de Caracas este [&hellip;]<\/p>\n","protected":false},"author":4,"featured_media":100007374,"comment_status":"open","ping_status":"open","sticky":false,"template":"","format":"standard","meta":{"_jetpack_memberships_contains_paid_content":false,"footnotes":""},"categories":[142],"tags":[],"class_list":["post-7374","post","type-post","status-publish","format-standard","has-post-thumbnail","hentry","category-buzznews"],"jetpack_featured_media_url":"https:\/\/www.oidossucios.com\/site\/wp-content\/uploads\/2013\/06\/7374.jpg","yoast_head":"<!-- This site is optimized with the Yoast SEO plugin v14.0.4 - https:\/\/yoast.com\/wordpress\/plugins\/seo\/ -->\n<title>Los Mentas celebran en Caracas sus 15 a\u00f1os con un concierto para todas las edades en el Teatro Nacional - OidosSucios.Com<\/title>\n<meta name=\"robots\" content=\"index, follow\" \/>\n<meta name=\"googlebot\" content=\"index, follow, max-snippet:-1, max-image-preview:large, max-video-preview:-1\" \/>\n<meta name=\"bingbot\" content=\"index, follow, max-snippet:-1, max-image-preview:large, max-video-preview:-1\" \/>\n<link rel=\"canonical\" href=\"https:\/\/www.oidossucios.com\/site\/los-mentas-celebran-en-caracas-sus-15-anos-con-un-concierto-para-todas-las-edades-en-el-teatro-nacional\/\" \/>\n<link rel=\"next\" href=\"https:\/\/www.oidossucios.com\/site\/los-mentas-celebran-en-caracas-sus-15-anos-con-un-concierto-para-todas-las-edades-en-el-teatro-nacional\/2\/\" \/>\n<meta property=\"og:locale\" content=\"es_ES\" \/>\n<meta property=\"og:type\" content=\"article\" \/>\n<meta property=\"og:title\" content=\"Los Mentas celebran en Caracas sus 15 a\u00f1os con un concierto para todas las edades en el Teatro Nacional - OidosSucios.Com\" \/>\n<meta property=\"og:description\" content=\"Los Mentas finalmente se presentan en la ciudad de Caracas para celebrar junto a su p\u00fablico los 15 a\u00f1os de la agrupaci\u00f3n, en un evento donde hasta los menores de edad podr\u00e1n deleitarse con los 10 mil vatios de potencia en tarima. El evento se llevar\u00e1 a cabo en el Teatro Nacional de Caracas este [&hellip;]\" \/>\n<meta property=\"og:url\" content=\"https:\/\/www.oidossucios.com\/site\/los-mentas-celebran-en-caracas-sus-15-anos-con-un-concierto-para-todas-las-edades-en-el-teatro-nacional\/\" \/>\n<meta property=\"og:site_name\" content=\"OidosSucios.Com\" \/>\n<meta property=\"article:published_time\" content=\"2013-06-05T18:43:00+00:00\" \/>\n<meta property=\"og:image\" content=\"https:\/\/www.oidossucios.com\/site\/wp-content\/uploads\/2013\/06\/7374.jpg\" \/>\n\t<meta property=\"og:image:width\" content=\"350\" \/>\n\t<meta property=\"og:image:height\" content=\"300\" \/>\n<meta name=\"twitter:card\" content=\"summary_large_image\" \/>\n<meta name=\"twitter:creator\" content=\"@oidossucios\" \/>\n<script type=\"application\/ld+json\" class=\"yoast-schema-graph\">{\"@context\":\"https:\/\/schema.org\",\"@graph\":[{\"@type\":\"WebSite\",\"@id\":\"https:\/\/www.oidossucios.com\/site\/#website\",\"url\":\"https:\/\/www.oidossucios.com\/site\/\",\"name\":\"OidosSucios.Com\",\"description\":\"M\\u00fasica, conciertos, discos\",\"potentialAction\":[{\"@type\":\"SearchAction\",\"target\":\"https:\/\/www.oidossucios.com\/site\/?s={search_term_string}\",\"query-input\":\"required name=search_term_string\"}],\"inLanguage\":\"es\"},{\"@type\":\"ImageObject\",\"@id\":\"https:\/\/www.oidossucios.com\/site\/los-mentas-celebran-en-caracas-sus-15-anos-con-un-concierto-para-todas-las-edades-en-el-teatro-nacional\/#primaryimage\",\"inLanguage\":\"es\",\"url\":\"https:\/\/www.oidossucios.com\/site\/wp-content\/uploads\/2013\/06\/7374.jpg\",\"width\":350,\"height\":300},{\"@type\":\"WebPage\",\"@id\":\"https:\/\/www.oidossucios.com\/site\/los-mentas-celebran-en-caracas-sus-15-anos-con-un-concierto-para-todas-las-edades-en-el-teatro-nacional\/#webpage\",\"url\":\"https:\/\/www.oidossucios.com\/site\/los-mentas-celebran-en-caracas-sus-15-anos-con-un-concierto-para-todas-las-edades-en-el-teatro-nacional\/\",\"name\":\"Los Mentas celebran en Caracas sus 15 a\\u00f1os con un concierto para todas las edades en el Teatro Nacional - OidosSucios.Com\",\"isPartOf\":{\"@id\":\"https:\/\/www.oidossucios.com\/site\/#website\"},\"primaryImageOfPage\":{\"@id\":\"https:\/\/www.oidossucios.com\/site\/los-mentas-celebran-en-caracas-sus-15-anos-con-un-concierto-para-todas-las-edades-en-el-teatro-nacional\/#primaryimage\"},\"datePublished\":\"2013-06-05T18:43:00+00:00\",\"dateModified\":\"2013-06-05T18:43:00+00:00\",\"author\":{\"@id\":\"https:\/\/www.oidossucios.com\/site\/#\/schema\/person\/24559eeb76bf83a63296fb072393a688\"},\"inLanguage\":\"es\",\"potentialAction\":[{\"@type\":\"ReadAction\",\"target\":[\"https:\/\/www.oidossucios.com\/site\/los-mentas-celebran-en-caracas-sus-15-anos-con-un-concierto-para-todas-las-edades-en-el-teatro-nacional\/\"]}]},{\"@type\":[\"Person\"],\"@id\":\"https:\/\/www.oidossucios.com\/site\/#\/schema\/person\/24559eeb76bf83a63296fb072393a688\",\"name\":\"Oidossucios\",\"image\":{\"@type\":\"ImageObject\",\"@id\":\"https:\/\/www.oidossucios.com\/site\/#personlogo\",\"inLanguage\":\"es\",\"url\":\"https:\/\/secure.gravatar.com\/avatar\/74fcb480f42f1a33e50a0b6e6369a3f907be2e43dc84fa5f76c66e9c22b4a5ab?s=96&d=mm&r=g\",\"caption\":\"Oidossucios\"},\"sameAs\":[\"https:\/\/twitter.com\/oidossucios\"]}]}<\/script>\n<!-- \/ Yoast SEO plugin. -->","jetpack_sharing_enabled":true,"_links":{"self":[{"href":"https:\/\/www.oidossucios.com\/site\/wp-json\/wp\/v2\/posts\/7374","targetHints":{"allow":["GET"]}}],"collection":[{"href":"https:\/\/www.oidossucios.com\/site\/wp-json\/wp\/v2\/posts"}],"about":[{"href":"https:\/\/www.oidossucios.com\/site\/wp-json\/wp\/v2\/types\/post"}],"author":[{"embeddable":true,"href":"https:\/\/www.oidossucios.com\/site\/wp-json\/wp\/v2\/users\/4"}],"replies":[{"embeddable":true,"href":"https:\/\/www.oidossucios.com\/site\/wp-json\/wp\/v2\/comments?post=7374"}],"version-history":[{"count":0,"href":"https:\/\/www.oidossucios.com\/site\/wp-json\/wp\/v2\/posts\/7374\/revisions"}],"wp:featuredmedia":[{"embeddable":true,"href":"https:\/\/www.oidossucios.com\/site\/wp-json\/wp\/v2\/media\/100007374"}],"wp:attachment":[{"href":"https:\/\/www.oidossucios.com\/site\/wp-json\/wp\/v2\/media?parent=7374"}],"wp:term":[{"taxonomy":"category","embeddable":true,"href":"https:\/\/www.oidossucios.com\/site\/wp-json\/wp\/v2\/categories?post=7374"},{"taxonomy":"post_tag","embeddable":true,"href":"https:\/\/www.oidossucios.com\/site\/wp-json\/wp\/v2\/tags?post=7374"}],"curies":[{"name":"wp","href":"https:\/\/api.w.org\/{rel}","templated":true}]}}