{"id":7387,"date":"2013-06-07T07:16:00","date_gmt":"2013-06-07T07:16:00","guid":{"rendered":"https:\/\/www.oidossucios.com\/site\/2013\/06\/07\/ahora-liam-gallagher-dice-que-podria-reunir-a-oasis-en-el-2014\/"},"modified":"2013-06-07T07:16:00","modified_gmt":"2013-06-07T07:16:00","slug":"ahora-liam-gallagher-dice-que-podria-reunir-a-oasis-en-el-2014","status":"publish","type":"post","link":"https:\/\/www.oidossucios.com\/site\/ahora-liam-gallagher-dice-que-podria-reunir-a-oasis-en-el-2014\/","title":{"rendered":"Ahora Liam Gallagher dice que podr\u00eda reunir a Oasis en el 2014"},"content":{"rendered":"<p>Liam Gallagher&nbsp;mostr\u00f3, por primera vez en mucho tiempo, sus intenciones para reformar Oasis&nbsp;para una gira de celebraci\u00f3n.<\/p>\n<p>En la m\u00e1s reciente edici\u00f3n de la revista&nbsp;<a target=\"_blank\" href=\"http:\/\/www.nme.com\/news\/oasis\/70681\" rel=\"noopener noreferrer\">NME<\/a>, el actual frontman de Beady Eye -que la pr\u00f3ximo semana lanzan su segundo disco-, dijo que para el aniversario de los veinte a\u00f1os de&nbsp;<i>Definitely Maybe<\/i>, el pr\u00f3ximo a\u00f1o, estar\u00eda bien reunir a la banda, sin dejar de lado sus respectivos proyectos:<\/p>\n<p>&#8220;Si lo hacemos, ser\u00eda bueno hacer esa maldita cosa que viene&nbsp;(20 aniversario de su \u00e1lbum debut)&nbsp;estar\u00eda ah\u00ed. Pero volver\u00eda a Beady Eye y Noel podr\u00eda volver a hacer sus cosas. Podr\u00edamos enterrar los rencores por algo de honor&#8221;.<\/p>\n<p>Aunque al mismo tiempo aclar\u00f3 que nunca podr\u00e1n grabar de nuevo:&nbsp;&#8220;No creo que hagamos otro disco. Dudo que nos juntemos alguna vez&#8221;.<\/p>\n<p>Por lo menos, Liam lanz\u00f3 nuevamente el guante. Habr\u00e1 que ver si su hermano Noel lo recoge.<\/p>\n<p>Fuente: www.rockaxis.com<![endif]--><!--[if gte mso 10]> <\/style>\n\n <![endif]--><!--nextpage--><img decoding=\"async\" class=\"aligncenter size-medium wp-image-111116820\" src=\"https:\/\/www.oidossucios.com\/site\/wp-content\/uploads\/2020\/02\/6820.jpg\" alt=\"Ahora Liam Gallagher dice que podr\u00eda reunir a Oasis en el 2014\"  \/><a href='https:\/\/www.oidossucios.com\/site\/ahora-liam-gallagher-dice-que-podria-reunir-a-oasis-en-el-2014\/2\/'\n                        onclick='if (tpsInstance) { tpsInstance.setNext(); return false; }'\n                        rel='next'\n                        style=''\n                        class=''>Ver galer\u00eda<\/a>]]><\/p>\n","protected":false},"excerpt":{"rendered":"<p>Liam Gallagher&nbsp;mostr\u00f3, por primera vez en mucho tiempo, sus intenciones para reformar Oasis&nbsp;para una gira de celebraci\u00f3n. En la m\u00e1s reciente edici\u00f3n de la revista&nbsp;NME, el actual frontman de Beady Eye -que la pr\u00f3ximo semana lanzan su segundo disco-, dijo que para el aniversario de los veinte a\u00f1os de&nbsp;Definitely Maybe, el pr\u00f3ximo a\u00f1o, estar\u00eda bien [&hellip;]<\/p>\n","protected":false},"author":4,"featured_media":100007387,"comment_status":"open","ping_status":"open","sticky":false,"template":"","format":"standard","meta":{"_jetpack_memberships_contains_paid_content":false,"footnotes":""},"categories":[142],"tags":[],"class_list":["post-7387","post","type-post","status-publish","format-standard","has-post-thumbnail","hentry","category-buzznews"],"jetpack_featured_media_url":"https:\/\/www.oidossucios.com\/site\/wp-content\/uploads\/2013\/06\/7387.jpg","yoast_head":"<!-- This site is optimized with the Yoast SEO plugin v14.0.4 - https:\/\/yoast.com\/wordpress\/plugins\/seo\/ -->\n<title>Ahora Liam Gallagher dice que podr\u00eda reunir a Oasis en el 2014 - OidosSucios.Com<\/title>\n<meta name=\"robots\" content=\"index, follow\" \/>\n<meta name=\"googlebot\" content=\"index, follow, max-snippet:-1, max-image-preview:large, max-video-preview:-1\" \/>\n<meta name=\"bingbot\" content=\"index, follow, max-snippet:-1, max-image-preview:large, max-video-preview:-1\" \/>\n<link rel=\"canonical\" href=\"https:\/\/www.oidossucios.com\/site\/ahora-liam-gallagher-dice-que-podria-reunir-a-oasis-en-el-2014\/\" \/>\n<link rel=\"next\" href=\"https:\/\/www.oidossucios.com\/site\/ahora-liam-gallagher-dice-que-podria-reunir-a-oasis-en-el-2014\/2\/\" \/>\n<meta property=\"og:locale\" content=\"es_ES\" \/>\n<meta property=\"og:type\" content=\"article\" \/>\n<meta property=\"og:title\" content=\"Ahora Liam Gallagher dice que podr\u00eda reunir a Oasis en el 2014 - OidosSucios.Com\" \/>\n<meta property=\"og:description\" content=\"Liam Gallagher&nbsp;mostr\u00f3, por primera vez en mucho tiempo, sus intenciones para reformar Oasis&nbsp;para una gira de celebraci\u00f3n. En la m\u00e1s reciente edici\u00f3n de la revista&nbsp;NME, el actual frontman de Beady Eye -que la pr\u00f3ximo semana lanzan su segundo disco-, dijo que para el aniversario de los veinte a\u00f1os de&nbsp;Definitely Maybe, el pr\u00f3ximo a\u00f1o, estar\u00eda bien [&hellip;]\" \/>\n<meta property=\"og:url\" content=\"https:\/\/www.oidossucios.com\/site\/ahora-liam-gallagher-dice-que-podria-reunir-a-oasis-en-el-2014\/\" \/>\n<meta property=\"og:site_name\" content=\"OidosSucios.Com\" \/>\n<meta property=\"article:published_time\" content=\"2013-06-07T07:16:00+00:00\" \/>\n<meta property=\"og:image\" content=\"https:\/\/www.oidossucios.com\/site\/wp-content\/uploads\/2013\/06\/7387.jpg\" \/>\n\t<meta property=\"og:image:width\" content=\"350\" \/>\n\t<meta property=\"og:image:height\" content=\"300\" \/>\n<meta name=\"twitter:card\" content=\"summary_large_image\" \/>\n<meta name=\"twitter:creator\" content=\"@oidossucios\" \/>\n<script type=\"application\/ld+json\" class=\"yoast-schema-graph\">{\"@context\":\"https:\/\/schema.org\",\"@graph\":[{\"@type\":\"WebSite\",\"@id\":\"https:\/\/www.oidossucios.com\/site\/#website\",\"url\":\"https:\/\/www.oidossucios.com\/site\/\",\"name\":\"OidosSucios.Com\",\"description\":\"M\\u00fasica, conciertos, discos\",\"potentialAction\":[{\"@type\":\"SearchAction\",\"target\":\"https:\/\/www.oidossucios.com\/site\/?s={search_term_string}\",\"query-input\":\"required name=search_term_string\"}],\"inLanguage\":\"es\"},{\"@type\":\"ImageObject\",\"@id\":\"https:\/\/www.oidossucios.com\/site\/ahora-liam-gallagher-dice-que-podria-reunir-a-oasis-en-el-2014\/#primaryimage\",\"inLanguage\":\"es\",\"url\":\"https:\/\/www.oidossucios.com\/site\/wp-content\/uploads\/2013\/06\/7387.jpg\",\"width\":350,\"height\":300},{\"@type\":\"WebPage\",\"@id\":\"https:\/\/www.oidossucios.com\/site\/ahora-liam-gallagher-dice-que-podria-reunir-a-oasis-en-el-2014\/#webpage\",\"url\":\"https:\/\/www.oidossucios.com\/site\/ahora-liam-gallagher-dice-que-podria-reunir-a-oasis-en-el-2014\/\",\"name\":\"Ahora Liam Gallagher dice que podr\\u00eda reunir a Oasis en el 2014 - OidosSucios.Com\",\"isPartOf\":{\"@id\":\"https:\/\/www.oidossucios.com\/site\/#website\"},\"primaryImageOfPage\":{\"@id\":\"https:\/\/www.oidossucios.com\/site\/ahora-liam-gallagher-dice-que-podria-reunir-a-oasis-en-el-2014\/#primaryimage\"},\"datePublished\":\"2013-06-07T07:16:00+00:00\",\"dateModified\":\"2013-06-07T07:16:00+00:00\",\"author\":{\"@id\":\"https:\/\/www.oidossucios.com\/site\/#\/schema\/person\/24559eeb76bf83a63296fb072393a688\"},\"inLanguage\":\"es\",\"potentialAction\":[{\"@type\":\"ReadAction\",\"target\":[\"https:\/\/www.oidossucios.com\/site\/ahora-liam-gallagher-dice-que-podria-reunir-a-oasis-en-el-2014\/\"]}]},{\"@type\":[\"Person\"],\"@id\":\"https:\/\/www.oidossucios.com\/site\/#\/schema\/person\/24559eeb76bf83a63296fb072393a688\",\"name\":\"Oidossucios\",\"image\":{\"@type\":\"ImageObject\",\"@id\":\"https:\/\/www.oidossucios.com\/site\/#personlogo\",\"inLanguage\":\"es\",\"url\":\"https:\/\/secure.gravatar.com\/avatar\/74fcb480f42f1a33e50a0b6e6369a3f907be2e43dc84fa5f76c66e9c22b4a5ab?s=96&d=mm&r=g\",\"caption\":\"Oidossucios\"},\"sameAs\":[\"https:\/\/twitter.com\/oidossucios\"]}]}<\/script>\n<!-- \/ Yoast SEO plugin. -->","jetpack_sharing_enabled":true,"_links":{"self":[{"href":"https:\/\/www.oidossucios.com\/site\/wp-json\/wp\/v2\/posts\/7387","targetHints":{"allow":["GET"]}}],"collection":[{"href":"https:\/\/www.oidossucios.com\/site\/wp-json\/wp\/v2\/posts"}],"about":[{"href":"https:\/\/www.oidossucios.com\/site\/wp-json\/wp\/v2\/types\/post"}],"author":[{"embeddable":true,"href":"https:\/\/www.oidossucios.com\/site\/wp-json\/wp\/v2\/users\/4"}],"replies":[{"embeddable":true,"href":"https:\/\/www.oidossucios.com\/site\/wp-json\/wp\/v2\/comments?post=7387"}],"version-history":[{"count":0,"href":"https:\/\/www.oidossucios.com\/site\/wp-json\/wp\/v2\/posts\/7387\/revisions"}],"wp:featuredmedia":[{"embeddable":true,"href":"https:\/\/www.oidossucios.com\/site\/wp-json\/wp\/v2\/media\/100007387"}],"wp:attachment":[{"href":"https:\/\/www.oidossucios.com\/site\/wp-json\/wp\/v2\/media?parent=7387"}],"wp:term":[{"taxonomy":"category","embeddable":true,"href":"https:\/\/www.oidossucios.com\/site\/wp-json\/wp\/v2\/categories?post=7387"},{"taxonomy":"post_tag","embeddable":true,"href":"https:\/\/www.oidossucios.com\/site\/wp-json\/wp\/v2\/tags?post=7387"}],"curies":[{"name":"wp","href":"https:\/\/api.w.org\/{rel}","templated":true}]}}