{"id":7390,"date":"2013-06-07T19:05:00","date_gmt":"2013-06-07T19:05:00","guid":{"rendered":"https:\/\/www.oidossucios.com\/site\/2013\/06\/07\/en-pocos-dias-llega-charly-garcia-a-caracas\/"},"modified":"2013-06-07T19:05:00","modified_gmt":"2013-06-07T19:05:00","slug":"en-pocos-dias-llega-charly-garcia-a-caracas","status":"publish","type":"post","link":"https:\/\/www.oidossucios.com\/site\/en-pocos-dias-llega-charly-garcia-a-caracas\/","title":{"rendered":"En pocos d\u00edas llega Charly Garc\u00eda a Caracas"},"content":{"rendered":"<p><![endif]--> <\/p>\n<p>Despu\u00e9s de 7 a\u00f1os sin pisar tierra venezolana, Charly Garc\u00eda decide presentarse en Caracas este s\u00e1bado 15 de junio para ofrecer en la escena &#8220;Dimensi\u00f3n Desconocida&#8221;&nbsp;acompa\u00f1ado por The Prostitution, el bigote bicolor presentar\u00e1n un concierto inspirado en <i>The Twilight Zone<\/i>: el cl\u00e1sico de Rod Serling.<\/p>\n<p>Este ser\u00e1 un concierto digno de sus &nbsp;fans, quienes por m\u00e1s de 40 a\u00f1os han seguido de manera fiel y constante cada una de las producciones discogr\u00e1ficas, que a la fecha suman, tambi\u00e9n, m\u00e1s de 40 productos musicales que le han permitido consolidarse como uno de los&nbsp; principales exponentes del rock latinoamericano.<\/p>\n<p>Este evento es posible gracias a la producci\u00f3n de Invershow, quien junto al grupo Anca, ha unido esfuerzos para ofrecer al p\u00fablico venezolano la irreverencia, espontaneidad e impulso de Charly, quien con su personalidad ha sellado con un estilo \u00fanico cada una de sus presentaciones en el continente suramericano&nbsp; y m\u00e1s all\u00e1 de los oc\u00e9anos, adem\u00e1s de ser el referente musical de generaciones.<\/p>\n<p>Se esperan sorpresas de parte de Charly Garc\u00eda, para Venezuela, las cuales se ir\u00e1n dando a conocer en su momento, destacaron los productores de Invershow,&nbsp; puesto que el artista ha solicitado hacer una agenda adicional a la p\u00fablica, los detalles se conocer\u00e1n &#8220;tal vez minutos antes de su presentaci\u00f3n&#8221;.<\/p>\n<p>Este evento se realizar\u00e1 en la reapertura del anfiteatro del Sambil- Caracas, durante la celebraci\u00f3n de los 15 a\u00f1os de este centro comercial. Para ese d\u00eda el p\u00fablico, podr\u00e1 disfrutar, casi en exclusivo del rey de la fusi\u00f3n del rock con una diversidad de g\u00e9neros que van desde la m\u00fasica cl\u00e1sica hasta el tango, &nbsp;de ubicaciones&nbsp; que se catalogan desde diamante hasta terraza, con precios que oscilan desde&nbsp; 625 hasta los 2 mil 100 bol\u00edvares.<\/p>\n<p>Las entradas se pueden adquirir &nbsp;ya en: restaurante Zen del Centro Comercial L\u00edder (Caracas),&nbsp; taquillas y web de <a href=\"http:\/\/www.tuticket.com\/Website\/ve\/Evento\/2_M%C3%BAsica\/1628_Charly%20Garc%C3%ADa\">Tuticket.com<\/a>y <a href=\"http:\/\/mitickera.com\/index.php?option=com_content&amp;view=article&amp;id=8:charly-garcia&amp;catid=8:noticias&amp;Itemid=102\">Mitickera.com<\/a>.<\/p>\n<p><!--[if gte mso 10]> <\/style>\n\n <![endif]--><!--nextpage--><img decoding=\"async\" class=\"aligncenter size-medium wp-image-111116821\" src=\"https:\/\/www.oidossucios.com\/site\/wp-content\/uploads\/2020\/02\/6821.jpg\" alt=\"En pocos d\u00edas llega Charly Garc\u00eda a Caracas\"  \/><!--nextpage--><img decoding=\"async\" class=\"aligncenter size-medium wp-image-111116822\" src=\"https:\/\/www.oidossucios.com\/site\/wp-content\/uploads\/2020\/02\/6822.jpg\" alt=\"En pocos d\u00edas llega Charly Garc\u00eda a Caracas\"  \/><!--nextpage--><img decoding=\"async\" class=\"aligncenter size-medium wp-image-111116823\" src=\"https:\/\/www.oidossucios.com\/site\/wp-content\/uploads\/2020\/02\/6823.jpg\" alt=\"En pocos d\u00edas llega Charly Garc\u00eda a Caracas\"  \/><!--nextpage--><img decoding=\"async\" class=\"aligncenter size-medium wp-image-111116824\" src=\"https:\/\/www.oidossucios.com\/site\/wp-content\/uploads\/2020\/02\/6824.jpg\" alt=\"En pocos d\u00edas llega Charly Garc\u00eda a Caracas\"  \/><!--nextpage--><img decoding=\"async\" class=\"aligncenter size-medium wp-image-111116825\" src=\"https:\/\/www.oidossucios.com\/site\/wp-content\/uploads\/2020\/02\/6825.jpg\" alt=\"En pocos d\u00edas llega Charly Garc\u00eda a Caracas\"  \/><!--nextpage--><img decoding=\"async\" class=\"aligncenter size-medium wp-image-111116826\" src=\"https:\/\/www.oidossucios.com\/site\/wp-content\/uploads\/2020\/02\/6826.jpg\" alt=\"En pocos d\u00edas llega Charly Garc\u00eda a Caracas\"  \/><!--nextpage--><img decoding=\"async\" class=\"aligncenter size-medium wp-image-111116827\" src=\"https:\/\/www.oidossucios.com\/site\/wp-content\/uploads\/2020\/02\/6827.jpg\" alt=\"En pocos d\u00edas llega Charly Garc\u00eda a Caracas\"  \/><!--nextpage--><img decoding=\"async\" class=\"aligncenter size-medium wp-image-111116828\" src=\"https:\/\/www.oidossucios.com\/site\/wp-content\/uploads\/2020\/02\/6828.jpg\" alt=\"En pocos d\u00edas llega Charly Garc\u00eda a Caracas\"  \/><!--nextpage--><img decoding=\"async\" class=\"aligncenter size-medium wp-image-111116829\" src=\"https:\/\/www.oidossucios.com\/site\/wp-content\/uploads\/2020\/02\/6829.jpg\" alt=\"En pocos d\u00edas llega Charly Garc\u00eda a Caracas\"  \/><a href='https:\/\/www.oidossucios.com\/site\/en-pocos-dias-llega-charly-garcia-a-caracas\/2\/'\n                        onclick='if (tpsInstance) { tpsInstance.setNext(); return false; }'\n                        rel='next'\n                        style=''\n                        class=''>Ver galer\u00eda<\/a>]]><\/p>\n","protected":false},"excerpt":{"rendered":"<p>La &#8220;Leyenda del Rock Latinoamericano&#8221; har\u00e1 la reinauguraci\u00f3n del Anfiteatro del Sambil &#8211; Caracas, actividad programada para la celebraci\u00f3n de los 15 a\u00f1os del centro comercial con un concierto el d\u00eda s\u00e1bado 15 de junio.<\/p>\n","protected":false},"author":4,"featured_media":100007390,"comment_status":"open","ping_status":"open","sticky":false,"template":"","format":"standard","meta":{"_jetpack_memberships_contains_paid_content":false,"footnotes":""},"categories":[250],"tags":[],"class_list":["post-7390","post","type-post","status-publish","format-standard","has-post-thumbnail","hentry","category-noticias"],"jetpack_featured_media_url":"https:\/\/www.oidossucios.com\/site\/wp-content\/uploads\/2013\/06\/7390.jpg","yoast_head":"<!-- This site is optimized with the Yoast SEO plugin v14.0.4 - https:\/\/yoast.com\/wordpress\/plugins\/seo\/ -->\n<title>En pocos d\u00edas llega Charly Garc\u00eda a Caracas - OidosSucios.Com<\/title>\n<meta name=\"description\" content=\"La &quot;Leyenda del Rock Latinoamericano&quot; har\u00e1 la reinauguraci\u00f3n del Anfiteatro del Sambil - Caracas, actividad programada para la celebraci\u00f3n de los 15 a\u00f1os del centro comercial con un concierto el d\u00eda s\u00e1bado 15 de junio.\" \/>\n<meta name=\"robots\" content=\"index, follow\" \/>\n<meta name=\"googlebot\" content=\"index, follow, max-snippet:-1, max-image-preview:large, max-video-preview:-1\" \/>\n<meta name=\"bingbot\" content=\"index, follow, max-snippet:-1, max-image-preview:large, max-video-preview:-1\" \/>\n<link rel=\"canonical\" href=\"https:\/\/www.oidossucios.com\/site\/en-pocos-dias-llega-charly-garcia-a-caracas\/\" \/>\n<link rel=\"next\" href=\"https:\/\/www.oidossucios.com\/site\/en-pocos-dias-llega-charly-garcia-a-caracas\/2\/\" \/>\n<meta property=\"og:locale\" content=\"es_ES\" \/>\n<meta property=\"og:type\" content=\"article\" \/>\n<meta property=\"og:title\" content=\"En pocos d\u00edas llega Charly Garc\u00eda a Caracas - OidosSucios.Com\" \/>\n<meta property=\"og:description\" content=\"La &quot;Leyenda del Rock Latinoamericano&quot; har\u00e1 la reinauguraci\u00f3n del Anfiteatro del Sambil - Caracas, actividad programada para la celebraci\u00f3n de los 15 a\u00f1os del centro comercial con un concierto el d\u00eda s\u00e1bado 15 de junio.\" \/>\n<meta property=\"og:url\" content=\"https:\/\/www.oidossucios.com\/site\/en-pocos-dias-llega-charly-garcia-a-caracas\/\" \/>\n<meta property=\"og:site_name\" content=\"OidosSucios.Com\" \/>\n<meta property=\"article:published_time\" content=\"2013-06-07T19:05:00+00:00\" \/>\n<meta property=\"og:image\" content=\"https:\/\/www.oidossucios.com\/site\/wp-content\/uploads\/2013\/06\/7390.jpg\" \/>\n\t<meta property=\"og:image:width\" content=\"350\" \/>\n\t<meta property=\"og:image:height\" content=\"300\" \/>\n<meta name=\"twitter:card\" content=\"summary_large_image\" \/>\n<meta name=\"twitter:creator\" content=\"@oidossucios\" \/>\n<script type=\"application\/ld+json\" class=\"yoast-schema-graph\">{\"@context\":\"https:\/\/schema.org\",\"@graph\":[{\"@type\":\"WebSite\",\"@id\":\"https:\/\/www.oidossucios.com\/site\/#website\",\"url\":\"https:\/\/www.oidossucios.com\/site\/\",\"name\":\"OidosSucios.Com\",\"description\":\"M\\u00fasica, conciertos, discos\",\"potentialAction\":[{\"@type\":\"SearchAction\",\"target\":\"https:\/\/www.oidossucios.com\/site\/?s={search_term_string}\",\"query-input\":\"required name=search_term_string\"}],\"inLanguage\":\"es\"},{\"@type\":\"ImageObject\",\"@id\":\"https:\/\/www.oidossucios.com\/site\/en-pocos-dias-llega-charly-garcia-a-caracas\/#primaryimage\",\"inLanguage\":\"es\",\"url\":\"https:\/\/www.oidossucios.com\/site\/wp-content\/uploads\/2013\/06\/7390.jpg\",\"width\":350,\"height\":300},{\"@type\":\"WebPage\",\"@id\":\"https:\/\/www.oidossucios.com\/site\/en-pocos-dias-llega-charly-garcia-a-caracas\/#webpage\",\"url\":\"https:\/\/www.oidossucios.com\/site\/en-pocos-dias-llega-charly-garcia-a-caracas\/\",\"name\":\"En pocos d\\u00edas llega Charly Garc\\u00eda a Caracas - OidosSucios.Com\",\"isPartOf\":{\"@id\":\"https:\/\/www.oidossucios.com\/site\/#website\"},\"primaryImageOfPage\":{\"@id\":\"https:\/\/www.oidossucios.com\/site\/en-pocos-dias-llega-charly-garcia-a-caracas\/#primaryimage\"},\"datePublished\":\"2013-06-07T19:05:00+00:00\",\"dateModified\":\"2013-06-07T19:05:00+00:00\",\"author\":{\"@id\":\"https:\/\/www.oidossucios.com\/site\/#\/schema\/person\/24559eeb76bf83a63296fb072393a688\"},\"description\":\"La \\\"Leyenda del Rock Latinoamericano\\\" har\\u00e1 la reinauguraci\\u00f3n del Anfiteatro del Sambil - Caracas, actividad programada para la celebraci\\u00f3n de los 15 a\\u00f1os del centro comercial con un concierto el d\\u00eda s\\u00e1bado 15 de junio.\",\"inLanguage\":\"es\",\"potentialAction\":[{\"@type\":\"ReadAction\",\"target\":[\"https:\/\/www.oidossucios.com\/site\/en-pocos-dias-llega-charly-garcia-a-caracas\/\"]}]},{\"@type\":[\"Person\"],\"@id\":\"https:\/\/www.oidossucios.com\/site\/#\/schema\/person\/24559eeb76bf83a63296fb072393a688\",\"name\":\"Oidossucios\",\"image\":{\"@type\":\"ImageObject\",\"@id\":\"https:\/\/www.oidossucios.com\/site\/#personlogo\",\"inLanguage\":\"es\",\"url\":\"https:\/\/secure.gravatar.com\/avatar\/74fcb480f42f1a33e50a0b6e6369a3f907be2e43dc84fa5f76c66e9c22b4a5ab?s=96&d=mm&r=g\",\"caption\":\"Oidossucios\"},\"sameAs\":[\"https:\/\/twitter.com\/oidossucios\"]}]}<\/script>\n<!-- \/ Yoast SEO plugin. -->","jetpack_sharing_enabled":true,"_links":{"self":[{"href":"https:\/\/www.oidossucios.com\/site\/wp-json\/wp\/v2\/posts\/7390","targetHints":{"allow":["GET"]}}],"collection":[{"href":"https:\/\/www.oidossucios.com\/site\/wp-json\/wp\/v2\/posts"}],"about":[{"href":"https:\/\/www.oidossucios.com\/site\/wp-json\/wp\/v2\/types\/post"}],"author":[{"embeddable":true,"href":"https:\/\/www.oidossucios.com\/site\/wp-json\/wp\/v2\/users\/4"}],"replies":[{"embeddable":true,"href":"https:\/\/www.oidossucios.com\/site\/wp-json\/wp\/v2\/comments?post=7390"}],"version-history":[{"count":0,"href":"https:\/\/www.oidossucios.com\/site\/wp-json\/wp\/v2\/posts\/7390\/revisions"}],"wp:featuredmedia":[{"embeddable":true,"href":"https:\/\/www.oidossucios.com\/site\/wp-json\/wp\/v2\/media\/100007390"}],"wp:attachment":[{"href":"https:\/\/www.oidossucios.com\/site\/wp-json\/wp\/v2\/media?parent=7390"}],"wp:term":[{"taxonomy":"category","embeddable":true,"href":"https:\/\/www.oidossucios.com\/site\/wp-json\/wp\/v2\/categories?post=7390"},{"taxonomy":"post_tag","embeddable":true,"href":"https:\/\/www.oidossucios.com\/site\/wp-json\/wp\/v2\/tags?post=7390"}],"curies":[{"name":"wp","href":"https:\/\/api.w.org\/{rel}","templated":true}]}}