{"id":7393,"date":"2013-06-07T19:52:00","date_gmt":"2013-06-07T19:52:00","guid":{"rendered":"https:\/\/www.oidossucios.com\/site\/2013\/06\/07\/morrissey-vendra-a-suramerica-este-ano\/"},"modified":"2013-06-07T19:52:00","modified_gmt":"2013-06-07T19:52:00","slug":"morrissey-vendra-a-suramerica-este-ano","status":"publish","type":"post","link":"https:\/\/www.oidossucios.com\/site\/morrissey-vendra-a-suramerica-este-ano\/","title":{"rendered":"\u00bfMorrissey vendr\u00e1 a Suram\u00e9rica este a\u00f1o?"},"content":{"rendered":"<p>Por <\/p>\n<p>En una nota publicada en la <a href=\"http:\/\/www.fmrockandpop.com\/2013\/06\/sera-solo-un-rumor\/\">p\u00e1gina web<\/a>de la reconocida emisora argentina FM Rock &amp; Pop, se dio a conocer que el ex vocalista de The Smiths, Morrissey se presentar\u00eda en Suram\u00e9rica este a\u00f1o.<\/p>\n<p>Recordemos que a principios de 2013 hubo rumores que ubicaban al cantante en nuestro continente, <a href=\"\/rumores\/6485\/morrissey-se-presentaria-en-caracas-the-smiths\/\">de hecho una productora venezolana lo ten\u00eda firmado<\/a>, pero todo se vio cancelado (o pospuesto) debido a los recurrentes problemas de salud de Morrissey.<\/p>\n<p>Por ahora, desconocemos si el show en Caracas se retomar\u00e1.<\/p>\n<p>A continuaci\u00f3n, la nota publicada en FM Rock &amp; Pop:<b><i><\/p>\n<p>\u00bfSer\u00e1 s\u00f3lo un rumor?<\/i><\/b><i><\/p>\n<p>Seg\u00fan la p\u00e1gina&nbsp;<a href=\"http:\/\/www.true-to-you.net\/\">True To You<\/a>&nbsp;el ex l\u00edder de los Smiths visitar\u00eda Sudam\u00e9rica en julio y dar\u00eda una serie de conciertos en Chile, Per\u00fa y Argentina. Aunque por el momento no hay nada confirmado y se trata simplemente de un rumor, los medios trasandinos y peruanos se hicieron eco de la noticia y se animan a asegurar que Morrisey tendr\u00eda todo arreglado para tocar en esos pa\u00edses.<\/i><i><\/p>\n<p>&#8220;Morrissey realizar\u00e1 tres shows en Per\u00fa, ocho shows en Chile y un espect\u00e1culo en Argentina durante el mes de julio. Los detalles completos de los lugares se dar\u00e1n a conocer dentro de un d\u00eda o dos. Kristeen Young lo acompa\u00f1ar\u00e1 como acto de apertura&#8221; explica el comunicado publicado en las webs True To You y Morrisey-Solo.<\/i><i><\/p>\n<p>El rumor sobre una posible nueva visita del ex l\u00edder de los Smiths ven\u00eda circulando hace un tiempo, y luego de la publicaci\u00f3n de esta noticia las esperanzas empiezan a crecer. <\/i><![endif]--><!--[if gte mso 10]> <\/style>\n\n <![endif]--><\/p>\n","protected":false},"excerpt":{"rendered":"<p>En una nota publicada en la p\u00e1gina web de la reconocida emisora argentina FM Rock &amp; Pop, se dio a conocer que el ex vocalista de The Smiths, Morrissey se presentar\u00eda en Suram\u00e9rica este a\u00f1o.<\/p>\n","protected":false},"author":4,"featured_media":100007393,"comment_status":"open","ping_status":"open","sticky":false,"template":"","format":"standard","meta":{"_jetpack_memberships_contains_paid_content":false,"footnotes":""},"categories":[640],"tags":[],"class_list":["post-7393","post","type-post","status-publish","format-standard","has-post-thumbnail","hentry","category-rumores"],"jetpack_featured_media_url":"https:\/\/www.oidossucios.com\/site\/wp-content\/uploads\/2013\/06\/7393.jpg","yoast_head":"<!-- This site is optimized with the Yoast SEO plugin v14.0.4 - https:\/\/yoast.com\/wordpress\/plugins\/seo\/ -->\n<title>\u00bfMorrissey vendr\u00e1 a Suram\u00e9rica este a\u00f1o? - OidosSucios.Com<\/title>\n<meta name=\"description\" content=\"En una nota publicada en la p\u00e1gina web de la reconocida emisora argentina FM Rock &amp; Pop, se dio a conocer que el ex vocalista de The Smiths, Morrissey se presentar\u00eda en Suram\u00e9rica este a\u00f1o.\" \/>\n<meta name=\"robots\" content=\"index, follow\" \/>\n<meta name=\"googlebot\" content=\"index, follow, max-snippet:-1, max-image-preview:large, max-video-preview:-1\" \/>\n<meta name=\"bingbot\" content=\"index, follow, max-snippet:-1, max-image-preview:large, max-video-preview:-1\" \/>\n<link rel=\"canonical\" href=\"https:\/\/www.oidossucios.com\/site\/morrissey-vendra-a-suramerica-este-ano\/\" \/>\n<meta property=\"og:locale\" content=\"es_ES\" \/>\n<meta property=\"og:type\" content=\"article\" \/>\n<meta property=\"og:title\" content=\"\u00bfMorrissey vendr\u00e1 a Suram\u00e9rica este a\u00f1o? - OidosSucios.Com\" \/>\n<meta property=\"og:description\" content=\"En una nota publicada en la p\u00e1gina web de la reconocida emisora argentina FM Rock &amp; Pop, se dio a conocer que el ex vocalista de The Smiths, Morrissey se presentar\u00eda en Suram\u00e9rica este a\u00f1o.\" \/>\n<meta property=\"og:url\" content=\"https:\/\/www.oidossucios.com\/site\/morrissey-vendra-a-suramerica-este-ano\/\" \/>\n<meta property=\"og:site_name\" content=\"OidosSucios.Com\" \/>\n<meta property=\"article:published_time\" content=\"2013-06-07T19:52:00+00:00\" \/>\n<meta property=\"og:image\" content=\"https:\/\/www.oidossucios.com\/site\/wp-content\/uploads\/2013\/06\/7393.jpg\" \/>\n\t<meta property=\"og:image:width\" content=\"350\" \/>\n\t<meta property=\"og:image:height\" content=\"300\" \/>\n<meta name=\"twitter:card\" content=\"summary_large_image\" \/>\n<meta name=\"twitter:creator\" content=\"@oidossucios\" \/>\n<script type=\"application\/ld+json\" class=\"yoast-schema-graph\">{\"@context\":\"https:\/\/schema.org\",\"@graph\":[{\"@type\":\"WebSite\",\"@id\":\"https:\/\/www.oidossucios.com\/site\/#website\",\"url\":\"https:\/\/www.oidossucios.com\/site\/\",\"name\":\"OidosSucios.Com\",\"description\":\"M\\u00fasica, conciertos, discos\",\"potentialAction\":[{\"@type\":\"SearchAction\",\"target\":\"https:\/\/www.oidossucios.com\/site\/?s={search_term_string}\",\"query-input\":\"required name=search_term_string\"}],\"inLanguage\":\"es\"},{\"@type\":\"ImageObject\",\"@id\":\"https:\/\/www.oidossucios.com\/site\/morrissey-vendra-a-suramerica-este-ano\/#primaryimage\",\"inLanguage\":\"es\",\"url\":\"https:\/\/www.oidossucios.com\/site\/wp-content\/uploads\/2013\/06\/7393.jpg\",\"width\":350,\"height\":300},{\"@type\":\"WebPage\",\"@id\":\"https:\/\/www.oidossucios.com\/site\/morrissey-vendra-a-suramerica-este-ano\/#webpage\",\"url\":\"https:\/\/www.oidossucios.com\/site\/morrissey-vendra-a-suramerica-este-ano\/\",\"name\":\"\\u00bfMorrissey vendr\\u00e1 a Suram\\u00e9rica este a\\u00f1o? - OidosSucios.Com\",\"isPartOf\":{\"@id\":\"https:\/\/www.oidossucios.com\/site\/#website\"},\"primaryImageOfPage\":{\"@id\":\"https:\/\/www.oidossucios.com\/site\/morrissey-vendra-a-suramerica-este-ano\/#primaryimage\"},\"datePublished\":\"2013-06-07T19:52:00+00:00\",\"dateModified\":\"2013-06-07T19:52:00+00:00\",\"author\":{\"@id\":\"https:\/\/www.oidossucios.com\/site\/#\/schema\/person\/24559eeb76bf83a63296fb072393a688\"},\"description\":\"En una nota publicada en la p\\u00e1gina web de la reconocida emisora argentina FM Rock &amp; Pop, se dio a conocer que el ex vocalista de The Smiths, Morrissey se presentar\\u00eda en Suram\\u00e9rica este a\\u00f1o.\",\"inLanguage\":\"es\",\"potentialAction\":[{\"@type\":\"ReadAction\",\"target\":[\"https:\/\/www.oidossucios.com\/site\/morrissey-vendra-a-suramerica-este-ano\/\"]}]},{\"@type\":[\"Person\"],\"@id\":\"https:\/\/www.oidossucios.com\/site\/#\/schema\/person\/24559eeb76bf83a63296fb072393a688\",\"name\":\"Oidossucios\",\"image\":{\"@type\":\"ImageObject\",\"@id\":\"https:\/\/www.oidossucios.com\/site\/#personlogo\",\"inLanguage\":\"es\",\"url\":\"https:\/\/secure.gravatar.com\/avatar\/74fcb480f42f1a33e50a0b6e6369a3f907be2e43dc84fa5f76c66e9c22b4a5ab?s=96&d=mm&r=g\",\"caption\":\"Oidossucios\"},\"sameAs\":[\"https:\/\/twitter.com\/oidossucios\"]}]}<\/script>\n<!-- \/ Yoast SEO plugin. -->","jetpack_sharing_enabled":true,"_links":{"self":[{"href":"https:\/\/www.oidossucios.com\/site\/wp-json\/wp\/v2\/posts\/7393","targetHints":{"allow":["GET"]}}],"collection":[{"href":"https:\/\/www.oidossucios.com\/site\/wp-json\/wp\/v2\/posts"}],"about":[{"href":"https:\/\/www.oidossucios.com\/site\/wp-json\/wp\/v2\/types\/post"}],"author":[{"embeddable":true,"href":"https:\/\/www.oidossucios.com\/site\/wp-json\/wp\/v2\/users\/4"}],"replies":[{"embeddable":true,"href":"https:\/\/www.oidossucios.com\/site\/wp-json\/wp\/v2\/comments?post=7393"}],"version-history":[{"count":0,"href":"https:\/\/www.oidossucios.com\/site\/wp-json\/wp\/v2\/posts\/7393\/revisions"}],"wp:featuredmedia":[{"embeddable":true,"href":"https:\/\/www.oidossucios.com\/site\/wp-json\/wp\/v2\/media\/100007393"}],"wp:attachment":[{"href":"https:\/\/www.oidossucios.com\/site\/wp-json\/wp\/v2\/media?parent=7393"}],"wp:term":[{"taxonomy":"category","embeddable":true,"href":"https:\/\/www.oidossucios.com\/site\/wp-json\/wp\/v2\/categories?post=7393"},{"taxonomy":"post_tag","embeddable":true,"href":"https:\/\/www.oidossucios.com\/site\/wp-json\/wp\/v2\/tags?post=7393"}],"curies":[{"name":"wp","href":"https:\/\/api.w.org\/{rel}","templated":true}]}}