{"id":7412,"date":"2013-06-12T05:36:00","date_gmt":"2013-06-12T05:36:00","guid":{"rendered":"https:\/\/www.oidossucios.com\/site\/2013\/06\/12\/brandon-boyd-anuncia-nuevo-ep-solista\/"},"modified":"2013-06-12T05:36:00","modified_gmt":"2013-06-12T05:36:00","slug":"brandon-boyd-anuncia-nuevo-ep-solista","status":"publish","type":"post","link":"https:\/\/www.oidossucios.com\/site\/brandon-boyd-anuncia-nuevo-ep-solista\/","title":{"rendered":"Brandon Boyd anuncia nuevo EP solista"},"content":{"rendered":"<p>Ya se tiene informaci\u00f3n del nuevo lanzamiento que&nbsp;Brandon Boyd&nbsp;se ha encontrado preparando para este a\u00f1o.<a target=\"_blank\" href=\"\/buzznews\/7340\/brandon-boyd-incubus-ofrece-teaser-de-su\/\" rel=\"noopener noreferrer\"><\/p>\n<p>Tras el peque\u00f1o adelanto entregado hace algunos d\u00edas<\/a>, el vocalista de Incubus inform\u00f3 a trav\u00e9s de su&nbsp;<a target=\"_blank\" href=\"http:\/\/www.brandonboyd.me\/news_music.html#.UbVsHNgSR3-\" rel=\"noopener noreferrer\">p\u00e1gina oficial<\/a>&nbsp;que se trata de un EP, que ya tiene un t\u00edtulo:&nbsp;<i>Compass \u0096 Sons of the Sea<\/i>. Cuatro ser\u00edan las canciones que traer\u00eda, ya que en&nbsp;<a target=\"_blank\" href=\"http:\/\/www.amazon.co.uk\/dp\/B00D670Q8A\/ref=cm_sw_r_fa_dp_lGNSrb07F8CSV\" rel=\"noopener noreferrer\">Amazon<\/a>&nbsp;se encuentran muestras de ellas.<\/p>\n<p>Este es el tracklist:<\/p>\n<p>01. Space and Time<br \/>02. Come Together<br \/>03. Where All the Songs Come from<br \/>04. Lady Black<\/p>\n<p>El nuevo trabajo de Brandon Boyd se lanzar\u00e1 de manera digital este&nbsp;25 de junio.<\/p>\n<p>Fuente: www.rockaxis.com<![endif]--><!--[if gte mso 10]> <\/style>\n\n <![endif]--><\/p>\n","protected":false},"excerpt":{"rendered":"<p>Ya se tiene informaci\u00f3n del nuevo lanzamiento que&nbsp;Brandon Boyd&nbsp;se ha encontrado preparando para este a\u00f1o. Tras el peque\u00f1o adelanto entregado hace algunos d\u00edas, el vocalista de Incubus inform\u00f3 a trav\u00e9s de su&nbsp;p\u00e1gina oficial&nbsp;que se trata de un EP, que ya tiene un t\u00edtulo:&nbsp;Compass \u0096 Sons of the Sea. Cuatro ser\u00edan las canciones que traer\u00eda, ya [&hellip;]<\/p>\n","protected":false},"author":4,"featured_media":100007412,"comment_status":"open","ping_status":"open","sticky":false,"template":"","format":"standard","meta":{"_jetpack_memberships_contains_paid_content":false,"footnotes":""},"categories":[142],"tags":[],"class_list":["post-7412","post","type-post","status-publish","format-standard","has-post-thumbnail","hentry","category-buzznews"],"jetpack_featured_media_url":"https:\/\/www.oidossucios.com\/site\/wp-content\/uploads\/2013\/06\/7412.jpg","yoast_head":"<!-- This site is optimized with the Yoast SEO plugin v14.0.4 - https:\/\/yoast.com\/wordpress\/plugins\/seo\/ -->\n<title>Brandon Boyd anuncia nuevo EP solista - OidosSucios.Com<\/title>\n<meta name=\"robots\" content=\"index, follow\" \/>\n<meta name=\"googlebot\" content=\"index, follow, max-snippet:-1, max-image-preview:large, max-video-preview:-1\" \/>\n<meta name=\"bingbot\" content=\"index, follow, max-snippet:-1, max-image-preview:large, max-video-preview:-1\" \/>\n<link rel=\"canonical\" href=\"https:\/\/www.oidossucios.com\/site\/brandon-boyd-anuncia-nuevo-ep-solista\/\" \/>\n<meta property=\"og:locale\" content=\"es_ES\" \/>\n<meta property=\"og:type\" content=\"article\" \/>\n<meta property=\"og:title\" content=\"Brandon Boyd anuncia nuevo EP solista - OidosSucios.Com\" \/>\n<meta property=\"og:description\" content=\"Ya se tiene informaci\u00f3n del nuevo lanzamiento que&nbsp;Brandon Boyd&nbsp;se ha encontrado preparando para este a\u00f1o. Tras el peque\u00f1o adelanto entregado hace algunos d\u00edas, el vocalista de Incubus inform\u00f3 a trav\u00e9s de su&nbsp;p\u00e1gina oficial&nbsp;que se trata de un EP, que ya tiene un t\u00edtulo:&nbsp;Compass \u0096 Sons of the Sea. Cuatro ser\u00edan las canciones que traer\u00eda, ya [&hellip;]\" \/>\n<meta property=\"og:url\" content=\"https:\/\/www.oidossucios.com\/site\/brandon-boyd-anuncia-nuevo-ep-solista\/\" \/>\n<meta property=\"og:site_name\" content=\"OidosSucios.Com\" \/>\n<meta property=\"article:published_time\" content=\"2013-06-12T05:36:00+00:00\" \/>\n<meta property=\"og:image\" content=\"https:\/\/www.oidossucios.com\/site\/wp-content\/uploads\/2013\/06\/7412.jpg\" \/>\n\t<meta property=\"og:image:width\" content=\"350\" \/>\n\t<meta property=\"og:image:height\" content=\"300\" \/>\n<meta name=\"twitter:card\" content=\"summary_large_image\" \/>\n<meta name=\"twitter:creator\" content=\"@oidossucios\" \/>\n<script type=\"application\/ld+json\" class=\"yoast-schema-graph\">{\"@context\":\"https:\/\/schema.org\",\"@graph\":[{\"@type\":\"WebSite\",\"@id\":\"https:\/\/www.oidossucios.com\/site\/#website\",\"url\":\"https:\/\/www.oidossucios.com\/site\/\",\"name\":\"OidosSucios.Com\",\"description\":\"M\\u00fasica, conciertos, discos\",\"potentialAction\":[{\"@type\":\"SearchAction\",\"target\":\"https:\/\/www.oidossucios.com\/site\/?s={search_term_string}\",\"query-input\":\"required name=search_term_string\"}],\"inLanguage\":\"es\"},{\"@type\":\"ImageObject\",\"@id\":\"https:\/\/www.oidossucios.com\/site\/brandon-boyd-anuncia-nuevo-ep-solista\/#primaryimage\",\"inLanguage\":\"es\",\"url\":\"https:\/\/www.oidossucios.com\/site\/wp-content\/uploads\/2013\/06\/7412.jpg\",\"width\":350,\"height\":300},{\"@type\":\"WebPage\",\"@id\":\"https:\/\/www.oidossucios.com\/site\/brandon-boyd-anuncia-nuevo-ep-solista\/#webpage\",\"url\":\"https:\/\/www.oidossucios.com\/site\/brandon-boyd-anuncia-nuevo-ep-solista\/\",\"name\":\"Brandon Boyd anuncia nuevo EP solista - OidosSucios.Com\",\"isPartOf\":{\"@id\":\"https:\/\/www.oidossucios.com\/site\/#website\"},\"primaryImageOfPage\":{\"@id\":\"https:\/\/www.oidossucios.com\/site\/brandon-boyd-anuncia-nuevo-ep-solista\/#primaryimage\"},\"datePublished\":\"2013-06-12T05:36:00+00:00\",\"dateModified\":\"2013-06-12T05:36:00+00:00\",\"author\":{\"@id\":\"https:\/\/www.oidossucios.com\/site\/#\/schema\/person\/24559eeb76bf83a63296fb072393a688\"},\"inLanguage\":\"es\",\"potentialAction\":[{\"@type\":\"ReadAction\",\"target\":[\"https:\/\/www.oidossucios.com\/site\/brandon-boyd-anuncia-nuevo-ep-solista\/\"]}]},{\"@type\":[\"Person\"],\"@id\":\"https:\/\/www.oidossucios.com\/site\/#\/schema\/person\/24559eeb76bf83a63296fb072393a688\",\"name\":\"Oidossucios\",\"image\":{\"@type\":\"ImageObject\",\"@id\":\"https:\/\/www.oidossucios.com\/site\/#personlogo\",\"inLanguage\":\"es\",\"url\":\"https:\/\/secure.gravatar.com\/avatar\/74fcb480f42f1a33e50a0b6e6369a3f907be2e43dc84fa5f76c66e9c22b4a5ab?s=96&d=mm&r=g\",\"caption\":\"Oidossucios\"},\"sameAs\":[\"https:\/\/twitter.com\/oidossucios\"]}]}<\/script>\n<!-- \/ Yoast SEO plugin. -->","jetpack_sharing_enabled":true,"_links":{"self":[{"href":"https:\/\/www.oidossucios.com\/site\/wp-json\/wp\/v2\/posts\/7412","targetHints":{"allow":["GET"]}}],"collection":[{"href":"https:\/\/www.oidossucios.com\/site\/wp-json\/wp\/v2\/posts"}],"about":[{"href":"https:\/\/www.oidossucios.com\/site\/wp-json\/wp\/v2\/types\/post"}],"author":[{"embeddable":true,"href":"https:\/\/www.oidossucios.com\/site\/wp-json\/wp\/v2\/users\/4"}],"replies":[{"embeddable":true,"href":"https:\/\/www.oidossucios.com\/site\/wp-json\/wp\/v2\/comments?post=7412"}],"version-history":[{"count":0,"href":"https:\/\/www.oidossucios.com\/site\/wp-json\/wp\/v2\/posts\/7412\/revisions"}],"wp:featuredmedia":[{"embeddable":true,"href":"https:\/\/www.oidossucios.com\/site\/wp-json\/wp\/v2\/media\/100007412"}],"wp:attachment":[{"href":"https:\/\/www.oidossucios.com\/site\/wp-json\/wp\/v2\/media?parent=7412"}],"wp:term":[{"taxonomy":"category","embeddable":true,"href":"https:\/\/www.oidossucios.com\/site\/wp-json\/wp\/v2\/categories?post=7412"},{"taxonomy":"post_tag","embeddable":true,"href":"https:\/\/www.oidossucios.com\/site\/wp-json\/wp\/v2\/tags?post=7412"}],"curies":[{"name":"wp","href":"https:\/\/api.w.org\/{rel}","templated":true}]}}