{"id":7418,"date":"2013-06-14T07:01:00","date_gmt":"2013-06-14T07:01:00","guid":{"rendered":"https:\/\/www.oidossucios.com\/site\/2013\/06\/14\/se-confirma-concierto-de-morrissey-en-argentina\/"},"modified":"2013-06-14T07:01:00","modified_gmt":"2013-06-14T07:01:00","slug":"se-confirma-concierto-de-morrissey-en-argentina","status":"publish","type":"post","link":"https:\/\/www.oidossucios.com\/site\/se-confirma-concierto-de-morrissey-en-argentina\/","title":{"rendered":"Se confirma concierto de Morrissey en Argentina"},"content":{"rendered":"<p>A trav\u00e9s de una nota en el <a href=\"http:\/\/www.fmrockandpop.com\/2013\/06\/morrisey-vuelve-a-argentina\/\">website<\/a>de la emisora argentina FM Rock &amp; Pop, se dio a conocer que Morrissey visitar\u00e1 Latinoam\u00e9rica esta a\u00f1o.<\/p>\n<p>Recordemos que a principios de 2013 hubo rumores que ubicaban al cantante en nuestro continente,&nbsp;<a href=\"\/rumores\/6485\/morrissey-se-presentaria-en-caracas-the-smiths\/\">de hecho una productora venezolana lo ten\u00eda firmado<\/a>, pero todo se vio cancelado (o pospuesto) debido a los recurrentes problemas de salud de Morrissey.<\/p>\n<p>Por ahora, desconocemos si el show en Caracas se retomar\u00e1.<\/p>\n<p>Ac\u00e1 la nota:<b><\/p>\n<p>Morrissey vuelve a Argentina<\/b><\/p>\n<p>Como te contamos hace unos d\u00edas Morrissey tendr\u00eda todo arreglado para volver a Sudam\u00e9rica en el mes de julio. Lo que parec\u00eda ser un rumor bastante disparatado \u0096ocho shows en Chile, tres en Per\u00fa y Brasil y uno en Argentina- se confirm\u00f3 en las \u00faltimas horas: Mozz se presentar\u00e1 en nuestro pa\u00eds el pr\u00f3ximo 28 de julio en el predio de Tencn\u00f3polis.<\/p>\n<p>Aunque en un principio muchos especulaban con que el show ser\u00eda gratuito ya que se trataba de un predio estatal, la informaci\u00f3n que circul\u00f3 en las \u00faltimas horas con respecto al recital es que se desarrollar\u00e1 en un estadio cubierto que se est\u00e1 construyendo en Tecn\u00f3polis y que la productora Time For Fun ser\u00e1 la encargada de la organizaci\u00f3n del evento.<\/p>\n<p>La gira que Morrisey emprender\u00e1 en Sudam\u00e9rica ser\u00e1 junto a la artista estadounidense Kristeen Young quien acompa\u00f1ar\u00e1 al m\u00fasico brit\u00e1nico durante sus m\u00e1s de diez shows. Ahora lo \u00fanico que queda por develar es el d\u00eda que se pondr\u00e1 a la venta las entradas para el recital y el precio que tendr\u00e1n los tickets.<![endif]--><!--[if gte mso 10]> <\/style>\n\n <![endif]--><\/p>\n","protected":false},"excerpt":{"rendered":"<p>A trav\u00e9s de una nota en el websitede la emisora argentina FM Rock &amp; Pop, se dio a conocer que Morrissey visitar\u00e1 Latinoam\u00e9rica esta a\u00f1o. Recordemos que a principios de 2013 hubo rumores que ubicaban al cantante en nuestro continente,&nbsp;de hecho una productora venezolana lo ten\u00eda firmado, pero todo se vio cancelado (o pospuesto) debido [&hellip;]<\/p>\n","protected":false},"author":4,"featured_media":100007418,"comment_status":"open","ping_status":"open","sticky":false,"template":"","format":"standard","meta":{"_jetpack_memberships_contains_paid_content":false,"footnotes":""},"categories":[142],"tags":[],"class_list":["post-7418","post","type-post","status-publish","format-standard","has-post-thumbnail","hentry","category-buzznews"],"jetpack_featured_media_url":"https:\/\/www.oidossucios.com\/site\/wp-content\/uploads\/2013\/06\/7418.jpg","yoast_head":"<!-- This site is optimized with the Yoast SEO plugin v14.0.4 - https:\/\/yoast.com\/wordpress\/plugins\/seo\/ -->\n<title>Se confirma concierto de Morrissey en Argentina - OidosSucios.Com<\/title>\n<meta name=\"robots\" content=\"index, follow\" \/>\n<meta name=\"googlebot\" content=\"index, follow, max-snippet:-1, max-image-preview:large, max-video-preview:-1\" \/>\n<meta name=\"bingbot\" content=\"index, follow, max-snippet:-1, max-image-preview:large, max-video-preview:-1\" \/>\n<link rel=\"canonical\" href=\"https:\/\/www.oidossucios.com\/site\/se-confirma-concierto-de-morrissey-en-argentina\/\" \/>\n<meta property=\"og:locale\" content=\"es_ES\" \/>\n<meta property=\"og:type\" content=\"article\" \/>\n<meta property=\"og:title\" content=\"Se confirma concierto de Morrissey en Argentina - OidosSucios.Com\" \/>\n<meta property=\"og:description\" content=\"A trav\u00e9s de una nota en el websitede la emisora argentina FM Rock &amp; Pop, se dio a conocer que Morrissey visitar\u00e1 Latinoam\u00e9rica esta a\u00f1o. Recordemos que a principios de 2013 hubo rumores que ubicaban al cantante en nuestro continente,&nbsp;de hecho una productora venezolana lo ten\u00eda firmado, pero todo se vio cancelado (o pospuesto) debido [&hellip;]\" \/>\n<meta property=\"og:url\" content=\"https:\/\/www.oidossucios.com\/site\/se-confirma-concierto-de-morrissey-en-argentina\/\" \/>\n<meta property=\"og:site_name\" content=\"OidosSucios.Com\" \/>\n<meta property=\"article:published_time\" content=\"2013-06-14T07:01:00+00:00\" \/>\n<meta property=\"og:image\" content=\"https:\/\/www.oidossucios.com\/site\/wp-content\/uploads\/2013\/06\/7418.jpg\" \/>\n\t<meta property=\"og:image:width\" content=\"350\" \/>\n\t<meta property=\"og:image:height\" content=\"300\" \/>\n<meta name=\"twitter:card\" content=\"summary_large_image\" \/>\n<meta name=\"twitter:creator\" content=\"@oidossucios\" \/>\n<script type=\"application\/ld+json\" class=\"yoast-schema-graph\">{\"@context\":\"https:\/\/schema.org\",\"@graph\":[{\"@type\":\"WebSite\",\"@id\":\"https:\/\/www.oidossucios.com\/site\/#website\",\"url\":\"https:\/\/www.oidossucios.com\/site\/\",\"name\":\"OidosSucios.Com\",\"description\":\"M\\u00fasica, conciertos, discos\",\"potentialAction\":[{\"@type\":\"SearchAction\",\"target\":\"https:\/\/www.oidossucios.com\/site\/?s={search_term_string}\",\"query-input\":\"required name=search_term_string\"}],\"inLanguage\":\"es\"},{\"@type\":\"ImageObject\",\"@id\":\"https:\/\/www.oidossucios.com\/site\/se-confirma-concierto-de-morrissey-en-argentina\/#primaryimage\",\"inLanguage\":\"es\",\"url\":\"https:\/\/www.oidossucios.com\/site\/wp-content\/uploads\/2013\/06\/7418.jpg\",\"width\":350,\"height\":300},{\"@type\":\"WebPage\",\"@id\":\"https:\/\/www.oidossucios.com\/site\/se-confirma-concierto-de-morrissey-en-argentina\/#webpage\",\"url\":\"https:\/\/www.oidossucios.com\/site\/se-confirma-concierto-de-morrissey-en-argentina\/\",\"name\":\"Se confirma concierto de Morrissey en Argentina - OidosSucios.Com\",\"isPartOf\":{\"@id\":\"https:\/\/www.oidossucios.com\/site\/#website\"},\"primaryImageOfPage\":{\"@id\":\"https:\/\/www.oidossucios.com\/site\/se-confirma-concierto-de-morrissey-en-argentina\/#primaryimage\"},\"datePublished\":\"2013-06-14T07:01:00+00:00\",\"dateModified\":\"2013-06-14T07:01:00+00:00\",\"author\":{\"@id\":\"https:\/\/www.oidossucios.com\/site\/#\/schema\/person\/24559eeb76bf83a63296fb072393a688\"},\"inLanguage\":\"es\",\"potentialAction\":[{\"@type\":\"ReadAction\",\"target\":[\"https:\/\/www.oidossucios.com\/site\/se-confirma-concierto-de-morrissey-en-argentina\/\"]}]},{\"@type\":[\"Person\"],\"@id\":\"https:\/\/www.oidossucios.com\/site\/#\/schema\/person\/24559eeb76bf83a63296fb072393a688\",\"name\":\"Oidossucios\",\"image\":{\"@type\":\"ImageObject\",\"@id\":\"https:\/\/www.oidossucios.com\/site\/#personlogo\",\"inLanguage\":\"es\",\"url\":\"https:\/\/secure.gravatar.com\/avatar\/74fcb480f42f1a33e50a0b6e6369a3f907be2e43dc84fa5f76c66e9c22b4a5ab?s=96&d=mm&r=g\",\"caption\":\"Oidossucios\"},\"sameAs\":[\"https:\/\/twitter.com\/oidossucios\"]}]}<\/script>\n<!-- \/ Yoast SEO plugin. -->","jetpack_sharing_enabled":true,"_links":{"self":[{"href":"https:\/\/www.oidossucios.com\/site\/wp-json\/wp\/v2\/posts\/7418","targetHints":{"allow":["GET"]}}],"collection":[{"href":"https:\/\/www.oidossucios.com\/site\/wp-json\/wp\/v2\/posts"}],"about":[{"href":"https:\/\/www.oidossucios.com\/site\/wp-json\/wp\/v2\/types\/post"}],"author":[{"embeddable":true,"href":"https:\/\/www.oidossucios.com\/site\/wp-json\/wp\/v2\/users\/4"}],"replies":[{"embeddable":true,"href":"https:\/\/www.oidossucios.com\/site\/wp-json\/wp\/v2\/comments?post=7418"}],"version-history":[{"count":0,"href":"https:\/\/www.oidossucios.com\/site\/wp-json\/wp\/v2\/posts\/7418\/revisions"}],"wp:featuredmedia":[{"embeddable":true,"href":"https:\/\/www.oidossucios.com\/site\/wp-json\/wp\/v2\/media\/100007418"}],"wp:attachment":[{"href":"https:\/\/www.oidossucios.com\/site\/wp-json\/wp\/v2\/media?parent=7418"}],"wp:term":[{"taxonomy":"category","embeddable":true,"href":"https:\/\/www.oidossucios.com\/site\/wp-json\/wp\/v2\/categories?post=7418"},{"taxonomy":"post_tag","embeddable":true,"href":"https:\/\/www.oidossucios.com\/site\/wp-json\/wp\/v2\/tags?post=7418"}],"curies":[{"name":"wp","href":"https:\/\/api.w.org\/{rel}","templated":true}]}}