{"id":7419,"date":"2013-06-14T07:08:00","date_gmt":"2013-06-14T07:08:00","guid":{"rendered":"https:\/\/www.oidossucios.com\/site\/2013\/06\/14\/falta-poco-para-la-fiesta-de-la-musica-2013\/"},"modified":"2013-06-14T07:08:00","modified_gmt":"2013-06-14T07:08:00","slug":"falta-poco-para-la-fiesta-de-la-musica-2013","status":"publish","type":"post","link":"https:\/\/www.oidossucios.com\/site\/falta-poco-para-la-fiesta-de-la-musica-2013\/","title":{"rendered":"Falta poco para la Fiesta de la M\u00fasica 2013"},"content":{"rendered":"<p>La Embajada de Francia, la Alianza Francesa y Estaci\u00f3n Inal\u00e1mbrica organizan la Fiesta de la M\u00fasica edici\u00f3n Venezuela. Con casi 50 estaciones musicales en los municipios Chacao, Baruta, Libertador, El Hatillo, Sucre y el Estado Miranda, se celebra nuevamente la Fiesta de la M\u00fasica, un evento que por tercer a\u00f1o consecutivo versiona en Caracas un evento que se realiza en Francia desde hace ya 32 a\u00f1os.<\/p>\n<p>Como parte de las novedades este a\u00f1o la Fiesta de la M\u00fasica en Venezuela, contar\u00e1 con la presencia de un piano de cola en la estaci\u00f3n Gare du Nord&nbsp;ubicada frente a la avenida principal de las Mercedes, espacio que pertenece al Municipio Baruta. En esta estaci\u00f3n los pianistas postulados, que s\u00f3lo deben ser solistas, contar\u00e1n con hasta 20 minutos para tocar su repertorio.<\/p>\n<p>Adem\u00e1s, contaremos con la presencia de Juan Carlos Ballesta (editor de la Revista La Dosis) y Germain Coronado (el Llanero El\u00e9ctrico) quienes ofrecer\u00e1n&nbsp; actividades pedag\u00f3gicas gratuitas como parte del programa de la Fiesta de la M\u00fasica en el espacio cultural La Pizarra en el Centro Comercial Millenium Mall el Municipio Sucre. Estas actividades ser\u00e1n el d\u00eda martes 11 de junio de 2013 en horario de 6:00 a 8:30.<\/p>\n<p>A partir de las 2:00 de la tarde el s\u00e1bado 15 de junio, m\u00fasicos de diversos g\u00e9neros musicales se adaptan al formato de calle para recorrer los circuitos musicales en los que cada Estaci\u00f3n Musical recibir\u00e1 a m\u00e1s de 4 agrupaciones.<\/p>\n<p>Un evento que conserva sus ra\u00edces en Francia pero que extiende sus ramas por toda Venezuela, volviendo a Caracas un acorde sensible y ac\u00fastico para los ciudadanos.<\/p>\n<p>Para ver las rutas de todos los municipios pueden entrar en&nbsp;&nbsp;<a target=\"_blank\" href=\"http:\/\/www.radarsystems.net\/aa\/l.php?A=865&amp;L=23803&amp;C=84308&amp;U=link_1&amp;ID=rg@oidossucios.com&amp;redirect=http:\/\/www.fiestadelamusica.com.ve\" rel=\"noopener noreferrer\">www.fiestadelamusica.com.ve<\/a>&nbsp;y pisar el bot\u00f3n&nbsp;RUTA 2013.&nbsp;<![endif]--><!--[if gte mso 10]> <\/style>\n\n <![endif]--><\/p>\n","protected":false},"excerpt":{"rendered":"<p>Los caraque\u00f1os y mirandinos podr\u00e1n caminar este s\u00e1bado 15 de junio de 2:00 a 6:00 de la tarde para rendirle un merecido tributo a la m\u00fasica.<\/p>\n","protected":false},"author":4,"featured_media":100007419,"comment_status":"open","ping_status":"open","sticky":false,"template":"","format":"standard","meta":{"_jetpack_memberships_contains_paid_content":false,"footnotes":""},"categories":[250],"tags":[],"class_list":["post-7419","post","type-post","status-publish","format-standard","has-post-thumbnail","hentry","category-noticias"],"jetpack_featured_media_url":"https:\/\/www.oidossucios.com\/site\/wp-content\/uploads\/2013\/06\/7419.jpg","yoast_head":"<!-- This site is optimized with the Yoast SEO plugin v14.0.4 - https:\/\/yoast.com\/wordpress\/plugins\/seo\/ -->\n<title>Falta poco para la Fiesta de la M\u00fasica 2013 - OidosSucios.Com<\/title>\n<meta name=\"description\" content=\"Los caraque\u00f1os y mirandinos podr\u00e1n caminar este s\u00e1bado 15 de junio de 2:00 a 6:00 de la tarde para rendirle un merecido tributo a la m\u00fasica.\" \/>\n<meta name=\"robots\" content=\"index, follow\" \/>\n<meta name=\"googlebot\" content=\"index, follow, max-snippet:-1, max-image-preview:large, max-video-preview:-1\" \/>\n<meta name=\"bingbot\" content=\"index, follow, max-snippet:-1, max-image-preview:large, max-video-preview:-1\" \/>\n<link rel=\"canonical\" href=\"https:\/\/www.oidossucios.com\/site\/falta-poco-para-la-fiesta-de-la-musica-2013\/\" \/>\n<meta property=\"og:locale\" content=\"es_ES\" \/>\n<meta property=\"og:type\" content=\"article\" \/>\n<meta property=\"og:title\" content=\"Falta poco para la Fiesta de la M\u00fasica 2013 - OidosSucios.Com\" \/>\n<meta property=\"og:description\" content=\"Los caraque\u00f1os y mirandinos podr\u00e1n caminar este s\u00e1bado 15 de junio de 2:00 a 6:00 de la tarde para rendirle un merecido tributo a la m\u00fasica.\" \/>\n<meta property=\"og:url\" content=\"https:\/\/www.oidossucios.com\/site\/falta-poco-para-la-fiesta-de-la-musica-2013\/\" \/>\n<meta property=\"og:site_name\" content=\"OidosSucios.Com\" \/>\n<meta property=\"article:published_time\" content=\"2013-06-14T07:08:00+00:00\" \/>\n<meta property=\"og:image\" content=\"https:\/\/www.oidossucios.com\/site\/wp-content\/uploads\/2013\/06\/7419.jpg\" \/>\n\t<meta property=\"og:image:width\" content=\"350\" \/>\n\t<meta property=\"og:image:height\" content=\"300\" \/>\n<meta name=\"twitter:card\" content=\"summary_large_image\" \/>\n<meta name=\"twitter:creator\" content=\"@oidossucios\" \/>\n<script type=\"application\/ld+json\" class=\"yoast-schema-graph\">{\"@context\":\"https:\/\/schema.org\",\"@graph\":[{\"@type\":\"WebSite\",\"@id\":\"https:\/\/www.oidossucios.com\/site\/#website\",\"url\":\"https:\/\/www.oidossucios.com\/site\/\",\"name\":\"OidosSucios.Com\",\"description\":\"M\\u00fasica, conciertos, discos\",\"potentialAction\":[{\"@type\":\"SearchAction\",\"target\":\"https:\/\/www.oidossucios.com\/site\/?s={search_term_string}\",\"query-input\":\"required name=search_term_string\"}],\"inLanguage\":\"es\"},{\"@type\":\"ImageObject\",\"@id\":\"https:\/\/www.oidossucios.com\/site\/falta-poco-para-la-fiesta-de-la-musica-2013\/#primaryimage\",\"inLanguage\":\"es\",\"url\":\"https:\/\/www.oidossucios.com\/site\/wp-content\/uploads\/2013\/06\/7419.jpg\",\"width\":350,\"height\":300},{\"@type\":\"WebPage\",\"@id\":\"https:\/\/www.oidossucios.com\/site\/falta-poco-para-la-fiesta-de-la-musica-2013\/#webpage\",\"url\":\"https:\/\/www.oidossucios.com\/site\/falta-poco-para-la-fiesta-de-la-musica-2013\/\",\"name\":\"Falta poco para la Fiesta de la M\\u00fasica 2013 - OidosSucios.Com\",\"isPartOf\":{\"@id\":\"https:\/\/www.oidossucios.com\/site\/#website\"},\"primaryImageOfPage\":{\"@id\":\"https:\/\/www.oidossucios.com\/site\/falta-poco-para-la-fiesta-de-la-musica-2013\/#primaryimage\"},\"datePublished\":\"2013-06-14T07:08:00+00:00\",\"dateModified\":\"2013-06-14T07:08:00+00:00\",\"author\":{\"@id\":\"https:\/\/www.oidossucios.com\/site\/#\/schema\/person\/24559eeb76bf83a63296fb072393a688\"},\"description\":\"Los caraque\\u00f1os y mirandinos podr\\u00e1n caminar este s\\u00e1bado 15 de junio de 2:00 a 6:00 de la tarde para rendirle un merecido tributo a la m\\u00fasica.\",\"inLanguage\":\"es\",\"potentialAction\":[{\"@type\":\"ReadAction\",\"target\":[\"https:\/\/www.oidossucios.com\/site\/falta-poco-para-la-fiesta-de-la-musica-2013\/\"]}]},{\"@type\":[\"Person\"],\"@id\":\"https:\/\/www.oidossucios.com\/site\/#\/schema\/person\/24559eeb76bf83a63296fb072393a688\",\"name\":\"Oidossucios\",\"image\":{\"@type\":\"ImageObject\",\"@id\":\"https:\/\/www.oidossucios.com\/site\/#personlogo\",\"inLanguage\":\"es\",\"url\":\"https:\/\/secure.gravatar.com\/avatar\/74fcb480f42f1a33e50a0b6e6369a3f907be2e43dc84fa5f76c66e9c22b4a5ab?s=96&d=mm&r=g\",\"caption\":\"Oidossucios\"},\"sameAs\":[\"https:\/\/twitter.com\/oidossucios\"]}]}<\/script>\n<!-- \/ Yoast SEO plugin. -->","jetpack_sharing_enabled":true,"_links":{"self":[{"href":"https:\/\/www.oidossucios.com\/site\/wp-json\/wp\/v2\/posts\/7419","targetHints":{"allow":["GET"]}}],"collection":[{"href":"https:\/\/www.oidossucios.com\/site\/wp-json\/wp\/v2\/posts"}],"about":[{"href":"https:\/\/www.oidossucios.com\/site\/wp-json\/wp\/v2\/types\/post"}],"author":[{"embeddable":true,"href":"https:\/\/www.oidossucios.com\/site\/wp-json\/wp\/v2\/users\/4"}],"replies":[{"embeddable":true,"href":"https:\/\/www.oidossucios.com\/site\/wp-json\/wp\/v2\/comments?post=7419"}],"version-history":[{"count":0,"href":"https:\/\/www.oidossucios.com\/site\/wp-json\/wp\/v2\/posts\/7419\/revisions"}],"wp:featuredmedia":[{"embeddable":true,"href":"https:\/\/www.oidossucios.com\/site\/wp-json\/wp\/v2\/media\/100007419"}],"wp:attachment":[{"href":"https:\/\/www.oidossucios.com\/site\/wp-json\/wp\/v2\/media?parent=7419"}],"wp:term":[{"taxonomy":"category","embeddable":true,"href":"https:\/\/www.oidossucios.com\/site\/wp-json\/wp\/v2\/categories?post=7419"},{"taxonomy":"post_tag","embeddable":true,"href":"https:\/\/www.oidossucios.com\/site\/wp-json\/wp\/v2\/tags?post=7419"}],"curies":[{"name":"wp","href":"https:\/\/api.w.org\/{rel}","templated":true}]}}